{"id":8537,"date":"2019-04-23T15:53:49","date_gmt":"2019-04-23T19:53:49","guid":{"rendered":"https:\/\/www.cristoverdad.com\/?p=8537"},"modified":"2019-05-30T11:47:41","modified_gmt":"2019-05-30T15:47:41","slug":"la-carne-y-la-ley","status":"publish","type":"post","link":"https:\/\/www.cristoverdad.com\/ru\/la-carne-y-la-ley\/","title":{"rendered":"La Carne y La Ley"},"content":{"rendered":"<p><em><span style=\"color: #56687d; font-family: courier new, courier, monospace;\"><sup>5<\/sup>Y les dec\u00eda: El Hijo del Hombre es Se\u00f1or aun del d\u00eda de reposo. \u2014JES\u00daS DE NAZARET (Lucas 6:5)<\/span><\/em> Ya es tiempo de que el hombre caye y que hable Dios\u2014<!--more continuar \u00bb\u00bb --> <span style=\"color: #6f826d;\"><em><span style=\"font-family: courier new, courier, monospace;\"><sup>6<\/sup>Porque el ocuparse de la carne es muerte, pero el ocuparse del Esp\u00edritu es vida y paz. <\/span><\/em><em><span style=\"font-family: courier new, courier, monospace;\"><sup>7<\/sup>Por cuanto <strong>los designios de la carne son enemistad contra Dios;<\/strong> PORQUE <span style=\"text-decoration: underline;\">NO SE SUJETAN<\/span> A LA LEY DE DIOS, ni tampoco pueden; <\/span><\/em><em><span style=\"font-family: courier new, courier, monospace;\"><sup>8<\/sup>y los que viven seg\u00fan la carne <strong>NO PUEDEN<\/strong> agradar a Dios. \u2014PABLO DE TARSO (Romanos 8:6-8)<\/span><\/em><\/span><\/p>\n<p><em><span style=\"font-family: courier new, courier, monospace; color: #56687d;\"><sup>4<\/sup>Porque as\u00ed dijo Jehov\u00e1: A los eunucos que guarden mis d\u00edas de reposo, y escojan lo que yo quiero, y abracen mi pacto,<\/span><\/em> <span style=\"font-family: courier new, courier, monospace;\"><em><span style=\"color: #56687d;\"><sup>5<\/sup>yo les dar\u00e9 lugar en mi casa y dentro de mis muros, y nombre mejor que el de hijos e hijas; nombre perpetuo les dar\u00e9, que nunca perecer\u00e1.<\/span><\/em><\/span> <span style=\"font-family: courier new, courier, monospace;\"><em><span style=\"color: #56687d;\"><sup>6<\/sup>Y a los hijos de <strong>LOS EXTRANJEROS<\/strong> que sigan a Jehov\u00e1 para servirle, y que amen el nombre de Jehov\u00e1 para ser sus siervos; <strong>A TODOS LOS QUE GUARDEN EL D\u00cdA DE REPOSOPARA NO PROFANARLO<\/strong>, y abracen mi pacto,<\/span><\/em><\/span> <span style=\"font-family: courier new, courier, monospace;\"><em><span style=\"color: #56687d;\"><sup>7<\/sup>yo los llevar\u00e9 a mi santo monte, y los recrear\u00e9 en mi casa de oraci\u00f3n; sus holocaustos y sus sacrificios ser\u00e1n aceptos sobre mi altar; porque mi casa ser\u00e1 llamada casa de oraci\u00f3n para todos los pueblos.<\/span><\/em><\/span> <span style=\"font-family: courier new, courier, monospace;\"><em><span style=\"color: #56687d;\"><sup>8<\/sup>DICE JEHOV\u00c1 EL SE\u00d1OR, el que re\u00fane a los dispersos de Israel: A\u00fan juntar\u00e9 sobre \u00e9l a sus congregados. \u2014ISA\u00cdAS (Profeta de Dios) 56:4-8<\/span><\/em><\/span><\/p>\n<p><span style=\"font-family: courier new, courier, monospace; color: #6f826d;\"><em><sup>1<strong>0<\/strong><\/sup><strong>Si guardareis mis mandamientos<\/strong>, permanecer\u00e9is en mi amor; AS\u00cd COMO YO HE GUARDADO LOS MANDAMIENTOS de mi Padre, y permanezco en su amor. \u2014JES\u00daS DE NAZARET (Juan 15:10)<\/em><\/span><\/p>\n<p>Al\u00e1bale que hoy es su d\u00eda, porque as\u00ed as\u00ed dijo Jehov\u00e1.<strong> Fel\u00edz S\u00e1bado Para Todos.<\/strong> <em>\u2014JOS\u00c9 LUIS JAVIER<\/em> Tema recomendado:<\/p>\n<pre class contenteditable=\"true\"><code> <style> #h5vp69f2aa730f5d5 .h5vp_video_overlay{ top:10px; left:10px; } .popup_close_btn { display:none }.h5vp_player.popup_close .plyr { display:none }.h5vp_popup_wrapper.popup_close video { display:none }#h5vp69f2aa730f5d5 video { max-width:100% }#h5vp69f2aa730f5d5 { border-radius:0px }#h5vp69f2aa730f5d5 { overflow:hidden }#h5vp69f2aa730f5d5 .h5vp_video_overlay p { color:#fff }#h5vp69f2aa730f5d5 .h5vp_video_overlay p { font-size:20px }#h5vp69f2aa730f5d5 { width:100% }#h5vp69f2aa730f5d5 .h5vp_popup svg { background:#1ABAFF }#h5vp69f2aa730f5d5 .h5vp_video_overlay p:hover { color:#222 } <\/style>         <div> \n        <div data-unique-id=\"69f2aa730fa2f\" class=\"h5vp_player h5vp_player_initializer\" id=\"h5vp69f2aa730f5d5\" data-settings=\"{&quot;options&quot;:{&quot;playsinline&quot;:false,&quot;controls&quot;:{&quot;play-large&quot;:&quot;show&quot;,&quot;restart&quot;:&quot;mobile&quot;,&quot;rewind&quot;:&quot;mobile&quot;,&quot;play&quot;:&quot;show&quot;,&quot;fast-forward&quot;:&quot;mobile&quot;,&quot;progress&quot;:&quot;show&quot;,&quot;current-time&quot;:&quot;show&quot;,&quot;duration&quot;:&quot;show&quot;,&quot;mute&quot;:&quot;show&quot;,&quot;volume&quot;:&quot;show&quot;,&quot;captions&quot;:&quot;show&quot;,&quot;settings&quot;:&quot;show&quot;,&quot;pip&quot;:&quot;hide&quot;,&quot;airplay&quot;:&quot;mobile&quot;,&quot;download&quot;:&quot;mobile&quot;,&quot;fullscreen&quot;:&quot;show&quot;},&quot;tooltips&quot;:{&quot;controls&quot;:true,&quot;seek&quot;:true},&quot;seekTime&quot;:10,&quot;loop&quot;:{&quot;active&quot;:false},&quot;autoplay&quot;:false,&quot;muted&quot;:false,&quot;hideControls&quot;:true,&quot;resetOnEnd&quot;:true,&quot;captions&quot;:{&quot;active&quot;:true,&quot;update&quot;:true},&quot;ratio&quot;:&quot;&quot;,&quot;ads&quot;:{&quot;enabled&quot;:false}},&quot;infos&quot;:{&quot;id&quot;:29259,&quot;startTime&quot;:0,&quot;autoplayWhenVisible&quot;:false,&quot;popup&quot;:false,&quot;popupBtnExists&quot;:false,&quot;popupBtnClass&quot;:&quot;&quot;,&quot;sticky&quot;:false,&quot;stickyPosition&quot;:&quot;top-right&quot;,&quot;protected&quot;:false,&quot;video&quot;:{&quot;source&quot;:&quot;https:\\\/\\\/cvpull.b-cdn.net\\\/temas\\\/El%20S%C3%A1bado%20y%20La%20L%C3%B3gica-El%20D%C3%ADa%20del%20Se%C3%B1or%20y%20El%20%C3%81rbol%20de%20La%20Ciencia.mp4&quot;,&quot;poster&quot;:&quot;https:\\\/\\\/www.cristoverdad.com\\\/wp-content\\\/uploads\\\/2018\\\/06\\\/01_Cover.jpg&quot;,&quot;quality&quot;:[],&quot;subtitle&quot;:[]},&quot;provider&quot;:&quot;library&quot;,&quot;branding&quot;:false,&quot;endscreen&quot;:false,&quot;endscreen_text&quot;:&quot;Lorem ipsum dolor sit amet.&quot;,&quot;endscreen_text_link&quot;:&quot;https:\\\/\\\/&quot;,&quot;streaming&quot;:false,&quot;propagans&quot;:&quot;&quot;,&quot;streamingType&quot;:&quot;hls&quot;,&quot;disableDownload&quot;:false,&quot;disablePause&quot;:false,&quot;thumbInPause&quot;:false,&quot;FYT&quot;:false,&quot;chapters&quot;:[],&quot;isCDURL&quot;:false,&quot;CDURL&quot;:false,&quot;watermark&quot;:{&quot;type&quot;:&quot;email&quot;,&quot;enabled&quot;:false,&quot;text&quot;:&quot;&quot;},&quot;saveState&quot;:true,&quot;count&quot;:false,&quot;captionEnabled&quot;:false,&quot;analyticsEnabled&quot;:false}}\" video-id=\"226\" style=\"--plyr-color-main: #1ABAFF;\">\n            <div id class=\"h5vp_wrapper\">\n\t\t\t<!-- sticky close  -->\n\t\t\t<!-- <div class=\"sticky_close\">&times;<\/div> -->\n\t\t\t<div class=\"popup_close_btn\">&times;<\/div>\n            <div class=\"h5vp_popup_overlay\"><\/div>\n\t\t\t\n\t\t\t\t\t\t\t<!-- for library  -->\n\t\t\t\t\t\t\t\t<noscript><video crossorigin=\"anonymous\" data-poster=\"https:\/\/www.cristoverdad.com\/wp-content\/uploads\/2018\/06\/01_Cover.jpg\" preload=\"metadata\">\n                    <source src=\"https:\/\/cvpull.b-cdn.net\/temas\/El%20S%C3%A1bado%20y%20La%20L%C3%B3gica-El%20D%C3%ADa%20del%20Se%C3%B1or%20y%20El%20%C3%81rbol%20de%20La%20Ciencia.mp4\" size=\"720\" type=\"video\/mp4\">\n                                        \n                    \t\t\t\t<\/video><\/noscript><video crossorigin=\"anonymous\" data-poster=\"https:\/\/www.cristoverdad.com\/wp-content\/uploads\/2018\/06\/01_Cover.jpg\" preload=\"none\" class=\" lazyload\">\n                    <source src=\"https:\/\/cvpull.b-cdn.net\/temas\/El%20S%C3%A1bado%20y%20La%20L%C3%B3gica-El%20D%C3%ADa%20del%20Se%C3%B1or%20y%20El%20%C3%81rbol%20de%20La%20Ciencia.mp4\" size=\"720\" type=\"video\/mp4\">\n                                        \n                    \t\t\t\t<\/video>\n\n\t\t\t\t<!-- for youtube -->\n\t\t\t\t\t\t\t\t\t\t<\/div><\/div>\n        <\/div>\n        <\/code><\/pre>\n<p>Estudios B\u00edblicos y Art\u00edculos recomendados: <a class=\"VimeoWhatsApp\" href=\"https:\/\/www.cristoverdad.com\/jesus-pablo-y-la-ley\/\" target=\"_blank\" rel=\"noopener noreferrer\">[1]<span class=\"VimeoWhatsAppText\"><i> <em>Jes\u00fas \"vs.\" Pablo y La Ley \u2014 Lo Que Pas\u00f3 en La Cruz [ESTUDIO, CristoVerdad]<\/em><\/i><\/span><\/a> <a class=\"VimeoWhatsApp\" href=\"https:\/\/www.cristoverdad.com\/los-judios-la-ley-y-tu\/\" target=\"_blank\" rel=\"noopener noreferrer\">[2]<i> <em><span class=\"VimeoWhatsAppText\"><i>La Ley\uff0cLos Jud\u00edos &amp; T\u00fa [ESTUDIO, CristoVerdad]<\/i><\/span><\/em><\/i><\/a> <a class=\"tooltip\" href=\"https:\/\/www.cristoverdad.com\/juan-los-discipulos-y-el-dia-del-senor\/\" target=\"_blank\" rel=\"noopener noreferrer\">[3]<i> <em><span class=\"tooltiptext\"><i>Juan, Los Disc\u00edpulos y El D\u00eda del Se\u00f1or [ESTUDIO, CristoVerdad]<\/i><\/span><\/em><\/i><\/a> \u2014\u2014\u2014\u2014\u2014\u2014\u2014\u2014\u2014\u2014\u2014- \u00danete a CristoVerdad. Suscr\u00edbete a nuestro nuevo canal de <a class=\"VimeoWhatsApp\" href=\"http:\/\/www.vimeo.com\/cristoverdad\" target=\"_blank\" rel=\"noopener noreferrer\">Vimeo <em><span class=\"VimeoWhatsAppText\">Suscr\u00edbete a Nuestro Canal de Vimeo<\/span><\/em><\/a>. Comparte esta invitaci\u00f3n, y se parte de nuestro grupo de <a class=\"VimeoWhatsApp\" href=\"https:\/\/www.cristoverdad.com\/whatsapp\/\" target=\"_blank\" rel=\"noopener noreferrer\">WhatsApp <em><span class=\"VimeoWhatsAppText\">Suscr\u00edbete a Nuestro Grupo de WhatsApp<\/span><\/em><\/a>. Al suscribirte, no olvides dejarnos tu nombre. Prohibidas las obscenidades. Comparte y se parte de la bendici\u00f3n. \u2014\u2014\u2014\u2014\u2014\u2014\u2014\u2014\u2014\u2014\u2014- <em>Y conocer\u00e9is la verdad\u2026 <\/em> <em><strong>\u2014CristoVerdad<\/strong><\/em> <a class=\"VimeoWhatsApp\" href=\"https:\/\/www.cristoverdad.com\" rel=\"noopener\">http:\/www.cristoverdad.com <em><span class=\"VimeoWhatsAppText\">Ir a la p\u00e1gina frontal<\/span><\/em><\/a><\/p>\n<p class=\"postNOTA\">NOTA: N\u00fameros entre corchetes azules [ ] enlazan a Material Suplementario. Las fotos tambi\u00e9n expanden el contenido: videos, noticias, enlaces, etc.<\/p>\n<p class=\"postLINKS\">FUENTES Y ENLACES <a class=\"cites\" href=\"https:\/\/www.cristoverdad.com\/jesus-pablo-y-la-ley\/\" target=\"_blank\" rel=\"noopener noreferrer\">[1] Jes\u00fas \"vs.\" Pablo y La Ley \u2014 Lo Que Pas\u00f3 en La Cruz [ESTUDIO, CristoVerdad]<\/a> <a class=\"cites\" href=\"https:\/\/www.cristoverdad.com\/los-judios-la-ley-y-tu\/\" target=\"_blank\" rel=\"noopener noreferrer\">[2] La Ley\uff0cLos Jud\u00edos &amp; T\u00fa [ESTUDIO, CristoVerdad]<\/a> <a class=\"cites\" href=\"https:\/\/www.cristoverdad.com\/juan-los-discipulos-y-el-dia-del-senor\/\" target=\"_blank\" rel=\"noopener noreferrer\">[3] Juan, Los Disc\u00edpulos y El D\u00eda del Se\u00f1or [ESTUDIO, CristoVerdad]<\/a><\/p>\n<p>Si tiene alg\u00fan comentario, h\u00e1galo llenando el formulario m\u00e1s abajo. Sus comentarios ser\u00e1n publicados. Si desea escribirnos en privado, h\u00e1galo atrav\u00e9s de la secci\u00f3n de informaci\u00f3n, y seleccione contacto.<\/p>\n","protected":false},"excerpt":{"rendered":"<p>5Y les dec\u00eda: El Hijo del Hombre es Se\u00f1or aun del d\u00eda de reposo. \u2014JES\u00daS DE NAZARET (Lucas 6:5) Ya es tiempo de que el hombre caye y que hable Dios\u2014<\/p>","protected":false},"author":259,"featured_media":8538,"comment_status":"open","ping_status":"open","sticky":false,"template":"","format":"standard","meta":{"_et_pb_use_builder":"","_et_pb_old_content":"","_et_gb_content_width":"","footnotes":""},"categories":[26,69],"tags":[],"class_list":["post-8537","post","type-post","status-publish","format-standard","has-post-thumbnail","hentry","category-estudios-biblicos","category-sabado"],"_links":{"self":[{"href":"https:\/\/www.cristoverdad.com\/ru\/wp-json\/wp\/v2\/posts\/8537","targetHints":{"allow":["GET"]}}],"collection":[{"href":"https:\/\/www.cristoverdad.com\/ru\/wp-json\/wp\/v2\/posts"}],"about":[{"href":"https:\/\/www.cristoverdad.com\/ru\/wp-json\/wp\/v2\/types\/post"}],"author":[{"embeddable":true,"href":"https:\/\/www.cristoverdad.com\/ru\/wp-json\/wp\/v2\/users\/259"}],"replies":[{"embeddable":true,"href":"https:\/\/www.cristoverdad.com\/ru\/wp-json\/wp\/v2\/comments?post=8537"}],"version-history":[{"count":0,"href":"https:\/\/www.cristoverdad.com\/ru\/wp-json\/wp\/v2\/posts\/8537\/revisions"}],"wp:featuredmedia":[{"embeddable":true,"href":"https:\/\/www.cristoverdad.com\/ru\/wp-json\/wp\/v2\/media\/8538"}],"wp:attachment":[{"href":"https:\/\/www.cristoverdad.com\/ru\/wp-json\/wp\/v2\/media?parent=8537"}],"wp:term":[{"taxonomy":"category","embeddable":true,"href":"https:\/\/www.cristoverdad.com\/ru\/wp-json\/wp\/v2\/categories?post=8537"},{"taxonomy":"post_tag","embeddable":true,"href":"https:\/\/www.cristoverdad.com\/ru\/wp-json\/wp\/v2\/tags?post=8537"}],"curies":[{"name":"wp","href":"https:\/\/api.w.org\/{rel}","templated":true}]}}