{"id":14255,"date":"2019-09-20T18:45:52","date_gmt":"2019-09-20T22:45:52","guid":{"rendered":"https:\/\/www.cristoverdad.com\/?p=14255"},"modified":"2019-09-23T09:18:52","modified_gmt":"2019-09-23T13:18:52","slug":"la-ley-vs-la-ley-enfrentando-el-error-parte-2","status":"publish","type":"post","link":"https:\/\/www.cristoverdad.com\/ru\/la-ley-vs-la-ley-enfrentando-el-error-parte-2\/","title":{"rendered":"LA LEY vs. LA LEY, Enfrentando el Error \u2013 Parte 2"},"content":{"rendered":"<p><em><span style=\"color: #4d617a; font-family: courier new, courier, monospace;\"><span id=\"es-RVA-18757\" class=\"text Isa-56-3\"><\/span><span style=\"font-size: 10px;\"><sup>7<\/sup><\/span>Mas ellos, cual Ad\u00e1n, traspasaron el pacto; all\u00ed prevaricaron contra m\u00ed. \u2014OSEAS 6:7<br>\n<\/span><\/em><\/p>\n<div class=\"postHover\"><a href=\"#\"><!--more continuar \u00bb\u00bb --> <\/a><\/div>\n<span class=\"su-label su-label-type-info\">LEY<\/span><span class=\"su-label su-label-type-info\">DEBATE<\/span><span class=\"su-label su-label-type-info\">ESTUDIO<\/span> PARTE <a class=\"tooltip\" href=\"https:\/\/www.cristoverdad.com\/la-ley-vs-la-ley-enfrentando-el-error-parte-1\" rel=\"noopener noreferrer\">[1]<span class=\"tooltiptext\">LA LEY y LA LEY, Enfrentando La Ineptitud Evang\u00e9lica, Parte 1 [ESTUDIO, CristoVerdad]<\/span><\/a> [2] <a class=\"tooltip\" href=\"https:\/\/www.cristoverdad.com\/la-ley-vs-la-ley-enfrentando-el-error-parte-3\" rel=\"noopener noreferrer\">[3]<span class=\"tooltiptext\">LA LEY y LA LEY, Enfrentando La Ineptitud Evang\u00e9lica, Parte 3 [ESTUDIO, CristoVerdad]<\/span><\/a>\n<p><span style=\"color: #5a7e9e;\">[8:07 PM, 9\/17\/2019] Jos\u00e9 Luis Javier<\/span><br>\n<strong>\u00bfQuiere Dios destruir al hombre, o que el hombre llegu\u00e9 a arrepentimiento?<\/strong><\/p>\n<p><span style=\"color: #63a863;\">[8:09 PM, 9\/17\/2019] Alex (Evang\u00e9lico)<\/span><br>\n<span style=\"color: #ff0000;\">Depende por qu\u00e9 no me dices cu\u00e1ndo Dios mando un profeta a predicar a las naciones aparte de Jonas?<\/span><\/p>\n<p><strong><span style=\"color: #5a7e9e;\">[EDICI\u00d3N] <\/span><\/strong><span style=\"color: #5a7e9e;\">Jos\u00e9 Luis Javier<\/span><strong><br>\n<\/strong>Bueno, para comenzar, el hecho de que Dios haya enviado a Jon\u00e1s a N\u00ednive para que se arrepienta, seignifica que a Dios le interesa la salvaci\u00f3n de cada ser humano en esta tierra. As\u00ed que es un ejemplo muy malo el que escojiste para justificar tu perversidad. De no ser as\u00ed, entoces la savaci\u00f3n es para los ahabitantes de Israel. \u00bfEs eso lo qu\u00e9 t\u00fa crees?<\/p>\n<p><span style=\"color: #5a7e9e;\">[8:09 PM, 9\/17\/2019] Jos\u00e9 Luis Javier<\/span> <br>\nAdelante.<\/p>\n<p><strong>\u00bfQue tal Balaam? <br>\n<\/strong>O Eliseo&#8230;. Amigo, usted es bien mediocreo, sabe.<\/p>\n<p><span style=\"color: #63a863;\">[8:09 PM, 9\/17\/2019] Alex (Evang\u00e9lico)<\/span> <br>\nQue dijo ?<\/p>\n<p><span style=\"color: #0e9c9c;\">[8:09 PM, 9\/17\/2019] Rafael<\/span><br>\nOs 6:7:<strong>\"<\/strong>Pero mi pueblo,<strong> lo mismo que Ad\u00e1n, ha faltado a mi pacto y me ha sido infiel.\"<\/strong><\/p>\n<p><span style=\"color: #5a7e9e;\"><strong>[EDICI\u00d3N] <\/strong>Jos\u00e9 Luis Javier<br>\n<\/span>Correcto, Rafael. Aqu\u00ed Dios est\u00e1 comparando el pacto que \u00e9lhizo con Israel y el pacto que hizo con Ad\u00e1n, y nos dice que es el mismo pacto. Amigo Alex, por m\u00e1s que le buzque la quinta pata al gato, <strong>el gato solo tiene 4.<\/strong> Y si por casualidad usted encuentra un gato con 5 patas, es porque una est\u00e1 dem\u00e1s\u2014\u00a1es una deformidad!<\/p>\n<p><span style=\"color: #63a863;\">[8:10 PM, 9\/17\/2019] Alex (Evang\u00e9lico)<\/span><br>\nCual fue el pacto que hizo Dios con Ad\u00e1n?<\/p>\n<p><span style=\"color: #63a863;\">[8:10 PM, 9\/17\/2019] Alex (Evang\u00e9lico)<\/span><br>\nResponde<\/p>\n<p><span style=\"color: #5a7e9e;\"><strong>[EDICI\u00d3N] <\/strong>Jos\u00e9 Luis Javier<\/span> <br>\nNo te me deseperes, no se porqu\u00e9 tines tanta prisa de que te hagan quedar mal<\/p>\n<p><span style=\"color: #63a863;\">[8:10 PM, 9\/17\/2019] Alex (Evang\u00e9lico)<\/span> <br>\nResponde<\/p>\n<p><span style=\"color: #5a7e9e;\">[8:10 PM, 9\/17\/2019] Jos\u00e9 Luis Javier<br>\n<\/span>Su santa ley\u2014<\/p>\n<p><span style=\"color: #4d617a;\"><em><span style=\"font-family: courier new, courier, monospace;\"><span style=\"font-size: 10px;\"><sup>5<\/sup><\/span>Y la tierra se inficion\u00f3 bajo sus moradores; porque traspasaron las leyes, falsearon el derecho, <span class=\"su-highlight\" style=\"background:#fff621;color:#1b6d96\">&nbsp;rompieron el pacto sempiterno.&nbsp;<\/span> \u2014ISA\u00cdAS 24:5<\/span><\/em><\/span><\/p>\n<p>Te dejo de tarea que averigues que significa sempiterno.<\/p>\n<p><span style=\"color: #63a863;\">[8:11 PM, 9\/17\/2019] Alex (Evang\u00e9lico)<\/span> <br>\nNo ese pacto fue con Israel \u00e9xodo:31:16-17<\/p>\n<p><span style=\"color: #5a7e9e;\">[8:11 PM, 9\/17\/2019] Jos\u00e9 Luis Javier<\/span> <br>\nISA\u00cdAS 24:5<\/p>\n<p>Una vez m\u00e1s, <strong>\u00bfPec\u00f3 Ad\u00e1n?<\/strong><\/p>\n<p><span style=\"color: #63a863;\">[8:11 PM, 9\/17\/2019] Alex (Evang\u00e9lico)<\/span><br>\nDe qui\u00e9n est\u00e1 hablando hay<\/p>\n<p><span style=\"color: #0e9c9c;\">[8:11 PM, 9\/17\/2019] Rafael<\/span><br>\n<strong>\"La misma ley se aplicar\u00e1 a los nacidos en el pa\u00eds y a los extranjeros que vivan entre vosotros.\u201d\"<\/strong><\/p>\n<p>Tiempo pasado<\/p>\n<p><span style=\"color: #63a863;\">[8:12 PM, 9\/17\/2019] Alex (Evang\u00e9lico)<\/span><br>\nClaro los proselitos<\/p>\n<p><span style=\"color: #5a7e9e;\">[8:12 PM, 9\/17\/2019] Jos\u00e9 Luis Javier<\/span><\/p>\n<p><span style=\"color: #4d617a;\"><em><span style=\"font-family: courier new, courier, monospace;\"><span style=\"font-size: 10px;\"><sup>14<\/sup><\/span><span class=\"su-highlight\" style=\"background:#fff621;color:#1b6d96\">&nbsp;Y no solamente con vosotros hago yo este pacto&nbsp;<\/span> y este juramento,<\/span><\/em><\/span><br>\n<span style=\"color: #4d617a;\"><em><span style=\"font-family: courier new, courier, monospace;\"><sup>15<\/sup>sino con los que est\u00e1n aqu\u00ed presentes hoy con nosotros delante de Jehov\u00e1 nuestro Dios, <span class=\"su-highlight\" style=\"background:#fff621;color:#1b6d96\">&nbsp;y con los que no est\u00e1n aqu\u00ed hoy con nosotros.&nbsp;<\/span> \u2014DEUTERONOMIO 29:14-15<\/span><\/em><\/span><\/p>\n<p><span style=\"color: #5a7e9e;\">[8:12 PM, 9\/17\/2019] Jos\u00e9 Luis Javier<\/span><br>\n<strong>\u00bfHay un mandamiento que dice \"no matar\u00e1s\"?<\/strong><\/p>\n<p><em><\/em><\/p><div class=\"su-box su-box-style-default\" id style=\"border-color:#cc0000;border-radius:3px;max-width:none\"><div class=\"su-box-title\" style=\"background-color:#ff0000;color:#FFFFFF;border-top-left-radius:1px;border-top-right-radius:1px\">AD\u00c1N Y LA LEY<\/div><div class=\"su-box-content su-u-clearfix su-u-trim\" style=\"border-bottom-left-radius:1px;border-bottom-right-radius:1px\"><span style=\"font-size: 10px;\"><sup>7<\/sup><\/span><strong>Mas ellos, cual Ad\u00e1n, traspasaron el pacto; all\u00ed prevaricaron contra m\u00ed.<\/strong> \u2014OSEAS 6:7<\/div><\/div>\n<p><span style=\"color: #63a863;\">[8:12 PM, 9\/17\/2019] Alex (Evang\u00e9lico)<\/span> <br>\nEntonces toda la ley es para el hombre asta el d\u00eda de hoy?<\/p>\n<p><strong><span style=\"color: #5a7e9e;\">[EDICI\u00d3N] <\/span><\/strong><span style=\"color: #5a7e9e;\">Jos\u00e9 Luis Javier<\/span><strong><br>\n<\/strong>Mi amigo, usted si es bruto, <strong>\u00a1caramba!<\/strong><\/p>\n<p><span style=\"color: #5a7e9e;\">[8:12 PM, 9\/17\/2019] Jos\u00e9 Luis Javier<\/span><\/p>\n<p><span style=\"color: #4d617a; font-family: courier new, courier, monospace;\"><em><span class=\"su-highlight\" style=\"background:#fff621;color:#1b6d96\">&nbsp;<span style=\"font-size: 10px;\"><sup>14<\/sup><\/span>Y no solamente con vosotros hago yo este pacto&nbsp;<\/span> y este juramento,<\/em><\/span><br>\n<span style=\"color: #4d617a; font-family: courier new, courier, monospace;\"><em><span style=\"font-size: 10px;\"><sup>15<\/sup><\/span>sino con los que est\u00e1n aqu\u00ed presentes hoy con nosotros delante de Jehov\u00e1 nuestro Dios, <span class=\"su-highlight\" style=\"background:#fff621;color:#1b6d96\">&nbsp;y con los que no est\u00e1n aqu\u00ed hoy con nosotros.&nbsp;<\/span> \u2014DEUTERONOMIO 29:14-15<\/em><\/span><\/p>\n<p><span style=\"color: #5a7e9e;\">[8:13 PM, 9\/17\/2019] Jos\u00e9 Luis Javier<\/span> <br>\nEn efecto. Apocalipsis. 22:14 Ldice que la ley est\u00e1 vigente hasta el d\u00eda de hoy. <strong>\u00a1Le\u00e9lo!<\/strong><\/p>\n<p><strong>\u00bfO solo se van a salvar los jud\u00edos?<\/strong><\/p>\n<p><span style=\"color: #63a863;\">[8:13 PM, 9\/17\/2019] Alex (Evang\u00e9lico)<\/span> <br>\nSi los israelitas que a\u00fan no nac\u00edan. Ok entonces <strong>est\u00e1s circunsidado?<\/strong><\/p>\n<p><span style=\"color: #5a7e9e;\">[8:13 PM, 9\/17\/2019] Jos\u00e9 Luis Javier<\/span> <br>\nNo, el texto (<em>DEUT. 29:14-15<\/em>) habla en presente.<\/p>\n<p><span style=\"color: #63a863;\">[8:14 PM, 9\/17\/2019] Alex (Evang\u00e9lico)<\/span><br>\nSi cumples la ley tenes que Circuncidar<\/p>\n[8:14 PM, 9\/17\/2019] Jos\u00e9 Luis Javier: <strong>\u00bfQu\u00e9 es circuncisi\u00f3n?<\/strong>\n<p>Y pra responderle, \u00a1<strong>si estoy circundado!<\/strong><\/p>\n<p><span style=\"color: #63a863;\">[8:14 PM, 9\/17\/2019] Alex (Evang\u00e9lico)<\/span> <br>\nTener que guardar las fiesas<\/p>\n<p><strong><span style=\"color: #5a7e9e;\">[EDICI\u00d3N] <\/span><\/strong><span style=\"color: #5a7e9e;\">Jos\u00e9 Luis Javier<\/span><strong><br>\n<\/strong>El S\u00e1bado es la primera fiesta solemne del se\u00f1or <em>(LEV. 23)<\/em>, y se guardar\u00e1 por toda la eternidad\u2014dice el se\u00f1or,<\/p>\n<p><span style=\"color: #4d617a; font-family: courier new, courier, monospace;\"><em><span id=\"es-RVR1960-18946\" class=\"text Isa-66-22\"><span style=\"font-size: 10px;\"><sup class=\"versenum\">22<\/sup><\/span><strong>Porque como los cielos nuevos y la nueva tierra que yo hago permanecer\u00e1n delante de m\u00ed<\/strong>, dice Jehov\u00e1, <strong>as\u00ed permanecer\u00e1<\/strong> vuestra descendencia y vuestro nombre. <br>\n<\/span><\/em><\/span><span id=\"es-RVR1960-18947\" class=\"text Isa-66-23\"><span style=\"color: #4d617a; font-family: courier new, courier, monospace;\"><em><span style=\"font-size: 10px;\"><sup class=\"versenum\">23<\/sup><\/span>Y de mes en mes, <span class=\"su-highlight\" style=\"background:#fff621;color:#1b6d96\">&nbsp;y de d\u00eda de reposo en d\u00eda de reposo, vendr\u00e1 TODA CARNE a adorar delante de m\u00ed,&nbsp;<\/span> dijo Jehov\u00e1. \u2014ISA\u00cdAS 66:22-23<\/em><\/span><br>\n<\/span><\/p>\n<p><span style=\"color: #63a863;\">[8:14 PM, 9\/17\/2019] Alex (Evang\u00e9lico)<\/span><br>\n<span style=\"color: #ff0000;\">Tener que hacer sacrificio de animales<\/span><\/p>\n<p><strong><span style=\"color: #5a7e9e;\">[EDICI\u00d3N] <\/span><\/strong><span style=\"color: #5a7e9e;\">Jos\u00e9 Luis Javier<\/span><strong><br>\n<\/strong>Bueno, cuando Cristo vega muchos ser\u00e1n sacrificados por animales que son. \u00bfNo sabes la diferencia entre la ley y la ley ceremonial? Me gustar\u00eda ayudarte con eso, pero esa una perla que no pienso desperdiciar contigo.<\/p>\n<p><span style=\"color: #63a863;\">[8:14 PM, 9\/17\/2019] Alex (Evang\u00e9lico)<\/span> <br>\n<strong>Si es que est\u00e1s bajo ley<\/strong><\/p>\n<p><strong><span style=\"color: #5a7e9e;\">[EDICI\u00d3N] <\/span><\/strong><span style=\"color: #5a7e9e;\">Jos\u00e9 Luis Javier<\/span><strong><br>\n<\/strong>Claro que estoy bajo la ley de Dios. Lo que no estoy es amarrado bajo la ley del pecado, de la cu\u00e1l eres esclavo, y\u2014por la cu\u00e1l, tambi\u00e9n te perder\u00e1s <em>(1 TIM. 1:8-11).<\/em><\/p>\n<p><span style=\"color: #5a7e9e;\">[8:15 PM, 9\/17\/2019] Jos\u00e9 Luis Javier<\/span><br>\n<strong>\u00bfEra solo para Israel la circuncisi\u00f3n?<\/strong><\/p>\n<p><span style=\"color: #63a863;\">[8:15 PM, 9\/17\/2019] Alex (Evang\u00e9lico)<\/span><br>\nLa ley y los profetas fueron asta Juan el Bautista de acuerdo<\/p>\n<p><strong><span style=\"color: #5a7e9e;\">[EDICI\u00d3N] <\/span><\/strong><span style=\"color: #5a7e9e;\">Jos\u00e9 Luis Javier<\/span><strong><br>\n<\/strong>Mi amigo, usted si es bruto. Lea Apocalipsis 22..<\/p>\n<p><span style=\"color: #63a863;\">[8:15 PM, 9\/17\/2019] Alex (Evang\u00e9lico)<\/span> <br>\nY de hay en adelante que?<\/p>\n<p><span style=\"color: #5a7e9e;\">[8:16 PM, 9\/17\/2019] Jos\u00e9 Luis Javier<\/span> <br>\nExpl\u00edqueme Apocalipsis 22:14.\u2026<strong>\u00daltimo cap\u00edtulo de la Biblia, \u00a1y hablando de la ley!<\/strong><\/p>\n<p><span style=\"color: #63a863;\">[8:16 PM, 9\/17\/2019] Alex (Evang\u00e9lico)<\/span> <br>\nEscribe el texto no tengo biblia a la mano.<\/p>\n<p><span style=\"color: #5a7e9e;\">[8:17 PM, 9\/17\/2019] Jos\u00e9 Luis Javier<\/span><\/p>\n<p><span style=\"font-family: courier new, courier, monospace; color: #4d617a;\"><em><sup>14<\/sup>BIENAVENTURADOS LOS QUE GUARDAN SUS MANDAMIENTOS, <span class=\"su-highlight\" style=\"background:#fff621;color:#1b6d96\">&nbsp;para tener derecho&nbsp;<\/span> al \u00e1rbol de la vida, <span class=\"su-highlight\" style=\"background:#fff621;color:#1b6d96\">&nbsp;y para entrar por las puertas&nbsp;<\/span> en la ciudad. \u2014APOCALIPSIS 22:14<\/em><\/span><\/p>\n<p><span style=\"color: #63a863;\">[8:17 PM, 9\/17\/2019] Alex (Evang\u00e9lico)<\/span><br>\nRomanos 10:4 Cristo es el fin de la ley y no me salgas con que la ley ceremonial est\u00e1 hablando de la ley asta los Diez mandamientos<br>\nCu\u00e1les mandamientos los Dies no dice los Diez mandamientos. Vamos a terminar con esto<\/p>\n<p><span style=\"color: #ff0000;\">Cristo puso fin a la ley<\/span><\/p>\n<p><strong><span style=\"color: #5a7e9e;\">[EDICI\u00d3N] <\/span><\/strong><span style=\"color: #5a7e9e;\">Jos\u00e9 Luis Javier<\/span><strong><br>\n<\/strong>\u00bfOh, S\u00ed? Veamos\u2014<\/p>\n<p><span style=\"color: #4d617a; font-family: courier new, courier, monospace;\"><em><span class=\"text John-14-15\"><sup class=\"versenum\">15<\/sup><strong>Si me am\u00e1is, guardad mis mandamientos. <\/strong><\/span>\u2014JESUCRISTO (Juan 14:15)<\/em><\/span><\/p>\n<p class=\"verse chapter-1\"><em><span style=\"font-family: courier new, courier, monospace; color: #4d617a;\"><span id=\"es-RVA-30551\" class=\"text 1John-2-1\"><span style=\"font-size: 10px;\"><sup><span class=\"chapternum\">1<\/span><\/sup><\/span>HIJITOS m\u00edos, estas cosas os escribo, para que no pequ\u00e9is; y si alguno hubiere pecado, abogado tenemos para con el Padre, <span class=\"su-highlight\" style=\"background:#fff621;color:#1b6d96\">&nbsp;\u00e1 Jesucristo el justo&nbsp;<\/span>;<br>\n<\/span><span id=\"es-RVA-30552\" class=\"text 1John-2-2\"><span style=\"font-size: 10px;\"><sup class=\"versenum\">2<\/sup><\/span>Y \u00e9l es la propiciaci\u00f3n por nuestros pecados: y no solamente por los nuestros, <strong>sino tambi\u00e9n por los de todo el mundo<\/strong>.<br>\n<\/span><span id=\"es-RVA-30553\" class=\"text 1John-2-3\"><span style=\"font-size: 10px;\"><sup class=\"versenum\">3<\/sup><\/span><span class=\"su-highlight\" style=\"background:#fff621;color:#1b6d96\">&nbsp;Y en esto sabemos que nosotros le hemos conocido, si guardamos sus mandamientos.&nbsp;<\/span>\n<\/span><span id=\"es-RVA-30554\" class=\"text 1John-2-4\"><span style=\"font-size: 10px;\"><sup class=\"versenum\">4<\/sup><\/span>El que dice, Yo le he conocido, <span class=\"su-highlight\" style=\"background:#fff621;color:#1b6d96\">&nbsp;y no guarda sus mandamientos, el tal es mentiroso, y no hay verdad en \u00e9l;&nbsp;<\/span>\n<\/span><span id=\"es-RVA-30555\" class=\"text 1John-2-5\"><span style=\"font-size: 10px;\"><sup class=\"versenum\">5<\/sup><\/span>Mas el que guarda su palabra, la caridad de Dios est\u00e1 verdaderamente perfecta en \u00e9l: por esto sabemos que estamos en \u00e9l.<\/span><\/span><\/em><span id=\"es-RVA-30556\" class=\"text 1John-2-6\"><em><span style=\"font-family: courier new, courier, monospace; color: #4d617a;\"> \u20141 JUAN 2:1-6<\/span><\/em><\/span><\/p>\n<p><span id=\"es-RVR1960-30708\" style=\"color: #5a7e9e;\"><strong>[EDICI\u00d3N]<\/strong> Jos\u00e9 Luis Javier<\/span><span id=\"es-RVR1960-30708\" class=\"text Rev-1-8\"><sup class=\"versenum\"><br>\n8 <\/sup>Yo soy el Alfa y la Omega, principio <span class=\"su-highlight\" style=\"background:#fff621;color:#313131\">&nbsp;y fin,&nbsp;<\/span>dice el Se\u00f1or, el que es y que era y que ha de venir, el Todopoderoso. <\/span><\/p>\n<p><span style=\"color: #0e9c9c;\">[8:19 PM, 9\/17\/2019] Rafael<\/span> <br>\nLos textos son claros en Apocalipsis. Los mandamientos son israel y la fe en jesus lo que lo aceptaron sin ver..<\/p>\n<p><span style=\"color: #5a7e9e;\">[8:20 PM, 9\/17\/2019] Jos\u00e9 Luis Javier<\/span> <br>\nAPC. 22:14 Se lo explica, amigo Alex.<\/p>\n<p><span style=\"color: #0e9c9c;\">[8:20 PM, 9\/17\/2019] Rafael<\/span><\/p>\n<p><em><span style=\"font-family: courier new, courier, monospace; color: #4d617a;\"><sup>12<\/sup>Aqu\u00ed se requiere la paciencia de los santos, de los que guardan los mandamientos de Dios y la fe de Jes\u00fas. \u2014APOCALIPSIS 14:12<\/span><\/em><\/p>\n<p>Dos pueblo en uno.<\/p>\n<p><span style=\"color: #5a7e9e;\">[8:21 PM, 9\/17\/2019] Jos\u00e9 Luis Javier<\/span> <br>\n\u00bfCu\u00e1les son los mandamientos de Jes\u00fas?<\/p>\n<p><span style=\"color: #63a863;\">[8:21 PM, 9\/17\/2019] Alex (Evang\u00e9lico)<\/span> <br>\nRom. 10:4: \u201cCristo es el fin de la Ley, para que todo el que ejerce fe tenga justicia.\u201d (El guardar el s\u00e1bado era parte de aquella Ley. Dios us\u00f3 a Cristo para poner fin a aquella Ley. El tener una posici\u00f3n o condici\u00f3n de justicia ante Dios depende de la fe en Cristo, no de guardar un d\u00eda de descanso semanal.<\/p>\n<p>\u00bfPuede usted \"tener una posici\u00f3n o condici\u00f3n de justicia ante Dios depende de la fe en Cristo\" mientras que usted le desobedece?<\/p>\n<p><span style=\"font-family: courier new, courier, monospace; color: #4d617a;\"><em><span class=\"text John-14-15\"><sup class=\"versenum\">15<\/sup><strong>Si me am\u00e1is, guardad mis mandamientos. <\/strong><\/span>\u2014JESUCRISTO (Juan 14:15)<\/em><\/span><\/p>\n<p><span style=\"color: #4d617a; font-family: courier new, courier, monospace;\"><em><span id=\"es-RVR1960-18946\" class=\"text Isa-66-22\"><sup class=\"versenum\">22<\/sup><strong>Porque como los cielos nuevos y la nueva tierra que yo hago permanecer\u00e1n delante de m\u00ed<\/strong>, dice Jehov\u00e1, <strong>as\u00ed permanecer\u00e1<\/strong> vuestra descendencia y vuestro nombre. <br>\n<\/span><\/em><span id=\"es-RVR1960-18947\" class=\"text Isa-66-23\"><em><sup class=\"versenum\">23<\/sup>Y de mes en mes, <span class=\"su-highlight\" style=\"background:#fff621;color:#1b6d96\">&nbsp;y de d\u00eda de reposo en d\u00eda de reposo, vendr\u00e1 TODA CARNE a adorar delante de m\u00ed,&nbsp;<\/span> dijo Jehov\u00e1. \u2014ISA\u00cdAS 66:22-23<\/em><\/span><\/span><\/p>\n<p><span style=\"color: #63a863;\">[8:23 PM, 9\/17\/2019] Alex (Evang\u00e9lico)<\/span> <br>\n<strong><span style=\"color: #ff0000;\">JES\u00daS NO PREDIC\u00d3 EL S\u00c1BADO NI LOS DIEZ MANDAMIENTOS<\/span><\/strong><\/p>\n[8:24 PM, 9\/17\/2019] Jos\u00e9 Luis Javier: Mi amigo, me da pena escucharlo. Pero veamos, y de gracias a DIos, pues aqu\u00ed estamos para ayudarle.\n<p><span style=\"font-family: courier new, courier, monospace; color: #4d617a;\"><em><sup>5<\/sup>Y les dec\u00eda: <strong>El Hijo del Hombre es Se\u00f1or aun del d\u00eda de reposo.<\/strong> \u2014LUCAS 6:5<\/em><br>\n<\/span><\/p>\n<p><span style=\"color: #4d617a;\"><em><span style=\"font-family: courier new, courier, monospace;\"><span style=\"font-size: 10px;\"><sup>12<\/sup><\/span>Pues \u00bfcu\u00e1nto m\u00e1s vale un hombre que una oveja? Por consiguiente, <span class=\"su-highlight\" style=\"background:#fff621;color:#1b6d96\">&nbsp;es l\u00edcito hacer el bien en los d\u00edas de reposo.&nbsp;<\/span> \u2014MATEO 22:12<br>\n<\/span><\/em><\/span><\/p>\n<p><em><span style=\"font-family: courier new, courier, monospace;\"><span style=\"color: #4d617a;\"><sup>16<\/sup>Vino a Nazaret, donde se hab\u00eda criado; <\/span><span class=\"su-highlight\" style=\"background:#fff621;color:#1b6d96\">&nbsp;y en el d\u00eda de reposo entr\u00f3 en la sinagoga,&nbsp;<\/span> conforme a su costumbre, y se levant\u00f3 a leer. \u2014LUCAS 4:16<\/span><\/em><\/p>\n<p><span style=\"color: #4d617a;\"><em><span style=\"font-family: courier new, courier, monospace;\"><sup>9<\/sup>Entonces<\/span> <b>Jes\u00fas<\/b> les dijo: Os preguntar\u00e9 una cosa: <span class=\"su-highlight\" style=\"background:#fff621;color:#1b6d96\">&nbsp;\u00bfEs l\u00edcito en d\u00eda de reposo hacer bien, o hacer mal?&nbsp;<\/span> \u00bfsalvar la vida, o quitarla? \u2014LUCAS 6:9<\/em><\/span><\/p>\n<p><span style=\"color: #4d617a;\"><em><span style=\"font-family: courier new, courier, monospace;\"><sup>10<\/sup>Ense\u00f1aba<\/span> <b>Jes\u00fas<\/b> en una sinagoga en el d\u00eda de <b>reposo<\/b>; \u2014LUCAS 13:10<\/em><\/span><\/p>\n<p><span style=\"color: #4d617a;\"><em><span style=\"font-family: courier new, courier, monospace;\"><sup>16<\/sup>Y por esta causa los jud\u00edos persegu\u00edan a <b>Jes\u00fas<\/b>, y procuraban matarle, <span class=\"su-highlight\" style=\"background:#fff621;color:#1b6d96\">&nbsp;porque hac\u00eda estas cosas en el d\u00eda de reposo.&nbsp;<\/span> \u2014JUAN 5:16<br>\n<\/span><\/em><\/span><\/p>\n<p><span style=\"font-family: courier new, courier, monospace;\"><em><span style=\"color: #4d617a;\"><sup>14<\/sup><strong>Y era d\u00eda de<\/strong><strong> reposo cuando Jes\u00fas<\/strong> hab\u00eda hecho el lodo, y <strong>le hab\u00eda abierto los ojos<\/strong>. \u2014JUAN 9:14<\/span><\/em><br>\n<\/span><\/p>\n<p><em><span id=\"es-RVR1960-30710\" class=\"text Rev-1-10\" style=\"font-family: courier new, courier, monospace;\"><span style=\"color: #4d617a;\"><sup class=\"versenum\"><span style=\"font-size: 10px;\">10<\/span><\/sup>Yo estaba en el Esp\u00edritu <span class=\"su-highlight\" style=\"background:#fff621;color:#1b6d96\">&nbsp;en el d\u00eda del Se\u00f1or,&nbsp;<\/span> y o\u00ed detr\u00e1s de m\u00ed una gran voz como de trompeta,<br>\n<\/span><\/span><\/em><span style=\"color: #4d617a;\"><em><span id=\"es-RVR1960-30711\" class=\"text Rev-1-11\"><span style=\"font-family: courier new, courier, monospace;\"><span style=\"font-size: 10px;\"><sup class=\"versenum\">11<\/sup><\/span>que dec\u00eda: <span class=\"su-highlight\" style=\"background:#fff621;color:#1b6d96\">&nbsp;Yo soy el Alfa y la Omega,&nbsp;<\/span> el primero y el \u00faltimo. Escribe en un libro lo que ves, y env\u00edalo a las siete iglesias que est\u00e1n en Asia: a Efeso, Esmirna, P\u00e9rgamo, Tiatira, Sardis, Filadelfia y Laodicea. \u2014APOCALIPSIS 1:10-11<\/span> <\/span><\/em><\/span><\/p>\n<p><span style=\"color: #63a863;\">[8:24 PM, 9\/17\/2019] Alex (Evang\u00e9lico)<\/span><br>\n(V\u00e9anse tambi\u00e9n G\u00e1latas 4:9-11 y Efesios 2:13-16.)<\/p>\n<p><span style=\"color: #5a7e9e;\">[8:25 PM, 9\/17\/2019] Jos\u00e9 Luis Javier<\/span><\/p>\n<p><span style=\"color: #4d617a;\"><em><span style=\"font-family: courier new, courier, monospace;\"><sup>16<\/sup>Entonces vino uno y le dijo: Maestro bueno, <span class=\"su-highlight\" style=\"background:#fff621;color:#1b6d96\">&nbsp;\u00bfqu\u00e9 bien har\u00e9 para tener la vida eterna?&nbsp;<\/span><\/span><\/em><\/span><br>\n<span style=\"color: #4d617a;\"><em><span style=\"font-family: courier new, courier, monospace;\"><sup>17<\/sup>\u00c9l le dijo: \u00bfPor qu\u00e9 me llamas bueno? Ninguno hay bueno sino uno: Dios.<span class=\"su-highlight\" style=\"background:#fff621;color:#1b6d96\">&nbsp;Mas si quieres entrar en la vida, guarda los mandamientos.&nbsp;<\/span><\/span><\/em><\/span><br>\n<span style=\"color: #4d617a;\"><em><span style=\"font-family: courier new, courier, monospace;\"><sup>18<\/sup>Le dijo: <strong>\u00bfCu\u00e1les?<\/strong> Y Jes\u00fas dijo: <\/span><\/em><\/span><span style=\"color: #4d617a;\"><em><span style=\"font-family: courier new, courier, monospace;\"><span class=\"su-highlight\" style=\"background:#fff621;color:#1b6d96\">&nbsp;No matar\u00e1s. No adulterar\u00e1s. No hurtar\u00e1s. No dir\u00e1s falso testimonio. 19Honra a tu padre y a tu madre; y, Amar\u00e1s a tu pr\u00f3jimo como a ti mismo.&nbsp;<\/span> \u2014MATEO 19:16-19<br>\n<\/span><\/em><\/span><\/p>\n<p><span style=\"color: #75bd75;\"><span style=\"color: #63a863;\">[8:25 PM, 9\/17\/2019] Alex (Evang\u00e9lico)<\/span><br>\n<\/span>Col. 2:13-16<br>\n\u201c[Dios] bondadosamente nos perdon\u00f3 todas nuestras ofensas y borr\u00f3 el documento manuscrito contra nosotros, que consist\u00eda en decretos y que estaba en oposici\u00f3n a nosotros [&#8230;] Por lo tanto que nadie los juzgue en el comer y beber, o respecto de una fiesta, o de una observancia de la luna nueva, o de un s\u00e1bado.\u201d <span style=\"color: #ff0000;\">(Si alguien estaba bajo la Ley de Mois\u00e9s y se le hallaba culpable de profanar el s\u00e1bado, toda la congregaci\u00f3n ten\u00eda que darle muerte a pedradas, seg\u00fan \u00c9xodo 31:14 y N\u00fameros 15:32-35.<\/span> Muchos que favorecen la observaci\u00f3n del s\u00e1bado pueden alegrarse de que no estemos bajo esa Ley. Como muestra el texto aqu\u00ed citado, el disfrutar de una posici\u00f3n aprobada ante Dios ya no exige la observancia del requisito sab\u00e1tico dado a Israel.)<\/p>\n<p><span style=\"color: #5a7e9e;\"><strong>[EDICI\u00d3N] <\/strong>Jos\u00e9 Luis Javier<\/span><br>\nMuy po\u00e9tico, pero demasiada opini\u00f3n personal, y nada de biblia para sustentar las herej\u00edas que crees. <strong>Dame al texto b\u00edblico que diga que Mois\u00e9s cre\u00f3 ninguna ley<\/strong>.<\/p>\n<p><span style=\"color: #5a7e9e;\">[8:25 PM, 9\/17\/2019] Jos\u00e9 Luis Javier<\/span> <br>\nExpliqcame todos \u00e9stos textos que le d\u00ed de Jes\u00fas predicando sobre y s\u00e1bado y la ley en general..<\/p>\n<p><span style=\"color: #63a863;\">[8:25 PM, 9\/17\/2019] Alex (Evang\u00e9lico)<\/span> <br>\nClaro le dijo ese hombre que era jud\u00edo<\/p>\n<p><strong><span style=\"color: #5a7e9e;\">[EDICI\u00d3N] <\/span><\/strong><span style=\"color: #5a7e9e;\">Jos\u00e9 Luis Javier<\/span><strong><br>\n<\/strong>No me vengas con ese cuento, t\u00fa dijiste que Jes\u00fas no predic\u00f3 de esas cosas, y punto.<\/p>\n<p><span style=\"color: #63a863;\">[8:26 PM, 9\/17\/2019] Alex (Evang\u00e9lico)<\/span><br>\n<span style=\"color: #ff0000;\"><strong>No me lo dijo Ami.<\/strong><\/span><\/p>\n<p><strong><span style=\"color: #5a7e9e;\">[EDICI\u00d3N] <\/span><\/strong><span style=\"color: #5a7e9e;\">Jos\u00e9 Luis Javier<\/span><strong><br>\n<\/strong>Claro que no te lo dijo a t\u00ed, <strong>pu\u00e9s t\u00fa amas y sirves al diablo<\/strong> (<em>JUAN 14:15)<\/em><\/p>\n<p><span style=\"font-family: courier new, courier, monospace; color: #4d617a;\"><em><span id=\"es-RVA-30553\" class=\"text 1John-2-3\"><sup class=\"versenum\">3<\/sup><span class=\"su-highlight\" style=\"background:#fff621;color:#1b6d96\">&nbsp;Y en esto sabemos que nosotros le hemos conocido, si guardamos sus mandamientos.&nbsp;<\/span><\/span><\/em><\/span><\/p>\n<p>Analicemos Colosenses 2:13-16 Efesios 2:13-16, que enrealida son el mismo texto en cartas diferentes (por el mismo autor), que t\u00fa pusiste m\u00e1s arriba. Ah, y dicho sea de paso, \u00a1usaste la versi\u00f3n del <strong>Nuevo Mundo<\/strong>, de los Testigos de Jehov\u00e1!<strong> Mmmmm\u2026<\/strong><\/p>\n<p><span style=\"color: #4d617a;\"><em><span style=\"font-family: courier new, courier, monospace;\"><span id=\"v51002013\" class=\"verse disableActiveState jsHasHighlightListener\"><span class=\"style-b first\"><span style=\"font-size: 10px;\"><sup class=\"verseNum\">13<\/sup><\/span>Adem\u00e1s, aunque estaban muertos en sus ofensas y en el estado incircunciso de su carne, [Dios] los vivific\u00f3 junto con \u00e9l.<strong> Bondadosamente nos perdon\u00f3<\/strong> todas nuestras ofensas<br>\n<\/span><\/span><span id=\"v51002014\" class=\"verse disableActiveState jsHasHighlightListener\"><span class=\"style-b\"><span style=\"font-size: 10px;\"><sup class=\"verseNum\">14<\/sup><\/span> <span class=\"su-highlight\" style=\"background:#fff621;color:#1b6d96\">&nbsp;y borr\u00f3 el documento manuscrito contra nosotros,&nbsp;<\/span> <span style=\"color: #ff0000;\">que consist\u00eda en decretos<\/span> y que estaba en oposici\u00f3n a nosotros; <span class=\"su-highlight\" style=\"background:#fff621;color:#1b6d96\">&nbsp;y \u00c9l lo ha quitado del camino clav\u00e1ndolo al madero de tormento.&nbsp;<\/span>\n<\/span><\/span><span id=\"v51002015\" class=\"verse disableActiveState jsHasHighlightListener\"><span class=\"style-b\"><span style=\"font-size: 10px;\"><sup class=\"verseNum\">15<\/sup><\/span>Desnudando por completo a los gobiernos y a las autoridades los exhibi\u00f3<a id=\"footnotesource101650801\" class=\"footnoteLink jsHasModalListener jsNoScroll\" style=\"color: #4d617a;\" href=\"https:\/\/www.jw.org\/es\/publicaciones\/biblia\/bi12\/libros\/colosenses\/2\/#fn101650801\" data-anchor=\"#fn101650801\">*<\/a> a la vista p\u00fablica como vencidos, y los condujo en una procesi\u00f3n triunfal mediante ello.<br>\n<span style=\"font-size: 10px;\"><sup>16<\/sup><\/span><\/span><\/span><span id=\"v51002016\" class=\"verse disableActiveState jsHasHighlightListener\"><span class=\"style-b first\">Por lo tanto, <span class=\"su-highlight\" style=\"background:#fff621;color:#1b6d96\">&nbsp;que nadie los juzgue&nbsp;<\/span> en el comer y beber, o respecto de una fiesta, o de una observancia de la luna nueva, <span class=\"su-highlight\" style=\"background:#fff621;color:#1b6d96\">&nbsp;o de un s\u00e1bado&nbsp;<\/span>; \u2014COLOSENSES 2:13-16 (TNM)<br>\n<\/span><\/span><\/span><\/em><\/span><\/p>\n<p><a href=\"https:\/\/www.cristoverdad.com\/wp-content\/uploads\/2019\/09\/Jesus-Testigos-de-Jehova.jpg\" data-rel=\"lightbox-image-0\" data-rl_title data-rl_caption title><noscript><img decoding=\"async\" class=\"wp-image-14102 alignleft\" src=\"https:\/\/www.cristoverdad.com\/wp-content\/uploads\/2019\/09\/Jesus-Testigos-de-Jehova-189x300.jpg\" alt=\"Imagen. JW.org\" width=\"138\" height=\"219\"><\/noscript><img decoding=\"async\" class=\"wp-image-14102 alignleft lazyload\" src=\"data:image\/svg+xml,%3Csvg%20xmlns%3D%22http%3A%2F%2Fwww.w3.org%2F2000%2Fsvg%22%20viewBox%3D%220%200%20138%20219%22%3E%3C%2Fsvg%3E\" alt=\"Imagen. JW.org\" width=\"138\" height=\"219\" data-src=\"https:\/\/www.cristoverdad.com\/wp-content\/uploads\/2019\/09\/Jesus-Testigos-de-Jehova-189x300.jpg\" loading=\"lazy\"><\/a>Antes que nada, \u00bfsab\u00edas que la raz\u00f3n por la que esa versi\u00f3n de la Biblia del <em>Nuevo Mundo (TNM)<\/em> aqu\u00ed habla de \"un madero\" y no de la cruz, es porque los Testigos de Jehov\u00e1 tienen la creencia her\u00e9tica de <strong>que Cristo muri\u00f3 colgado en un palo,<\/strong> y no en una cruz\u2026Sabi\u00edas eso, inepto?<\/p>\n<p>Los Testigos de Jehov\u00e1 odian la Cruz, y detestan el cielo. \u00bfSabes t\u00fa que dice la Biblia al respecto?<\/p>\n<p class=\"verse\"><em><span style=\"font-family: courier new, courier, monospace; color: #4d617a;\"><span id=\"es-RVA-29439\" class=\"text Phil-3-18\"><span style=\"font-size: 10px;\"><sup class=\"versenum\">18<\/sup><\/span>Porque muchos andan, de los cuales os dije muchas veces, y aun ahora lo digo llorando, <span class=\"su-highlight\" style=\"background:#fff621;color:#1b6d96\">&nbsp;que son enemigos de la cruz de Cristo:&nbsp;<\/span>\n<\/span><span id=\"es-RVA-29440\" class=\"text Phil-3-19\"><span style=\"font-size: 10px;\"><sup class=\"versenum\">1<\/sup><\/span><span class=\"su-highlight\" style=\"background:#fff621;color:#1b6d96\">&nbsp;9Cuyo fin ser\u00e1 perdici\u00f3n,&nbsp;<\/span> cuyo dios es el vientre, <strong>y su gloria es en confusi\u00f3n; que sienten lo terreno.<\/strong><br>\n<\/span><\/span><\/em><span id=\"es-RVA-29441\" class=\"text Phil-3-20\"><em><span style=\"font-family: courier new, courier, monospace; color: #4d617a;\"><span style=\"font-size: 10px;\"><sup class=\"versenum\">20<\/sup><\/span><span class=\"su-highlight\" style=\"background:#fff621;color:#1b6d96\">&nbsp;Mas nuestra vivienda es en los cielos;&nbsp;<\/span> de donde tambi\u00e9n esperamos al Salvador, al Se\u00f1or Jesucristo; \u2014FILIPENSES 3:18<\/span><\/em><br>\n<\/span><\/p>\n<p><strong>Claro, el diablo los cr\u00eda, \u00a1y ellos se juntan!<\/strong><\/p>\n<p>Pero Colosenses 2:14 y Efesios 2:15 dicen que Cristo clav\u00f3 el documento que que cons\u00edst\u00eda en decretos. \u00bfSabes t\u00fa cu\u00e1les son esos decretos? NO, que vas a saber t\u00fa de nada. Leamos el mismo texto en una versi\u00f3n menos expuria, pues no existe una sola Biblia m\u00e1s manipulada que la de <strong><em>Los Testigos de Rob\u00e1<\/em><\/strong>.<\/p>\n<p class=\"verse\"><span id=\"es-RVA-29507\" class=\"text Col-2-13\"> <\/span><span id=\"es-RVA-29511\" class=\"text Col-2-17\"><\/span><\/p><div class=\"su-expand su-expand-collapsed su-expand-link-style-default\" data-height=\"100\"><div class=\"su-expand-content su-u-trim\" style=\"color:#333333;max-height:100px;overflow:hidden\"><div class=\"su-box su-box-style-default\" id style=\"border-color:#090909;border-radius:3px;max-width:none\"><div class=\"su-box-title\" style=\"background-color:#3c3c3c;color:#FFFFFF;border-top-left-radius:1px;border-top-right-radius:1px\">CLAVADOS EN LA CRUZ<\/div><div class=\"su-box-content su-u-clearfix su-u-trim\" style=\"border-bottom-left-radius:1px;border-bottom-right-radius:1px\"><span style=\"color: #333333\">COLOSENSES 2\u2014<\/span><br>\n<em><span style=\"font-size: 10px\"><sup>13<\/sup><\/span>Y \u00e1 vosotros, estando muertos en pecados y en la incircuncisi\u00f3n de vuestra carne, os vivific\u00f3 juntamente con \u00e9l, perdon\u00e1ndoos todos los pecados, <\/em><br>\n<em><span style=\"font-size: 10px\"><sup>14<\/sup><\/span><span class=\"su-highlight\" style=\"background:#fff621;color:#1b6d96\">&nbsp;Rayendo la c\u00e9dula <strong><span style=\"color: #ff0000\">DE LOS RITOS<\/span><\/strong><\/span><\/em><span id=\"es-RVA-29511\"><\/span><span id=\"es-RVA-29511\" class=\"text Col-2-17\"><em>&nbsp;<\/em><\/span>que nos era contraria, que era contra nosotros, quit\u00e1ndola de en medio y enclav\u00e1ndola en la cruz; <br>\n<em><span style=\"font-size: 10px\"><sup>15<\/sup><\/span>Y despojando los principados y las potestades, sac\u00f3los \u00e1 la verg\u00fcenza en p\u00fablico, triunfando de ellos en s\u00ed mismo. <\/em><br>\n<em><span style=\"font-size: 10px\"><sup>16<\/sup><\/span>Por tanto,<strong> nadie os juzgue<\/strong> en comida, \u00f3 en bebida, <span style=\"color: #ff0000\">\u00f3 en parte de d\u00eda de fiesta, \u00f3 de nueva luna, \u00f3 de s\u00e1bados<\/span>: <\/em><br>\n<em><span style=\"font-size: 10px\"><sup>17<\/sup><\/span>Lo cual es la sombra de lo por venir; <strong>mas el cuerpo es de Cristo<\/strong><\/em><strong>.<\/strong><em> \u2014COLOSENSES 2:13-17<\/em><strong><br>\n<\/strong>\n<p><span style=\"color: #333333\">EFESIOS 2\u2014<\/span><br>\n<em><span id=\"es-RVA-29242\" class=\"text Eph-2-13\"><span style=\"font-size: 10px\"><sup class=\"versenum\">13<\/sup><\/span>Mas ahora en Cristo Jes\u00fas, vosotros que en otro tiempo estabais lejos, hab\u00e9is sido hechos cercanos por la sangre de Cristo.<br>\n<\/span><span id=\"es-RVA-29243\" class=\"text Eph-2-14\"><span style=\"font-size: 10px\"><sup class=\"versenum\">14<\/sup><\/span>Porque \u00e9l es nuestra paz, que de ambos hizo uno, <span class=\"su-highlight\" style=\"background:#fff621;color:#313131\">&nbsp;<strong>derribando<\/strong>&nbsp;<\/span> la pared intermedia de separaci\u00f3n;<br>\n<\/span><span id=\"es-RVA-29244\" class=\"text Eph-2-15\"><span style=\"font-size: 10px\"><sup class=\"versenum\">15<\/sup><\/span>Dirimiendo en su carne las enemistades, <span class=\"su-highlight\" style=\"background:#fff621;color:#313131\">&nbsp;la ley de los mandamientos<strong><span style=\"color: #ff0000\"> EN ORDEN A RITOS,<\/span><\/strong>&nbsp;<\/span> para edificar en s\u00ed mismo los dos en un nuevo hombre, haciendo la paz,<br>\n<\/span><span id=\"es-RVA-29245\" class=\"text Eph-2-16\"><span style=\"font-size: 10px\"><sup class=\"versenum\">16<\/sup><\/span>Y reconciliar por la cruz con Dios \u00e1 ambos en un mismo cuerpo, matando en ella las enemistades. <\/span><\/em><span id=\"es-RVR1960-29247\" class=\"text Eph-2-16\"><em>\u2014EFESIOS 2:13-16<\/em><\/span><\/p>\n<p class=\"verse\"><span id=\"es-RVA-29511\" class=\"text Col-2-17\"><\/span><\/p><\/div><\/div><\/div><div class=\"su-expand-link su-expand-link-more\" style=\"text-align:left\"><a href=\"javascript:;\" style=\"color:#0088FF;border-color:#0088FF\"><i class=\"sui sui-align-right\" style aria-label><\/i><span style=\"border-color:#0088FF\">expandir<\/span><\/a><\/div><div class=\"su-expand-link su-expand-link-less\" style=\"text-align:left\"><a href=\"javascript:;\" style=\"color:#0088FF;border-color:#0088FF\"><span style=\"border-color:#0088FF\">&lt;&lt; abreviar<\/span><\/a><\/div><\/div><span id=\"es-RVA-29507\" class=\"text Col-2-13\"><\/span>\n<p>\u00bfConque la c\u00e9dula de los\u2014y en orden a, ritos? <strong><span style=\"color: #ff0000;\">\u00bfCu\u00e1les ritos?<\/span><\/strong> <strong>\u00bfCu\u00e1ntos ritos hay en la ley de los diez mandamientos?<\/strong> \u00bfEs honrar a tu padre y a tu madre un rito? \u00bfQu\u00e9 tal no matar o no cometer adulterio o no robar\u2026 acaso son esos ritos tambi\u00e9n?<\/p>\n<p>\u00bfA qu\u00e9 se refiere Pablo con eso de los ritos? Bueno, aparte de que Pablo est\u00e1 hablando claramente de la ley ritual que se realizaba en El Santuario (Sombra de lo que hab\u00eda de venir\u2014Cristo muriendo en la cruz), hay una profec\u00eda en el libro de Daniel\u2014a la que Pablo se est\u00e1 refiriendo directamente, que indicaba que iba pasar cuando Jes\u00fas muriera\u2014<\/p>\n<p><span style=\"color: #4d617a;\"><em><span style=\"font-family: courier new, courier, monospace;\"><span id=\"es-RVA-22015\" class=\"text Dan-9-26\"><span style=\"font-size: 10px;\"><sup class=\"versenum\">26<\/sup><\/span>Y despu\u00e9s de las sesent<span style=\"color: #4d617a;\">a y do<\/span>s semanas <span class=\"su-highlight\" style=\"background:#fff621;color:#1b6d96\">&nbsp;se quitar\u00e1 la vida al Mes\u00edas,&nbsp;<\/span> y no por s\u00ed: y el pueblo de un pr\u00edncipe que ha de venir, destruir\u00e1 \u00e1 la ciudad y el santuario; con inundaci\u00f3n ser\u00e1 el fin de ella, y hasta el fin de la guerra ser\u00e1 talada con asolamientos.<br>\n<\/span><span id=\"es-RVA-22016\" class=\"text Dan-9-27\"><span style=\"font-size: 10px;\"><sup class=\"versenum\">27<\/sup><\/span>Y en otra semana confirmar\u00e1 el pacto \u00e1 muchos, <span class=\"su-highlight\" style=\"background:#fff621;color:#1b6d96\">&nbsp;y \u00e1 la mitad de la semana har\u00e1 cesar <span style=\"color: #ff0000;\">el sacrificio<\/span> y la ofrenda:&nbsp;<\/span> despu\u00e9s con la muchedumbre de las abominaciones ser\u00e1 el desolar, y esto hasta una entera consumaci\u00f3n; y derramar\u00e1se la ya determinada sobre el pueblo asolado. \u2014DANIEL 9:26-27<\/span><\/span><\/em><\/span><\/p>\n<p>Daniel\u2014al igual que Pablo, nos dice claramente que fue lo que fue clavado en la Cruz, la ley ritual (ceremonial\u2014sacrificios\/ritos) <em>(N\u00daM 18:6-7, LEV. 1).<\/em> O sea, mi amigo,<strong> usted que estaba hablando en forma burlezca de sacrificar corderos<\/strong>, aqu\u00ed te dice que eso fue lo que caduc\u00f3 en la cruz, \"<strong>El Sacrificio y La Ofrenda\"<\/strong>. Honestamente, no me d\u00ed cuenta durante el debtate que hab\u00edas puesto ese texto, te hubiera hecho quedar muy mal delante de todos\u2014por inepto, pues ya tengo un estudio profundo al respecto.<a class=\"tooltip\" href=\"https:\/\/www.cristoverdad.com\/jesus-pablo-y-la-ley\/\" target=\"_blank\" rel=\"noopener noreferrer\"><span style=\"font-size: 10px;\"><sup>[2]<\/sup><\/span><span class=\"tooltiptext\">Jes\u00fas \u201cvs.\u201d Pablo y La Ley: Lo Que Pas\u00f3 en La Cruz <br>\n[ESTUDIO, CristoVerdad]<\/span><\/a><\/p>\n<p>Pero el texto de Colosenses 2 tambi\u00e9n habla de que \"<span id=\"es-RVA-29511\" class=\"text Col-2-17\"><em><strong>nadie os juzgue<\/strong> en comida, \u00f3 en bebida, \u00f3 en parte de d\u00eda de fiesta, \u00f3 de nueva luna, \u00f3 de s\u00e1bados\".<\/em> Bueno, si usted conociera el tema de la ley ceremonial, sabr\u00eda que cojunto a eso hab\u00edan d\u00edas festivos (\"fiestas\")\u2014llamados s\u00e1bados que pod\u00edan caer en cualquier d\u00eda de la semana. S\u00e1bado, no significa s\u00e9ptimo d\u00eda, sino reposo (fiestas\/d\u00edas festivos\/). As\u00ed que aqu\u00ed Pablo no est\u00e1 habalando del S\u00e1bado (Shabbath), sino mas bien de los s\u00e1bados ceremoniales. <\/span><\/p>\n<p>Aqu\u00ed te dejo una lista de S\u00e1bados ceremoniales (Fiestas Solemenes), que no necesriamente ca\u00edan en S\u00e1bado (El Shabbath)\u2014<\/p>\n<p><span id=\"es-RVR1960-3440\" class=\"text Lev-23-37\"><\/span><\/p><div class=\"su-expand su-expand-collapsed su-expand-link-style-default\" data-height=\"100\"><div class=\"su-expand-content su-u-trim\" style=\"color:#333333;max-height:100px;overflow:hidden\"><div class=\"su-box su-box-style-default\" id style=\"border-color:#0041a5;border-radius:3px;max-width:none\"><div class=\"su-box-title\" style=\"background-color:#0074d8;color:#ffffff;border-top-left-radius:1px;border-top-right-radius:1px\">LOS S\u00c1BADOS CEREMONIALES (Fiestas Solemnes)<\/div><div class=\"su-box-content su-u-clearfix su-u-trim\" style=\"border-bottom-left-radius:1px;border-bottom-right-radius:1px\"><span style=\"font-family: courier new, courier, monospace\"><span style=\"font-size: 10px\"><sup>26<\/sup><\/span> Tambi\u00e9n habl\u00f3 Jehov\u00e1 a Mois\u00e9s, diciendo: <\/span><br>\n<span style=\"font-family: courier new, courier, monospace\"><span style=\"font-size: 10px\"><sup>27<\/sup><\/span> A los diez d\u00edas de este mes s\u00e9ptimo ser\u00e1 el d\u00eda de expiaci\u00f3n; <strong><span style=\"color: #ff0000\">[1]<\/span> <\/strong>tendr\u00e9is santa convocaci\u00f3n, y afligir\u00e9is vuestras almas, y ofrecer\u00e9is ofrenda encendida a Jehov\u00e1. <span style=\"font-size: 10px\"><sup>28<\/sup><\/span> <span style=\"color: #ff0000\">Ning\u00fan trabajo har\u00e9is en este d\u00eda;<\/span> porque es d\u00eda de expiaci\u00f3n, para reconciliaros delante de Jehov\u00e1 vuestro Dios. <\/span><br>\n<span style=\"font-family: courier new, courier, monospace\"><span style=\"font-size: 10px\"><sup>29<\/sup><\/span> Porque toda persona que no se afligiere en este mismo d\u00eda, ser\u00e1 cortada de su pueblo. <\/span><br>\n<span style=\"font-family: courier new, courier, monospace\"><span style=\"font-size: 10px\"><sup>30<\/sup><\/span> Y cualquiera persona que hiciere trabajo alguno en este d\u00eda, yo destruir\u00e9 a la tal persona de entre su pueblo. <\/span><br>\n<span style=\"font-family: courier new, courier, monospace\"><span style=\"font-size: 10px\"><sup>31<\/sup><\/span> Ning\u00fan trabajo har\u00e9is; estatuto perpetuo es por vuestras generaciones en dondequiera que habit\u00e9is. <\/span><br>\n<span style=\"font-family: courier new, courier, monospace\"><span style=\"font-size: 10px\"><sub>32<\/sub><\/span> D\u00eda de reposo ser\u00e1 a vosotros, y afligir\u00e9is vuestras almas, comenzando a los nueve d\u00edas del mes en la tarde; de tarde a tarde guardar\u00e9is vuestro reposo. <\/span><br>\n<span style=\"font-family: courier new, courier, monospace\"><span style=\"font-size: 10px\"><sup>33<\/sup><\/span> Y habl\u00f3 Jehov\u00e1 a Mois\u00e9s, diciendo: <\/span><br>\n<span style=\"font-family: courier new, courier, monospace\"><span style=\"font-size: 10px\"><sup>34<\/sup><\/span> Habla a los hijos de Israel y diles: A los quince d\u00edas de este mes s\u00e9ptimo ser\u00e1 <strong>la fiesta solemne de los tabern\u00e1culos<\/strong> a Jehov\u00e1 por siete d\u00edas. <\/span><br>\n<span style=\"font-family: courier new, courier, monospace\"><span style=\"font-size: 10px\"><sup>35 <\/sup><\/span><strong><span style=\"color: #ff0000\">[2] <\/span><\/strong>El primer d\u00eda habr\u00e1 santa convocaci\u00f3n; <span style=\"color: #ff0000\">ning\u00fan trabajo de siervos har\u00e9is<\/span>. <\/span><br>\n<span style=\"font-family: courier new, courier, monospace\"><span style=\"font-size: 10px\"><sup>36<\/sup><\/span> Siete d\u00edas ofrecer\u00e9is ofrenda encendida a Jehov\u00e1; <strong><span style=\"color: #ff0000\">[3]<\/span> <\/strong>el octavo d\u00eda tendr\u00e9is santa convocaci\u00f3n, y ofrecer\u00e9is ofrenda encendida a Jehov\u00e1; es fiesta,<span style=\"color: #ff0000\"> ning\u00fan trabajo de siervos har\u00e9is<\/span>. <\/span><br>\n<span style=\"font-family: courier new, courier, monospace\"><span style=\"font-size: 10px\"><sup>37<\/sup><\/span> <strong>Estas son las fiestas solemnes de Jehov\u00e1<\/strong>, a las que convocar\u00e9is santas reuniones, para ofrecer ofrenda encendida a Jehov\u00e1, holocausto y ofrenda, sacrificio y libaciones, cada cosa en su tiempo, <\/span><br>\n<span style=\"font-family: courier new, courier, monospace\"><span style=\"font-size: 10px\"><sup>38<\/sup><\/span> adem\u00e1s de los d\u00edas de reposo de Jehov\u00e1, de vuestros dones, de todos vuestros votos, y de todas vuestras ofrendas voluntarias que acostumbr\u00e1is dar a Jehov\u00e1. <span style=\"font-size: 10px\"><sup>39<\/sup><\/span> Pero a los quince d\u00edas del mes s\u00e9ptimo, cuando hay\u00e1is recogido el fruto de la tierra, har\u00e9is fiesta a Jehov\u00e1 por siete d\u00edas; el primer d\u00eda ser\u00e1 de reposo, y el octavo d\u00eda ser\u00e1 tambi\u00e9n d\u00eda de reposo.<\/span><em> \u2014LEV\u00cdTICO 23:26-39<\/em><\/div><\/div><\/div><div class=\"su-expand-link su-expand-link-more\" style=\"text-align:left\"><a href=\"javascript:;\" style=\"color:#0088FF;border-color:#0088FF\"><i class=\"sui sui-align-right\" style aria-label><\/i><span style=\"border-color:#0088FF\">expandir<\/span><\/a><\/div><div class=\"su-expand-link su-expand-link-less\" style=\"text-align:left\"><a href=\"javascript:;\" style=\"color:#0088FF;border-color:#0088FF\"><span style=\"border-color:#0088FF\">&lt;&lt; abreviar<\/span><\/a><\/div><\/div>\n<p><span id=\"es-RVA-29511\" class=\"text Col-2-17\">Los n\u00fameros entre corchetes rojos muestran 3 s\u00e1bados ceremoniales, que necesariamente no ca\u00edan el el S\u00e9ptimo D\u00eda S\u00e1bado\u2014El Shabbath. Una vez m\u00e1s, la inpetitud es un grave pecado <em>(OSEAS 4:6)<\/em>, y m\u00e1s a\u00fan cuando esta viene acompa\u00f1ada de la ignorancia y la perversidad. <strong>\u00a1Al\u00e9jate de ellas!<\/strong><\/span><\/p>\n<p><span style=\"color: #999999;\"><span style=\"color: #5a7e9e;\">[8:26 PM, 9\/17\/2019] Jos\u00e9 Luis Javier<\/span><br>\n<\/span>\u00bfQui\u00e9n habla en el libro de Apocalipsis?<\/p>\n<p><span style=\"color: #63a863;\">[8:26 PM, 9\/17\/2019] Alex (Evang\u00e9lico)<\/span> <br>\n<strong>Ami me dice que quiere misericordia no sacrificio que entiendes por eso?<\/strong><\/p>\n<p><strong><span style=\"color: #5a7e9e;\">[EDICI\u00d3N] <\/span><\/strong><span style=\"color: #5a7e9e;\">Jos\u00e9 Luis Javier<\/span><strong><br>\n<\/strong>Claro que lo entiendo, \u00bflo entiendes t\u00fa?<\/p>\n<p><span style=\"color: #4d617a;\"><em><span style=\"font-family: courier new, courier, monospace;\"><span id=\"es-RVR1960-23943\" class=\"text Matt-23-23\"><span style=\"font-size: 10px;\"><sup class=\"versenum\">23<\/sup><\/span>!!Ay de vosotros, escribas y fariseos, hip\u00f3critas! porque diezm\u00e1is la menta y el eneldo y el comino, <span class=\"su-highlight\" style=\"background:#fff621;color:#1b6d96\">&nbsp;y dej\u00e1is lo m\u00e1s importante de la ley: la justicia, la misericordia y la fe.&nbsp;<\/span> Esto era necesario hacer, sin dejar de hacer aquello<\/span> \u2014MATEO 23:23<\/span><\/em><\/span><\/p>\n<p><span style=\"color: #63a863;\">[8:27 PM, 9\/17\/2019] Alex (Evang\u00e9lico)<\/span><br>\n<span style=\"color: #ff0000;\">Por qu\u00e9 no apedreas a los que no guardan el s\u00e1bado?<\/span><\/p>\n<p><strong><span style=\"color: #5a7e9e;\">[EDICI\u00d3N] <\/span><\/strong><span style=\"color: #5a7e9e;\">Jos\u00e9 Luis Javier<\/span><strong><br>\n<\/strong>Muy simple\u2014<\/p>\n<p><span style=\"font-family: courier new, courier, monospace;\"><em><span class=\"text 1John-2-1\" style=\"color: #4d617a;\"><span style=\"font-size: 10px;\"><sup><span class=\"chapternum\">2<\/span><\/sup><\/span>Hijitos m\u00edos, estas cosas os escribo para que no pequ\u00e9is; <span class=\"su-highlight\" style=\"background:#fff621;color:#1b6d96\">&nbsp;y si alguno hubiere pecado, abogado tenemos&nbsp;<\/span> para con el Padre, a Jesucristo el justo. \u20141 JUAN 2:1<\/span><\/em><\/span><\/p>\n<p><span style=\"color: #999999;\"><span style=\"color: #5a7e9e;\">[8:27 PM, 9\/17\/2019] Jos\u00e9 Luis Javier<\/span><br>\n<\/span><span style=\"color: #4d617a;\"><em><span style=\"font-family: courier new, courier, monospace;\"><span style=\"font-size: 10px;\"><sup>6<\/sup><\/span>y hago misericordia a millares, a los que me aman y guardan mis mandamientos. \u2014\u00c9XODO 20;6<br>\n<\/span><\/em><\/span><\/p>\n<p><span style=\"color: #0e9c9c;\">[8:27 PM, 9\/17\/2019] Ariel Paz:<\/span> <br>\nEstar\u00eda bueno si fue el debate en audio. O video llamada<\/p>\n<p><span style=\"color: #63a863;\">[8:27 PM, 9\/17\/2019] Alex (Evang\u00e9lico)<\/span> <br>\nPor favor responde<\/p>\n<p><span style=\"color: #5a7e9e;\">[8:28 PM, 9\/17\/2019] Jos\u00e9 Luis Javier<\/span><br>\n<strong>La misericordia no existe sin la ley.<\/strong><\/p>\n<p><span style=\"color: #4d617a;\"><em><span style=\"font-family: courier new, courier, monospace;\"><span style=\"font-size: 10px;\"><sup>10<\/sup><\/span>que hago <b>misericordia<\/b> a millares, a los que me aman y guardan mis <b>mandamientos<\/b>. \u2014DEUTERONOMIO 5:10<br>\n<\/span><\/em><\/span><\/p>\n<p><span style=\"color: #4d617a;\"><em><span style=\"font-family: courier new, courier, monospace;\"><span style=\"font-size: 10px;\"><sup>159<\/sup><\/span>Mira, oh Jehov\u00e1, que amo tus <b>mandamientos<\/b>; Vivif\u00edcame conforme a tu <b>misericordia<\/b>. \u2014SALMOS 119:59<br>\n<\/span><\/em><\/span><\/p>\n<p><span style=\"font-family: courier new, courier, monospace;\"><em><span style=\"color: #4d617a;\"><sup>4<\/sup>Y or\u00e9 a Jehov\u00e1 mi Dios e hice confesi\u00f3n diciendo: Ahora, Se\u00f1or, Dios grande, digno de ser temido, <span class=\"su-highlight\" style=\"background:#fff621;color:#1b6d96\">&nbsp;que guardas el pacto y la misericordia con los que te aman y guardan tus mandamientos;&nbsp;<\/span> \u2014DANIEL 9:4<\/span><br>\n<\/em><\/span><\/p>\n<p><span style=\"color: #63a863;\">[8:28 PM, 9\/17\/2019] Alex (Evang\u00e9lico)<\/span> <br>\n<strong>T\u00fa calla tu nunca debates<\/strong><\/p>\n<p><span style=\"color: #63a863;\">[8:29 PM, 9\/17\/2019] Alex (Evang\u00e9lico)<\/span> <br>\nVes no cumples la ley por m\u00e1s que quieras no puedes<\/p>\n<p><strong><span style=\"color: #5a7e9e;\">[EDICI\u00d3N]&nbsp; <\/span><\/strong><span style=\"color: #5a7e9e;\">Jos\u00e9 Luis Javier<\/span><br>\nLa Biblia dice que son las personas como t\u00fa que no pueden guardar la ley\u2014<\/p>\n<p><span id=\"es-RVR1960-28123\" class=\"text Rom-8-5\"><\/span><em><span id=\"es-RVR1960-28125\" class=\"text Rom-8-7\"><\/span><\/em><\/p><div class=\"su-box su-box-style-default\" id style=\"border-color:#c70000;border-radius:3px;max-width:none\"><div class=\"su-box-title\" style=\"background-color:#fa2700;color:#FFFFFF;border-top-left-radius:1px;border-top-right-radius:1px\">EN LA CARNE<\/div><div class=\"su-box-content su-u-clearfix su-u-trim\" style=\"border-bottom-left-radius:1px;border-bottom-right-radius:1px\">\n<strong><span style=\"font-size: 10px;\"><sup>5<\/sup><\/span>Porque los que son de la carne piensan en las cosas de la carne<\/strong>; pero los que son del Esp\u00edritu, en las cosas del Esp\u00edritu. <br>\n<span style=\"font-size: 10px;\"><sup>6<\/sup><\/span>Porque el ocuparse de la carne es muerte, pero el ocuparse del Esp\u00edritu es vida y paz. <br>\n<span style=\"font-size: 10px;\"><sup>7<\/sup><\/span>Por cuanto los designios de la carne son<strong> enemistad contra Dios; porque no se sujetan a la ley de Dios, <\/strong><span class=\"su-highlight\" style=\"background:#fff621;color:#1b6d96\">&nbsp;ni tampoco pueden. \u2014ROMANOS 8:5-7&nbsp;<\/span><\/div><\/div>\n<p><span style=\"color: #63a863;\">[8:29 PM, 9\/17\/2019] Alex (Evang\u00e9lico)<\/span> <br>\nLa ley era una sombra<\/p>\n<p><span style=\"color: #63a863;\">[8:29 PM, 9\/17\/2019] Alex (Evang\u00e9lico)<\/span><br>\nLa esencia es Cristo am\u00e9n<\/p>\n<p><span style=\"color: #5a7e9e;\"><strong>[EDICI\u00d3N] <\/strong>Jos\u00e9 Luis Javier<strong><br>\n<\/strong><\/span>En efecto, por fin dices algo con sentido. La ley ceremonia erea una sombra\u2014<\/p>\n<p><span style=\"font-family: courier new, courier, monospace; color: #4d617a;\"><em><span id=\"es-RVR1960-30919\" class=\"text Rev-13-8\"><span style=\"font-size: 10px;\"><sup class=\"versenum\">8<\/sup><\/span>Y la adoraron todos los moradores de la tierra cuyos nombres no estaban escritos en el libro de <span class=\"su-highlight\" style=\"background:#fff621;color:#1b6d96\">&nbsp;la vida del Cordero que fue inmolado desde el principio del mundo&nbsp;<\/span>.<\/span> \u2014APOCALIPSIS<\/em><\/span><\/p>\n<p>de lo que habr\u00eda de venir\u2014<\/p>\n<p><em><span style=\"font-family: courier new, courier, monospace; color: #4d617a;\"><span style=\"font-size: 10px;\"><sup>29<\/sup><\/span><strong>El siguiente d\u00eda vio Juan a Jes\u00fas que ven\u00eda a \u00e9l,<\/strong> y dijo: <span class=\"su-highlight\" style=\"background:#fff621;color:#1b6d96\">&nbsp;He aqu\u00ed el Cordero de Dios, que quita el pecado del mundo.&nbsp;<\/span> \u2014JUAN 1:29<\/span><\/em><\/p>\n<p>Nuevamente, amigo\u2014<em><span id=\"es-RVR1960-23943\" class=\"text Matt-23-23\"><sup class=\"versenum\">\\<\/sup><\/span><\/em><\/p>\n<p><span style=\"font-family: courier new, courier, monospace; color: #4d617a;\"><em><span id=\"es-RVR1960-23943\" class=\"text Matt-23-23\"><span style=\"font-size: 10px;\"><sup class=\"versenum\">23<\/sup><\/span>!!Ay de vosotros, escribas y fariseos, hip\u00f3critas! porque diezm\u00e1is la menta y el eneldo y el comino, <span class=\"su-highlight\" style=\"background:#fff621;color:#1b6d96\">&nbsp;y dej\u00e1is lo m\u00e1s importante de la ley: la justicia, la misericordia y la fe.&nbsp;<\/span> Esto era necesario hacer, sin dejar de hacer aquello<\/span> \u2014JES\u00daS DE NAZARET (Mateo 23:23)<\/em><\/span><\/p>\n<p>Sin ley no hay misericordia, <strong>y los fariseos no guardaban la ley.<\/strong> \u00bfTe atreves a disputar eso?<\/p>\n<p><span style=\"color: #5a7e9e;\">[8:30 PM, 9\/17\/2019] Jos\u00e9 Luis Javier<\/span><br>\nContesta, <strong>\u00bfde d\u00f3nde viene la misericordia? \u00bfLa justificia? \u00bfLa fe?<\/strong><\/p>\n<p><span style=\"color: #63a863;\">[8:30 PM, 9\/17\/2019] Alex (Evang\u00e9lico)<\/span> <br>\n<strong><span style=\"color: #ff0000;\">La fe es mejor que la ley. <\/span><\/strong>La ley era una sombra entiendes<br>\nDespu\u00e9s de preparar la Tierra para que los humanos la habitaran, Jehov\u00e1 Dios procedi\u00f3 a descansar de sus obras de creaci\u00f3n material respecto a la Tierra. Esto se declara en G\u00e9nesis 2:1-3. Pero el registro b\u00edblico no dice nada de que Dios le ordenara a Ad\u00e1n que guardara el s\u00e9ptimo d\u00eda de cada semana como d\u00eda de descanso.<\/p>\n<p><span style=\"color: #5a7e9e;\"><strong>[EDICI\u00d3N]&nbsp; <\/strong>Jos\u00e9 Luis Javier<\/span><\/p>\n<p><em><span id=\"es-RVR1960-30025\" class=\"text Heb-4-9\" style=\"font-family: courier new, courier, monospace; color: #4d617a;\"><span style=\"font-size: 10px;\"><sup class=\"versenum\">9<\/sup><\/span>Por tanto, <span class=\"su-highlight\" style=\"background:#fff621;color:#1b6d96\">&nbsp;queda un reposo para el pueblo de Dios.&nbsp;<\/span>\n<\/span><\/em><span style=\"color: #4d617a;\"><em><span id=\"es-RVR1960-30026\" class=\"text Heb-4-10\" style=\"font-family: courier new, courier, monospace;\"><sup class=\"versenum\">10<\/sup><strong>Porque el que ha entrado en su reposo,<\/strong> <span class=\"su-highlight\" style=\"background:#fff621;color:#1b6d96\">&nbsp;tambi\u00e9n ha reposado de sus obras, como Dios de las suyas.&nbsp;<\/span>\n<\/span><\/em><\/span><\/p>\n<p><span style=\"color: #5a7e9e;\">[8:31 PM, 9\/17\/2019] Jos\u00e9 Luis Javier<\/span> <br>\nRomanos 3:31<\/p>\n<p><strong>Y hablando de fe<\/strong>\u2014<\/p>\n<p><em><span style=\"font-family: courier new, courier, monospace; color: #4d617a;\"><span style=\"font-size: 10px;\"><sup>31<\/sup><\/span>\u00bfLuego por la fe invalidamos la ley? En ninguna manera, <span class=\"su-highlight\" style=\"background:#fff621;color:#1b6d96\">&nbsp;sino que confirmamos la ley.&nbsp;<\/span>\n<\/span><\/em><\/p>\n<p><strong>\u00a1La fe y la ley es.lo mismo!<\/strong><\/p>\n<p>Ah\u00ed lo tienes.<\/p>\n<p><span style=\"color: #63a863;\">[8:31 PM, 9\/17\/2019] Alex (Evang\u00e9lico)<\/span> <br>\nClaro por qu\u00e9 la ley fue una sombra un tutor<\/p>\n<p><span style=\"color: #5a7e9e;\">[8:31 PM, 9\/17\/2019] Jos\u00e9 Luis Javier<\/span> <br>\n<strong>Es de. imp\u00edos poner las cosas de Dios a competir.<\/strong><\/p>\n<p>Todo lo de Dios es Santo. Y si viene de Dios, es bueno&#8230; (<em>ROM. 7:12)<\/em><\/p>\n<p><span style=\"color: #63a863;\">[8:32 PM, 9\/17\/2019] Alex (Evang\u00e9lico)<\/span> <br>\nClaro pero todo tiene un prop\u00f3sito. Y cu\u00e1l fue el prop\u00f3sito de la ley<\/p>\n<p><strong>?<\/strong><\/p>\n<p><span style=\"color: #999999;\"><span style=\"color: #5a7e9e;\">[8:32 PM, 9\/17\/2019] Jos\u00e9 Luis Javier<\/span><br>\n<span style=\"color: #4d617a; font-family: courier new, courier, monospace;\"><sup><em>7<\/em><\/sup><\/span><\/span><span style=\"color: #4d617a; font-family: courier new, courier, monospace;\"><em>\u00bfQu\u00e9 diremos, pues? \u00bfLa ley es pecado? En ninguna manera. <span class=\"su-highlight\" style=\"background:#fff621;color:#1b6d96\">&nbsp;Pero yo no conoc\u00ed el pecado sino por la ley;&nbsp;<\/span> porque tampoco conociera la codicia, si la ley no dijera: No codiciar\u00e1s. \u2014ROMANOS 7:7<\/em><\/span><\/p>\n<p>Ah\u00ed lo tienes, <strong>el fin de la ley\u2026<\/strong> es decir\u2014mi querida bella durmiente, \u00a1<strong>el prop\u00f3sito de la ley!<\/strong><\/p>\n<p><span style=\"color: #4d617a;\"><em><span style=\"font-family: courier new, courier, monospace;\"><span style=\"font-size: 10px;\"><sup>12<\/sup><\/span>De manera que la ley a la verdad es santa, y el mandamiento santo, justo y bueno. \u2014ROMANOS 7:12<br>\n<\/span><\/em><\/span><\/p>\n<p><span style=\"color: #63a863;\">[8:33 PM, 9\/17\/2019] Alex (Evang\u00e9lico)<\/span> <br>\nConducirnos a Cristo eso<\/p>\n<p><span style=\"color: #5a7e9e;\">[8:33 PM, 9\/17\/2019] Jos\u00e9 Luis Javier<\/span> <br>\n<strong>T\u00fa dices que la fe es mejor que la ley.<\/strong> Y tanto la fe como la ley, una misma cosa son, y vienen de Dios.<\/p>\n<p><span style=\"color: #63a863;\">[8:33 PM, 9\/17\/2019] Alex (Evang\u00e9lico)<\/span> <br>\n<strong>Pero entonces c\u00f3mo entendemos Romanos 10:4<\/strong><\/p>\n<p><span style=\"color: #5a7e9e;\">[8:33 PM, 9\/17\/2019] Jos\u00e9 Luis Javier<\/span> <br>\nEso que t\u00fa acabas de hacer solo lo hace un Imp\u00edo; poner la palabra de Dios a competir. Lo que debemos es buscar la armon\u00eda en la palabra de Dios. Un texto no puede destruir otro, pues toda palabra es inspirada y \"Dios no es un Dios de confusi\u00f3n.\" <em>(1 COR. 14:33)<\/em><\/p>\n<p><span style=\"font-family: courier new, courier, monospace; color: #63a863;\">[8:34 PM, 9\/17\/2019] Alex (Evang\u00e9lico)<\/span><br>\n<strong>Tu no eres nadie para juzgar<\/strong><\/p>\n<p><span style=\"color: #5a7e9e;\"><strong>[EDICI\u00d3N] <\/strong>Jos\u00e9 Luis Javier<strong><br>\n<\/strong><\/span>Como siempre, te equivocas\u2014<\/p>\n<p><em><span id=\"es-RVR1960-26354\" class=\"text John-7-24\" style=\"color: #4d617a;\"><span style=\"font-family: courier new, courier, monospace;\"><span style=\"font-size: 10px;\"><sup class=\"versenum\">24<\/sup><\/span>No juzgu\u00e9is seg\u00fan las apariencias, <span class=\"su-highlight\" style=\"background:#fff621;color:#1b6d96\">&nbsp;sino juzgad con justo juicio.&nbsp;<\/span> \u2014JUAN 7:24<\/span> <\/span><\/em><\/p>\n<p><em><span id=\"es-RVR1960-28471\" class=\"text 1Cor-6-2\" style=\"font-family: courier new, courier, monospace;\"><span style=\"font-size: 10px;\"><sup class=\"versenum\">2<\/sup><\/span><span class=\"su-highlight\" style=\"background:#fff621;color:#1b6d96\">&nbsp;\u00bfO no sab\u00e9is que los santos han de juzgar al mundo?&nbsp;<\/span> Y<strong> si el mundo ha de ser juzgado por vosotros<\/strong>, \u00bfsois indignos de juzgar cosas muy peque\u00f1as? <br>\n<\/span><span id=\"es-RVR1960-28472\" class=\"text 1Cor-6-3\"><span style=\"font-family: courier new, courier, monospace;\"><span style=\"font-size: 10px;\"><sup class=\"versenum\">3<\/sup><\/span>\u00bfO no sab\u00e9is que hemos de juzgar a los \u00e1ngeles? <span class=\"su-highlight\" style=\"background:#fff621;color:#1b6d96\">&nbsp;\u00bfCu\u00e1nto m\u00e1s las cosas de esta vida?&nbsp;<\/span> \u20141 COR. 6:2-3<\/span> <\/span><\/em><\/p>\n<p><strong>\u00bfY qui\u00e9nes son los Santos, nuevamente?<\/strong><\/p>\n<p><span id=\"es-RVR1960-30941\" class=\"text Rev-14-12\"><\/span><\/p><div class=\"su-box su-box-style-default\" id style=\"border-color:#010101;border-radius:3px;max-width:none\"><div class=\"su-box-title\" style=\"background-color:#343434;color:#FFFFFF;border-top-left-radius:1px;border-top-right-radius:1px\">LOS SANTOS<\/div><div class=\"su-box-content su-u-clearfix su-u-trim\" style=\"border-bottom-left-radius:1px;border-bottom-right-radius:1px\"><em><span style=\"font-size: 10px;\"><sup>12<\/sup><\/span>Aqu\u00ed est\u00e1 la paciencia de los santos, <strong>los que guardan los mandamientos de Dios<\/strong> y la fe de Jes\u00fas.\u2014APOCLAIPIS 14:12<\/em><\/div><\/div>\n<p><span style=\"color: #5a7e9e;\">[8:34 PM, 9\/17\/2019] Jos\u00e9 Luis Javier<\/span> <br>\nTe estoy dando Romanos. <strong>\u00bfSe contradice Pablo, o t\u00fa lo est\u00e1s contradiciendo?<\/strong><\/p>\n<p><span style=\"color: #63a863;\">[8:34 PM, 9\/17\/2019] Alex (Evang\u00e9lico)<\/span> <br>\n<span style=\"color: #ff0000;\">La ley tubo fin asta los Diez mandamientos<\/span><\/p>\n<p><span style=\"color: #5a7e9e;\"><strong>[EDICI\u00d3N]&nbsp; <\/strong>Jos\u00e9 Luis Javier<\/span><\/p>\n<span class=\"su-highlight\" style=\"background:#fff621;color:#313131\">&nbsp;\u00bfSabes que lo que acabas de decir es un disparate?&nbsp;<\/span>\n<p>Est\u00e1s diciendo que La ley tuvo fin hasta que fue dada la ley. \u00bfTe das cuenta de las estupideces que dices, por tu necedad En aferrarte a dogmas cat\u00f3licas que tu Pastor Bergoglio te dio?<\/p>\n<p><span style=\"color: #5a7e9e;\">[8:34 PM, 9\/17\/2019] Jos\u00e9 Luis Javier<\/span> <br>\n<strong>Fin = Prop\u00f3sito<\/strong><\/p>\n<p><span style=\"color: #63a863;\">[8:34 PM, 9\/17\/2019] Alex (Evang\u00e9lico)<\/span> <br>\n<span style=\"color: #ff0000;\">Solo nos queda regirnos por los principios de tal ley<\/span><\/p>\n<p><span style=\"color: #5a7e9e;\"><strong>[EDICI\u00d3N]&nbsp; <\/strong>Jos\u00e9 Luis Javier<strong><br>\n<\/strong><\/span>Ahora dijistes una perfecta animalada. Est\u00e1s aceptando que debemos regirnos por los principios de la ley.<strong> \u00bfNo es eso guardar la ley?<\/strong> Dime, \u00bfte riges por los principios del d\u00eda de reposo? Te dar\u00e9 alunos principios del d\u00eda de reposo\u2014<\/p>\n<p><span style=\"color: #4d617a;\"><em><span class=\"text Isa-58-13\" style=\"font-family: courier new, courier, monospace;\"><span style=\"font-size: 10px;\"><sup class=\"versenum\">13 <\/sup><\/span><\/span><\/em><\/span><span class=\"su-highlight\" style=\"background:#fff621;color:#313131\">&nbsp;[1]&nbsp;<\/span><span style=\"color: #4d617a;\"><em><span class=\"text Isa-58-13\" style=\"font-family: courier new, courier, monospace;\">Si retrajeres del d\u00eda de reposo tu pie, de hacer tu voluntad <\/span><\/em><\/span><span style=\"color: #4d617a;\"><em><span class=\"text Isa-58-13\" style=\"font-family: courier new, courier, monospace;\">en mi d\u00eda santo, <span class=\"su-highlight\" style=\"background:#fff621;color:#313131\">&nbsp;[2]&nbsp;<\/span>y lo llamares delicia, santo, glorioso de Jehov\u00e1; <span class=\"su-highlight\" style=\"background:#fff621;color:#313131\">&nbsp;[3]&nbsp;<\/span>y lo venerares, <span class=\"su-highlight\" style=\"background:#fff621;color:#313131\">&nbsp;[4]&nbsp;<\/span>no andando en tus propios caminos, <span class=\"su-highlight\" style=\"background:#fff621;color:#313131\">&nbsp;[5]&nbsp;<\/span>ni buscando tu voluntad, <span class=\"su-highlight\" style=\"background:#fff621;color:#313131\">&nbsp;[6]&nbsp;<\/span>ni hablando tus propias palabras, <br>\n<\/span><span id=\"es-RVR1960-18802\" class=\"text Isa-58-14\"><span style=\"font-family: courier new, courier, monospace;\"><span style=\"font-size: 10px;\"><sup class=\"versenum\">14<\/sup><\/span>entonces [<span style=\"color: #4d617a;\">su_highlight backgrou<\/span>nd=\"#fff621&#8243; color=\"#313131&#8243;][7][\/su_highlight]te deleitar\u00e1s en Jehov\u00e1; y yo te har\u00e9 subir sobre las alturas de la tierra, y te dar\u00e9 a comer la heredad de Jacob tu padre; porque la boca de Jehov\u00e1 lo ha hablado. \u2014ISA\u00cdAS 58:13-14<\/span><\/span><\/em><\/span><\/p>\n<p>Ah\u00ed lo tienes, 7 principios sobre el cuarto mandamientos, para que los tengas a mano\u2014y los pongas por obra, cada S\u00e1bado<\/p>\n<p><span style=\"color: #63a863;\">[8:35 PM, 9\/17\/2019] Alex (Evang\u00e9lico)<\/span><br>\nDe acuerdo<br>\n<span style=\"color: #ff0000;\">Entonces tubo fin la ley gane ????????????????<br>\n<\/span>T\u00fa mismo lo digiste<\/p>\n<p><strong><span style=\"color: #5a7e9e;\">[EDICI\u00d3N] <\/span><\/strong><span style=\"color: #5a7e9e;\">Jos\u00e9 Luis Javier<\/span><strong><br>\n<\/strong>Una vez m\u00e1s, usted si es bruto, mi amigo.<\/p>\n<p><em><span style=\"font-family: courier new, courier, monospace;\"><span style=\"color: #4d617a;\"><span style=\"font-size: 10px;\"><sup>10<\/sup><\/span>El amor no hace mal al pr\u00f3jimo; as\u00ed que el cumplimiento de la ley es el amor. \u2014ROMANOS 13:10<\/span><br>\n<\/span><\/em><\/p>\n<p><span style=\"color: #63a863;\">[8:36 PM, 9\/17\/2019] Alex (Evang\u00e9lico)<\/span> <br>\n<span style=\"color: #ff0000;\">La ley del Cristo es <span style=\"text-decoration: underline;\">el amor<\/span> de acuerdo<\/span><\/p>\n<p><strong><span style=\"color: #5a7e9e;\">[EDICI\u00d3N] <\/span><\/strong><span style=\"color: #5a7e9e;\">Jos\u00e9 Luis Javier<\/span><strong><br>\n<\/strong>y OTRA vez, usted si es bruto, mi amigo.<\/p>\n<p><span style=\"font-family: courier new, courier, monospace; color: #4d617a;\"><em><sup>10<\/sup>El amor no hace mal al pr\u00f3jimo; as\u00ed que <span class=\"su-highlight\" style=\"background:#fff621;color:#313131\">&nbsp;el cumplimiento de la ley es el amor.&nbsp;<\/span> \u2014ROMANOS 13:10<\/em><\/span><\/p>\n<p><span id=\"es-RVA-26709\" class=\"text John-15-10\"><span style=\"color: #4d617a;\"><em><span style=\"font-family: courier new, courier, monospace;\"><span style=\"font-size: 10px;\"><sup class=\"versenum\">10<\/sup><\/span><span class=\"su-highlight\" style=\"background:#fff621;color:#313131\">&nbsp;<span style=\"text-decoration: underline;\"><strong>Si guardareis<\/strong><\/span> mis mandamientos, estar\u00e9is en mi amor;&nbsp;<\/span> como yo tambi\u00e9n he guardado los mandamientos de mi Padre, y estoy en su amor.\u20141 JUAN 15:10<\/span><\/em><\/span><br>\n<\/span><\/p>\n<p><span style=\"color: #63a863;\">[8:36 PM, 9\/17\/2019] Alex (Evang\u00e9lico)<\/span><br>\nEntonces la ley de Mois\u00e9s?<\/p>\n<p><strong>\u00bfCre\u00f3 Mois\u00e9s una ley o a Mois\u00e9s se le dio una ley?<\/strong><\/p>\n<p><span style=\"font-family: courier new, courier, monospace; color: #4d617a;\"><em><span style=\"font-size: 10px;\"><sup>12<\/sup><\/span>Entonces Jehov\u00e1<strong> dijo a<\/strong> <b>Mois\u00e9s<\/b>: Sube a m\u00ed al monte, y espera all\u00e1, <span class=\"su-highlight\" style=\"background:#fff621;color:#313131\">&nbsp;y te dar\u00e9 tablas de piedra, y la ley,&nbsp;<\/span> y mandamientos que he escrito para ense\u00f1arles. \u2014\u00c9XODO 24:12<br>\n<\/em><\/span><\/p>\n<p class=\"verse\"><span style=\"color: #4d617a;\"><em><span style=\"font-family: courier new, courier, monospace;\"><span id=\"es-RVA-5017\" class=\"text Deut-4-12\"><span style=\"font-size: 10px;\"><sup class=\"versenum\">12<\/sup><\/span><span class=\"su-highlight\" style=\"background:#fff621;color:#313131\">&nbsp;Y habl\u00f3 Jehov\u00e1 con vosotros&nbsp;<\/span> de en medio del fuego: oisteis la voz de <span style=\"color: #4d617a;\">sus palab<\/span>ras, mas \u00e1 excepci\u00f3n de oir la voz, ninguna figura visteis:<br>\n<\/span><span id=\"es-RVA-5018\" class=\"text Deut-4-13\"><span style=\"font-size: 10px;\"><sup class=\"versenum\">13<\/sup><\/span><strong>Y \u00e9l os anunci\u00f3 su pacto,<\/strong> [<span style=\"color: #4d617a;\">su_highli<\/span>g<span style=\"color: #4d617a;\">ht background=\"#fff621&#8243; color=\"#313131&#8243;]el cual os mand\u00f3 poner por obra,[\/su_highlight] las diez palabras; y escribi\u00f3las en dos tablas de piedra.<\/span><br>\n<\/span><span id=\"es-RVA-5019\" class=\"text Deut-4-14\"><span style=\"font-size: 10px;\"><sup class=\"versenum\">14<\/sup><\/span><span class=\"su-highlight\" style=\"background:#fff621;color:#313131\">&nbsp;A m\u00ed tambi\u00e9n me mand\u00f3 Jehov\u00e1&nbsp;<\/span> entonces ense\u00f1aros los estatutos y derechos, para que los pusieseis por obra en la tierra \u00e1 la cual pas\u00e1is para poseerla. \u2014DEUTERONOMIO 4:12-14<br>\n<\/span><\/span><\/em><\/span><\/p>\n<p><span style=\"color: #999999;\"><span style=\"color: #5a7e9e;\">[8:37 PM, 9\/17\/2019] Jos\u00e9 Luis Javier<\/span><br>\n<\/span><em><span style=\"font-family: courier new, courier, monospace; color: #4d617a;\"><sup>14<\/sup>Bienaventurados los que GUARDAN SUS MANDAMIENTOS, *para tener derecho al \u00e1rbol de la vida, y para entrar por las puertas en la ciudad.<\/span><\/em><br>\n<em><span style=\"font-family: courier new, courier, monospace; color: #4d617a;\"><sup>15<\/sup>Mas los perros <span class=\"su-highlight\" style=\"background:#fff621;color:#313131\">&nbsp;estar\u00e1n fuera,&nbsp;<\/span> y los hechiceros, los fornicarios, los homicidas, los id\u00f3latras, y todo aquel que ama y hace mentira.<\/span><\/em><br>\n<span style=\"font-family: courier new, courier, monospace;\"><em><span style=\"color: #4d617a;\"><sup>16<\/sup><span class=\"su-highlight\" style=\"background:#fff621;color:#313131\">&nbsp;Yo Jes\u00fas&nbsp;<\/span>he enviado mi \u00e1ngel para daros testimonio de estas cosas en las iglesias. Yo soy la ra\u00edz y el linaje de David, la estrella resplandeciente de la ma\u00f1ana.\u2014APOCALIPSIS 22:14-16<\/span><\/em><br>\n<\/span><\/p>\n<p><strong>Expl\u00edcame Apocalipsis. 22:15<\/strong><\/p>\n<p><strong><a href=\"https:\/\/www.cristoverdad.com\/wp-content\/uploads\/2018\/08\/catecismo-converso.jpg\" data-rel=\"lightbox-image-1\" data-rl_title data-rl_caption title><noscript><img decoding=\"async\" class=\"size-medium wp-image-7700 alignright\" src=\"https:\/\/www.cristoverdad.com\/wp-content\/uploads\/2018\/08\/catecismo-converso-300x162.jpg\" alt width=\"300\" height=\"162\"><\/noscript><img decoding=\"async\" class=\"size-medium wp-image-7700 alignright lazyload\" src=\"data:image\/svg+xml,%3Csvg%20xmlns%3D%22http%3A%2F%2Fwww.w3.org%2F2000%2Fsvg%22%20viewBox%3D%220%200%20300%20162%22%3E%3C%2Fsvg%3E\" alt width=\"300\" height=\"162\" data-src=\"https:\/\/www.cristoverdad.com\/wp-content\/uploads\/2018\/08\/catecismo-converso-300x162.jpg\" loading=\"lazy\"><\/a>Eres cat\u00f3lico,<\/strong> mi amigo <a class=\"tooltip\" href=\"https:\/\/www.cristoverdad.com\/el-catecismo-del-santo-concilio-de-trento\/\" target=\"_blank\" rel=\"noopener noreferrer\"><span style=\"font-size: 10px;\"><sup>[3]<\/sup><\/span><span class=\"tooltiptext\">El Catecismo del Santo Concilio de Trento \u2014 Iglesia Cat\u00f3lica Admite Cambio del D\u00eda de Reposo<br>\n[DOCUMENTO, CristoVerdad]<\/span><\/a><\/p>\n<p><span style=\"color: #63a863;\">[8:38 PM, 9\/17\/2019] Alex (Evang\u00e9lico)<\/span><br>\nSigues con lo mismo te pregunto algo la ley nos acerca a Cristo o nos aleja ? Responde<\/p>\n<p>Que con eso.<\/p>\n<p>Deu. 5:15: \u201cTienes que recordar [Israel] que llegaste a ser esclavo en la tierra de Egipto y Jehov\u00e1 tu Dios procedi\u00f3 a sacarte de all\u00ed con mano fuerte y brazo extendido. Es por eso que Jehov\u00e1 tu Dios te mand\u00f3 llevar a cabo el d\u00eda s\u00e1bado.\u201d (Aqu\u00ed Jehov\u00e1 relaciona el dar la ley del s\u00e1bado con la liberaci\u00f3n de Israel de la esclavitud en Egipto, no con los sucesos de Ed\u00e9n.)<\/p>\n<p><strong><span style=\"color: #5a7e9e;\">[EDICI\u00d3N] <\/span><\/strong><span style=\"color: #5a7e9e;\">Jos\u00e9 Luis Javier<\/span><strong><br>\n<\/strong>Claro inepto, El S\u00e1bado es el d\u00eda de la libertad <em>(ISA. 58:13-14). <\/em>Expl\u00edcame que hacen Jes\u00fas, Pablo, y Juan habalando del S\u00e1bado en el Nueto Testamenteo. a\u00fan mucho despu\u00e9s de Cristo morir.<em><br>\n<\/em><\/p>\n<p><span style=\"color: #63a863;\">[8:41 PM, 9\/17\/2019] Alex (Evang\u00e9lico)<\/span> <br>\n\u00c9xo. 16:1, 23-29: \u201cPor fin lleg\u00f3 toda la asamblea de los hijos de Israel al desierto de Sin [&#8230;] el d\u00eda quince del segundo mes despu\u00e9s de haber salido de la tierra de Egipto. [&#8230;] [Mois\u00e9s] les dijo: \u2018Es lo que ha hablado Jehov\u00e1. Ma\u00f1ana habr\u00e1 observancia sab\u00e1tica de un s\u00e1bado santo a Jehov\u00e1. [&#8230;] Seis d\u00edas lo recoger\u00e1n [el man\u00e1], pero en el s\u00e9ptimo d\u00eda hay s\u00e1bado. En \u00e9l no se formar\u00e1.\u2019 [&#8230;] Jehov\u00e1 le dijo a Mois\u00e9s: [&#8230;] \u2018Tomen nota del hecho de que Jehov\u00e1 les ha dado el s\u00e1bado.\u2019\u201d (Antes de esto, las semanas hab\u00edan sido separadas en grupos de siete d\u00edas cada una, pero esta es la primera referencia que se hace a una observancia sab\u00e1tica.)<\/p>\n<p><strong><span style=\"color: #5a7e9e;\">[EDICI\u00d3N] <\/span><\/strong><span style=\"color: #5a7e9e;\">Jos\u00e9 Luis Javier<\/span><strong><br>\n<\/strong>\u00bfSab\u00edas que ya se estaba guardando el S\u00e1bado antes de eso? (EXD. 16:4-5)|<br>\n<strong>\u00bfPor qu\u00e9 la semana tiene 7 d\u00edas en cada lugar del mundo?<\/strong><\/p>\n<p><span style=\"color: #5a7e9e;\">[8:44 PM, 9\/17\/2019] Jos\u00e9 Luis Javier<\/span> <br>\nTe estoy diciendo, eres m\u00e1s cat\u00f3lico que Francisco.<a class=\"tooltip\" href=\"https:\/\/www.cristoverdad.com\/el-catecismo-del-santo-concilio-de-trento\/\" target=\"_blank\" rel=\"noopener noreferrer\"><sup><span style=\"font-size: 10px;\">[3]<\/span><\/sup><span class=\"tooltiptext\">El Catecismo del Santo Concilio de Trento \u2014 Iglesia Cat\u00f3lica Admite Cambio del D\u00eda de Reposo<br>\n[DOCUMENTO, CristoVerdad]<\/span><\/a><\/p>\n<div class=\"su-vimeo su-u-responsive-media-yes\"><noscript><iframe width=\"600\" height=\"400\" src=\"\/\/player.vimeo.com\/video\/274317527?title=0&amp;byline=0&amp;portrait=0&amp;color=ffffff&amp;autoplay=0&amp;dnt=0&amp;muted=0&amp;texttrack=\" frameborder=\"0\" allow=\"autoplay; fullscreen\" allowfullscreen title><\/iframe><\/noscript><iframe width=\"600\" height=\"400\" frameborder=\"0\" allow=\"autoplay; fullscreen\" allowfullscreen title data-src=\"\/\/player.vimeo.com\/video\/274317527?title=0&amp;byline=0&amp;portrait=0&amp;color=ffffff&amp;autoplay=0&amp;dnt=0&amp;muted=0&amp;texttrack=\" loading=\"lazy\" class=\" lazyload\"><\/iframe><\/div>\n<p><span style=\"color: #63a863;\">[8:44 PM, 9\/17\/2019] Alex (Evang\u00e9lico)<\/span> <br>\nEmos Sido desobligado de la ley. Telo puedo mostrar con la biblia<\/p>\n<p><span style=\"color: #5a7e9e;\">[8:45 PM, 9\/17\/2019] Jos\u00e9 Luis Javier<\/span> <br>\nApoc. 22:14-15.. <strong>Expl\u00edcame Apoc 22:15, <\/strong>por favor.<strong><br>\n<\/strong><\/p>\n<p><a href=\"https:\/\/www.cristoverdad.com\/wp-content\/uploads\/2018\/08\/catecismo-converso.jpg\" data-rel=\"lightbox-image-2\" data-rl_title data-rl_caption title><noscript><img decoding=\"async\" class=\"wp-image-7700  alignleft\" src=\"https:\/\/www.cristoverdad.com\/wp-content\/uploads\/2018\/08\/catecismo-converso-300x162.jpg\" alt width=\"267\" height=\"144\"><\/noscript><img decoding=\"async\" class=\"wp-image-7700  alignleft lazyload\" src=\"data:image\/svg+xml,%3Csvg%20xmlns%3D%22http%3A%2F%2Fwww.w3.org%2F2000%2Fsvg%22%20viewBox%3D%220%200%20267%20144%22%3E%3C%2Fsvg%3E\" alt width=\"267\" height=\"144\" data-src=\"https:\/\/www.cristoverdad.com\/wp-content\/uploads\/2018\/08\/catecismo-converso-300x162.jpg\" loading=\"lazy\"><\/a>[8:45 PM, 9\/17\/2019] Alex (Evang\u00e9lico): Rom. 7:6, 7: \u201cAhora hemos sido desobligados de la Ley, porque hemos muerto a aquello por lo cual se nos ten\u00eda sujetos [&#8230;] \u00bfQu\u00e9, pues, diremos? \u00bfEs la Ley pecado? \u00a1Jam\u00e1s sea cierto eso! Realmente no hubiera llegado yo a conocer el pecado si no hubiese sido por la Ley; y, por ejemplo, no hubiera conocido la codicia si la Ley no hubiese dicho: \u2018No debes codiciar.\u2019\u201d (Aqu\u00ed, inmediatamente despu\u00e9s de escribir que los cristianos jud\u00edos hab\u00edan sido \u201cdesobligados de la Ley\u201d, \u00bfqu\u00e9 ejemplo de la Ley cita Pablo? El D\u00e9cimo Mandamiento, lo cual muestra que este era parte de la Ley de la cual hab\u00edan sido desobligados.)<\/p>\n<p><span style=\"color: #5a7e9e;\">[8:45 PM, 9\/17\/2019] Jos\u00e9 Luis Javier<\/span> <br>\nTe digo que eres cat\u00f3lico.<\/p>\n\n<p><span style=\"color: #63a863;\">[8:46 PM, 9\/17\/2019] Alex (Evang\u00e9lico)<\/span><\/p>\n<p>Adi\u00f3s sigue guardando la ley que de nada te sirve<\/p>\n<p><span style=\"color: #999999;\"><span style=\"color: #5a7e9e;\">[8:46 PM, 9\/17\/2019] Jos\u00e9 Luis Javier<\/span><br>\n<\/span>[BUENO, dice la Biblia que la ley no sirve para nada, excepto para llegar al cielo <em>(APC. 22:14-21)<\/em>]\n<\/p><div class=\"su-box su-box-style-default\" id style=\"border-color:#0040a5;border-radius:3px;max-width:none\"><div class=\"su-box-title\" style=\"background-color:#0073d8;color:#ffffff;border-top-left-radius:1px;border-top-right-radius:1px\">El D\u00eda de la Resurrecci\u00f3n: La Nueva Creaci\u00f3n<\/div><div class=\"su-box-content su-u-clearfix su-u-trim\" style=\"border-bottom-left-radius:1px;border-bottom-right-radius:1px\"><span style=\"color: #0073d8;\">2174 <\/span>Jes\u00fas resucit\u00f3 de entre los muertos \u201cel primer d\u00eda de la semana\u201d (Mt 28, 1; Mc 16, 2; Lc 24, 1; Jn 20, 1). <strong>En cuanto es el \u201cprimer d\u00eda\u201d,<\/strong> el d\u00eda de la Resurrecci\u00f3n de Cristo recuerda la primera creaci\u00f3n. <strong>En cuanto es el \u201coctavo d\u00eda\u201d, que sigue al s\u00e1bado<\/strong> (cf Mc 16, 1; Mt 28, 1), <span class=\"su-highlight\" style=\"background:#fff621;color:#313131\">&nbsp;significa la nueva creaci\u00f3n inaugurada con la resurrecci\u00f3n de Cristo.&nbsp;<\/span> Para los cristianos vino a ser el primero de todos los d\u00edas, la primera de todas las fiestas, el d\u00eda del Se\u00f1or (H\u00e8 kyriak\u00e8 h\u00e8mera, dies dominica), <span class=\"su-highlight\" style=\"background:#fff621;color:#313131\">&nbsp;el \u201cdomingo:\u201d&nbsp;<\/span>\n<div class style=\"padding-left: 15px;\" data-block=\"true\" data-editor=\"lken\" data-offset-key=\"9mvl9-0-0\">\u00abNos reunimos todos<span class=\"su-highlight\" style=\"background:#fff621;color:#313131\">&nbsp; el d\u00eda del sol&nbsp;<\/span>porque es el primer d\u00eda [despu\u00e9s del s\u00e1bado jud\u00edo,[\/su_highlight] pero tambi\u00e9n el primer d\u00eda], en que Dios, sacando la materia de las tinieblas, cre\u00f3 al mundo; ese mismo d\u00eda, Jesucristo\u2026<em> \u2014CATECISMO DE LA IGLESIA CATLICA, Art. 2174 <a class=\"tooltip\" href=\"http:\/\/www.vatican.va\/archive\/catechism_sp\/p3s2c1a3_sp.html\" target=\"_blank\" rel=\"noopener noreferrer\"><span style=\"font-size: 10px;\"><sup>[4]<\/sup><\/span><span class=\"tooltiptext\">El d\u00eda de la Resurrecci\u00f3n: la Nueva Creaci\u00f3n <br>\n[ENLACE, El Vaticano]<\/span><\/a><\/em><\/div>\n<div class data-block=\"true\" data-editor=\"lken\" data-offset-key=\"9mvl9-0-0\"><\/div><\/div><\/div>\n<div class data-block=\"true\" data-editor=\"lken\" data-offset-key=\"9mvl9-0-0\">\n<p><span style=\"color: #63a863;\">[8:48 PM, 9\/17\/2019] Alex (Evang\u00e9lico)<\/span> <br>\n2 Cor. 3:7-11: \u201cSi el c\u00f3digo que administra muerte y que fue grabado con letras en piedras se efectu\u00f3 con una gloria, de modo que los hijos de Israel no pudieron mirar con fijeza el rostro de Mois\u00e9s a causa de la gloria de su rostro, gloria que hab\u00eda de ser eliminada, \u00bfpor qu\u00e9 no deber\u00eda ser con mucha m\u00e1s raz\u00f3n con gloria la administraci\u00f3n del esp\u00edritu? [&#8230;] Porque si lo que hab\u00eda de ser eliminado fue introducido con gloria, mucho m\u00e1s ser\u00eda con gloria lo que permanece.\u201d (Aqu\u00ed se hace referencia al c\u00f3digo que fue \u201cgrabado con letras en piedras\u201d y se dice que los \u201chijos de Israel no pudieron mirar con fijeza el rostro de Mois\u00e9s\u201d en la ocasi\u00f3n en que se les dio el c\u00f3digo. \u00bfQu\u00e9 describe esto? \u00c9xodo 34:1, 28-30 muestra que es la ocasi\u00f3n en que se dieron los Diez\u2026<\/p>\n<p><strong><span style=\"color: #5a7e9e;\">[EDICI\u00d3N] <\/span><\/strong><span style=\"color: #5a7e9e;\">Jos\u00e9 Luis Javier<\/span><strong><br>\n<\/strong>Como siempre. tienes una nube negra sobre tu cabeza. Aqu\u00ed est\u00e1 hablando que el viejo pacto, escrito en tablas de piedras iba a ser eliminado, y\u2014luego reemplezado, con un nuevo pacto. T\u00fa mismo diste la cita, o ya se te olvid\u00f3. Pero no te preocupes, aqu\u00ed estoy para refrescarte la memoria\u2014<\/p>\n<p><em><span style=\"font-family: courier new, courier, monospace; color: #4d617a;\"><span id=\"es-RVA-30100\" class=\"text Heb-8-8\"><sup class=\"versenum\">8<\/sup>Porque reprendi\u00e9ndolos dice: He aqu\u00ed vienen d\u00edas, dice el Se\u00f1or, <span class=\"su-highlight\" style=\"background:#fff621;color:#1b6d96\">&nbsp;Y consumar\u00e9 para con la casa de Israel y para con la casa de Jud\u00e1 un nuevo pacto&nbsp;<\/span>;<br>\n<\/span><span id=\"es-RVA-30101\" class=\"text Heb-8-9\"><sup class=\"versenum\">9<\/sup>No como el pacto que hice con sus padres El d\u00eda que los tom\u00e9 por la mano para sacarlos de la tierra de Egipto: Porque ellos <strong>NO<\/strong> permanecieron en mi pacto, <span class=\"su-highlight\" style=\"background:#fff621;color:#1b6d96\">&nbsp;Y yo los menospreci\u00e9,&nbsp;<\/span> dice el Se\u00f1or.<br>\n<\/span><span id=\"es-RVA-30102\" class=\"text Heb-8-10\"><sup class=\"versenum\">10<\/sup>Por lo cual, <span class=\"su-highlight\" style=\"background:#fff621;color:#1b6d96\">&nbsp;este es el pacto&nbsp;<\/span>que ordenar\u00e9 \u00e1 la casa de Israel Despu\u00e9s de aquellos d\u00edas, dice el Se\u00f1or: <span class=\"su-highlight\" style=\"background:#fff621;color:#1b6d96\">&nbsp;Dar\u00e9 mis leyes en el alma de ellos, Y sobre el coraz\u00f3n de ellos las escribir\u00e9;&nbsp;<\/span> Y ser\u00e9 \u00e1 ellos por Dios, Y ellos me ser\u00e1n \u00e1 m\u00ed por pueblo:<br>\n<\/span><span id=\"es-RVA-30103\" class=\"text Heb-8-11\"><sup class=\"versenum\">11<\/sup>Y ninguno enese\u00f1ar\u00e1 \u00e1 su pr\u00f3jimo, Ni ninguno \u00e1 su hermano, diciendo: Conoce al Se\u00f1or: <strong>Porque todos me conocer\u00e1n,<\/strong> Desde el menor de ellos hasta el mayor. \u2014HEBREOS 8:8-11 <\/span><span id=\"es-RVA-30103\">(<\/span><span id=\"es-RVA-30103\">Ver JERERM\u00cdAS. 31:31-35)<\/span><\/span><\/em><\/p>\n<p><strong>\u00bfQu\u00e9 es lo que t\u00fa todv\u00edas no entiendes?<\/strong><\/p>\n<p><span style=\"color: #5a7e9e;\">[8:48 PM, 9\/17\/2019] Jos\u00e9 Luis Javier<\/span><br>\n<em><span style=\"font-family: courier new, courier, monospace; color: #4d617a;\"><span style=\"font-size: 10px;\"><sup> 25<\/sup><\/span>Porque la circuncisi\u00f3n en <span class=\"su-highlight\" style=\"background:#fff621;color:#313131\">&nbsp;verdad aprovecha, si guardares la ley;&nbsp;<\/span> mas si eres rebelde \u00e1 la ley, tu circuncisi\u00f3n es hecha incircuncisi\u00f3n.<br>\n<\/span><\/em><span style=\"color: #4d617a;\"><em><span style=\"font-family: courier new, courier, monospace;\"><sup>26<\/sup>De manera que,<strong> si el incircunciso guardare las justicias de la ley, \u00bfno ser\u00e1 tenida su incircuncisi\u00f3n por circuncisi\u00f3n?<\/strong><\/span><\/em><\/span><br>\n<span style=\"font-size: 10px; font-family: courier new, courier, monospace; color: #4d617a;\"><sup>27<\/sup><\/span><span style=\"color: #4d617a;\"><em><span style=\"font-family: courier new, courier, monospace;\">Y lo que de su natural es incircunciso, <span class=\"su-highlight\" style=\"background:#fff621;color:#313131\">&nbsp;guardando perfectamente la ley, te juzgar\u00e1 \u00e1 ti&nbsp;<\/span>, que con la letra y con la circuncisi\u00f3n eres rebelde \u00e1 la ley.<\/span><\/em><\/span><br>\n<span style=\"color: #4d617a;\"><em><span style=\"font-family: courier new, courier, monospace;\"><span style=\"font-size: 10px;\"><sup>28<\/sup><\/span>Porque no es Jud\u00edo el que lo es en manifiesto; ni la circuncisi\u00f3n es la que es en manifiesto en la carne:<\/span><\/em><\/span><br>\n<span style=\"color: #4d617a;\"><em><span style=\"font-family: courier new, courier, monospace;\"><span style=\"font-size: 10px;\"><sup>29<\/sup><\/span>Mas es Jud\u00edo el que lo es en lo interior; y la circuncisi\u00f3n es la del coraz\u00f3n, en esp\u00edritu, no en letra; la alabanza del cual no es de los hombres, sino de Dios. \u2014ROMANOS 2:25-29<\/span><\/em><\/span><\/p>\n<p><span style=\"color: #63a863;\">[8:49 PM, 9\/17\/2019] Alex (Evang\u00e9lico)<\/span><br>\n<span style=\"color: #ff0000;\">Israelita disimulado<\/span><\/p>\n<p><strong><span style=\"color: #5a7e9e;\">[EDICI\u00d3N] <\/span><\/strong><span style=\"color: #5a7e9e;\">Jos\u00e9 Luis Javier<\/span><strong><br>\n<\/strong>Interesante comentario el tuyo. Te tejo una pregunta abierta, <span class=\"su-highlight\" style=\"background:#fff621;color:#313131\">&nbsp;<strong>\u00bfES ISRAEL EL PUEBLO DE DIOS?<\/strong>&nbsp;<\/span>\n<\/p><p><span style=\"color: #5a7e9e;\">[8:49 PM, 9\/17\/2019] Jos\u00e9 Luis Javier<\/span><br>\nTexto Irrefutable del d\u00eda\u2014<\/p>\n<p><em><\/em><\/p><div class=\"su-box su-box-style-default\" id style=\"border-color:#0040a5;border-radius:3px;max-width:none\"><div class=\"su-box-title\" style=\"background-color:#0073d8;color:#ffffff;border-top-left-radius:1px;border-top-right-radius:1px\">ESTANDO EN LA CARNE<\/div><div class=\"su-box-content su-u-clearfix su-u-trim\" style=\"border-bottom-left-radius:1px;border-bottom-right-radius:1px\">\n<span style=\"font-size: 10px;\"><sup>3<\/sup><\/span> Porque lo que era imposible para la ley,<strong> POR CUANTO ERA D\u00c9BIL POR LA CARNE<\/strong>, Dios, enviando a su Hijo en semejanza de carne de pecado y a causa del pecado, conden\u00f3 al pecado en la carne; <br>\n<em><span style=\"font-size: 10px;\"><sup>4 <\/sup><\/span><\/em><em><span class=\"su-highlight\" style=\"background:#fff621;color:#313131\">&nbsp;para que la justicia de la ley se cumpliese en nosotros,&nbsp;<\/span> que no andamos conforme a la carne, sino conforme al Esp\u00edritu. <\/em><br>\n<em><strong><span style=\"font-size: 10px;\"><sup>5 <\/sup><\/span>PORQUE LOS QUE SON DE LA CARNE PIENSAN EN LAS COSAS DE LA CARNE;<\/strong> pero los que son del Esp\u00edritu, en las cosas del Esp\u00edritu. <\/em><br>\n<em><span style=\"font-size: 10px;\"><sup>6 <\/sup><\/span>Porque<strong> EL OCUPARSE DE LA CARNE<\/strong> es muerte, pero el ocuparse del Esp\u00edritu es vida y paz. <\/em><br>\n<em><span style=\"font-size: 10px;\"><sup>7 <\/sup><\/span>Por cuanto los designios de la carne<span class=\"su-highlight\" style=\"background:#fff621;color:#313131\">&nbsp;SON ENEMISTAD CONTRA DIOS; PORQUE NO SE SUJETAN A LA LEY DE DIOS&nbsp;<\/span>, ni tampoco pueden; <\/em><br>\n<em><span style=\"font-size: 10px;\"><sup>8 <\/sup><\/span>y los que viven seg\u00fan la carne NO PUEDEN AGRADAR A DIOS. \u2014ROMANOS 8 Mas vosotros no viv\u00eds seg\u00fan la carne, sino seg\u00fan el Esp\u00edritu, si es que el Esp\u00edritu de Dios mora en vosotros. Y si alguno no tiene el Esp\u00edritu de Cristo, no es de \u00e9l. \u2014ROMANOS 8:3-8<\/em><\/div><\/div>\n<p><span style=\"color: #5a7e9e;\">[8:49 PM, 9\/17\/2019] Jos\u00e9 Luis Javier<\/span><br>\n<strong>Pablo, Pablo, Pablo\u2026<\/strong><\/p>\n<p>Me preguntastes si yo estaba sujeto a la ley. Pues s\u00ed, y a mucha honra. \u00a1<strong>Refuta, amigo, refuta!<\/strong><\/p>\n<p><strong>Dice la Biblia que que t\u00fa no agradas a Dios. <\/strong>No lo digo yo. Pablo tu id\u00f3lo, lo dice.<\/p>\n<p><span style=\"color: #63a863;\">[8:50 PM, 9\/17\/2019] Alex (Evang\u00e9lico)<\/span><br>\nHebreos 8:10 declara: \u201c\u2018Porque \u00e9ste es el pacto que pactar\u00e9 con la casa de Israel despu\u00e9s de aquellos d\u00edas,\u2019 dice Jehov\u00e1<strong>. \u2018Pondr\u00e9 mis leyes en su mente, y en su coraz\u00f3n las escribir\u00e9.<\/strong> Y yo llegar\u00e9 a ser su Dios, y ellos mismos llegar\u00e1n a ser mi pueblo\u2019\u201d. \u00a1De cu\u00e1nta m\u00e1s eficacia son esas leyes que las grabadas en tablas de piedra!<\/p>\n<p><span style=\"color: #5a7e9e;\"><strong>[EDICI\u00d3N] <\/strong>Jos\u00e9 Luis Javier<\/span> <br>\nWOW, mi amigo, el diablo te comi\u00f3 el cerebreo.<strong> Me acabas de dar el trofeo en la mano t\u00fa mismo. \u00a1<\/strong>Verdaderamente sorprendente!<\/p>\n<p><span style=\"color: #63a863;\">[[8:52 PM, 9\/17\/2019] Alex (Evang\u00e9lico)<\/span> <br>\nMe hablaste m\u00e1s de Israel que de los cristianos. Jajaja<\/p>\n<p><span style=\"color: #5a7e9e;\">[8:52 PM, 9\/17\/2019] Jos\u00e9 Luis Javier<\/span> <br>\nDice Pablo que t\u00fa est\u00e1s en la carne, y por eso no puedes guardar la ley de Dios.<\/p>\n<p><span style=\"color: #63a863;\">[8:52 PM, 9\/17\/2019] Alex (Evang\u00e9lico)<\/span> <br>\n<strong><span style=\"color: #ff0000; font-size: 20px;\">Obviamente por qu\u00e9 los cristianos no guardaban el s\u00e1bado<\/span><\/strong><\/p>\n<p><strong><span style=\"color: #5a7e9e;\">[EDICI\u00d3N] <\/span><\/strong><span style=\"color: #5a7e9e;\">Jos\u00e9 Luis Javier<\/span><strong><br>\n<\/strong>Otra burrada\u2014<\/p>\n<p><em><span style=\"font-family: courier new, courier, monospace; color: #4d617a;\"><span class=\"text Acts-17-1\" style=\"font-size: 10px;\"><span class=\"chapternum\"><span id=\"es-RVR1960-27527\" class=\"text Acts-17-2\"><sup class=\"versenum\">16<\/sup><\/span><\/span><\/span>Andando junto al mar de Galilea, vio a <span class=\"su-highlight\" style=\"background:#fff621;color:#313131\">&nbsp;Sim\u00f3n y a Andr\u00e9s&nbsp;<\/span> su hermano, que echaban la red en el mar; porque eran pescadores.<br>\n<span class=\"text Acts-17-1\" style=\"font-size: 10px;\"><span class=\"chapternum\"><span id=\"es-RVR1960-27527\" class=\"text Acts-17-2\"><sup class=\"versenum\">17<\/sup><\/span><\/span><\/span>Y les dijo Jes\u00fas: Venid en pos de m\u00ed, y har\u00e9 que se\u00e1is pescadores de hombres.<br>\n<span class=\"text Acts-17-1\" style=\"font-size: 10px;\"><span class=\"chapternum\"><span id=\"es-RVR1960-27527\" class=\"text Acts-17-2\"><sup class=\"versenum\">18<\/sup><\/span><\/span><\/span>Y dejando luego sus redes, le siguieron.<br>\n<span class=\"text Acts-17-1\" style=\"font-size: 10px;\"><span class=\"chapternum\"><span id=\"es-RVR1960-27527\" class=\"text Acts-17-2\"><sup class=\"versenum\">19<\/sup><\/span><\/span><\/span>Pasando de all\u00ed un poco m\u00e1s adelante, <span class=\"su-highlight\" style=\"background:#fff621;color:#313131\">&nbsp;vio a Jacobo hijo de Zebedeo, y a JUAN su hermano,&nbsp;<\/span> tambi\u00e9n ellos en la barca, que remendaban las redes.<br>\n<span class=\"text Acts-17-1\" style=\"font-size: 10px;\"><span class=\"chapternum\"><span id=\"es-RVR1960-27527\" class=\"text Acts-17-2\"><sup class=\"versenum\">20<\/sup><\/span><\/span><\/span>Y luego <strong>los llam\u00f3<\/strong>; y dejando a su padre Zebedeo en la barca con los jornaleros, le siguieron.<br>\n<span class=\"text Acts-17-1\" style=\"font-size: 10px;\"><span class=\"chapternum\"><span id=\"es-RVR1960-27527\" class=\"text Acts-17-2\"><sup class=\"versenum\">21<\/sup><\/span><\/span><\/span>Y entraron en Capernaum; <span class=\"su-highlight\" style=\"background:#fff621;color:#313131\">&nbsp;y LOS D\u00cdAS DE REPOSO, entrando en la sinagoga, ense\u00f1aba.&nbsp;<\/span> \u2014MARCOS 1:16?-?21<\/span><\/em><\/p>\n<p>Eres bien ignorante, pero a\u00fan m\u00e1s est\u00fapido. Sino sabes algo, calla para que no hagas el rid\u00edculo. Decir que los \"cristianos\" (disc\u00edpulos) y Jes\u00fas no guardaban el s\u00e1bado, deja claramente ver que t\u00fa no lees la Biblia, ni mucho menos la escudri\u00f1as. Simplemente repites lo que los coyotes (que t\u00fa llamas pastores) te repiten en las sectas que te has congregado hasta el d\u00eda de hoy. Pero como siempre, aqu\u00ed estoy para ayudarte. <a class=\"tooltip\" href=\"https:\/\/www.cristoverdad.com\/juan-los-discipulos-y-el-dia-del-senor\/\" target=\"_blank\" rel=\"noopener noreferrer\"><sup><span style=\"font-size: 10px;\">[8]<\/span><\/sup><span class=\"tooltiptext\">Juan, Los Disc\u00edpulos y <br>\nEl D\u00eda del Se\u00f1or <br>\n[ESTUDIO, CristoVerdad]<\/span><\/a><\/p>\n<p>Te dejo un estudio completo para que por lo menos se los de a tus maestros, pues ah\u00ed est\u00e1 la ra\u00edz del problema, en tu maestros. Y ya que tu naturaleza es seguidor de hombres <em>(MAT. 15:8-9), <\/em>las cosas caen por su propio peso.<em><br>\n<\/em><\/p>\n<p>\u00bfEn este camino me he encontrado con gente bien ignorante. Pero te digo que t\u00fa eres al m\u00e1s ignorante\u2014y quiz\u00e1s, el m\u00e1s perverso de todos.<\/p>\n<p><span style=\"color: #63a863;\">[8:53 PM, 9\/17\/2019] Alex (Evang\u00e9lico)<\/span> <br>\nEstoy bajo bonda inmerecida por eso no guardo la ley la ley es sombra<\/p>\n<p>Rom. 6:15-17: \u201c\u00bfCometeremos un pecado porque no estamos bajo ley sino bajo bondad inmerecida? \u00a1Jam\u00e1s suceda eso! \u00bfNo saben que si siguen present\u00e1ndose a alguien como esclavos para obedecerle, son esclavos de \u00e9l porque le obedecen, ya sea del pecado con la muerte en mira o de la obediencia con la justicia en mira? Pero gracias a Dios que eran ustedes esclavos del pecado pero se hicieron obedientes de coraz\u00f3n a aquella forma de ense\u00f1anza a la cual fueron entregados.\u201d (V\u00e9ase tambi\u00e9n G\u00e1latas 5:18-24.)<\/p>\n<p>???<\/p>\n<p><span style=\"color: #5a7e9e;\">[8:53 PM, 9\/17\/2019] Jos\u00e9 Luis Javier:<\/span> <br>\n<span style=\"color: #4d617a;\"><em><span style=\"font-family: courier new, courier, monospace;\"><sup>19<\/sup>Y el templo de Dios fu\u00e9 abierto en el cielo,<span class=\"su-highlight\" style=\"background:#fff621;color:#313131\">&nbsp;y el arca de su testamento fu\u00e9 vista en su templo.&nbsp;<\/span> Y fueron hechos rel\u00e1mpagos y voces y truenos y terremotos y grande granizo. \u2014APOC 11:19<\/span><\/em><\/span><\/p>\n<p><span style=\"color: #63a863;\">[8:53 PM, 9\/17\/2019] Alex (Evang\u00e9lico)<\/span><br>\nListo fefutado<\/p>\n<p><strong><span style=\"color: #5a7e9e;\">[EDICI\u00d3N] <\/span><\/strong><span style=\"color: #5a7e9e;\">Jos\u00e9 Luis Javier<\/span><strong><br>\n<\/strong>Aparte de ignorante, tambi\u00e9n rid\u00edculo, ya veo. S\u00ed\u2014ganaste, o mejor dicho, te ganaste un premio: <em><strong>Evangelicus Burrae<\/strong>.<\/em><\/p>\n<p><span style=\"color: #999999;\">[<span style=\"color: #5a7e9e;\">8:53 PM, 9\/17\/2019] Jos\u00e9 Luis Javier<\/span><\/span> <br>\n\u00bfy NO HAY LEY? Mmmmmmm\u2026<\/p>\n<p><span style=\"color: #63a863;\">[8:53 PM, 9\/17\/2019] Alex (Evang\u00e9lico)<\/span> <br>\nPara el cristiano si la ley del Cristo que es el amor. Sigues siendo exclavo<\/p>\n<p><span style=\"color: #5a7e9e;\">[8:54 PM, 9\/17\/2019] Jos\u00e9 Luis Javier<\/span><strong><br>\n\u00bfy QU\u00c9 ES EL AMOR?<\/strong><\/p>\n<p><span style=\"color: #4d617a;\"><em><span style=\"font-family: courier new, courier, monospace;\"><span style=\"font-size: 10px;\"><sup>10<\/sup><\/span>El amor no hace mal al pr\u00f3jimo: as\u00ed que,* <span class=\"su-highlight\" style=\"background:#fff621;color:#313131\">&nbsp;el cumplimento de la ley esel amor.&nbsp;<\/span> \u2014ROMANOS 13:10<\/span><\/em><\/span><\/p>\n<p><span style=\"color: #63a863;\">[8:54 PM, 9\/17\/2019] Alex (Evang\u00e9lico)<\/span> <br>\nYo soy libre por qu\u00e9 d\u00f3nde est\u00e1 el esp\u00edritu de Dios hay libertad<\/p>\n<p><strong><span style=\"color: #5a7e9e;\">[EDICI\u00d3N] <\/span><\/strong><span style=\"color: #5a7e9e;\">Jos\u00e9 Luis Javier<\/span><strong><br>\n<\/strong><em><span id=\"es-RVR1960-28107\" class=\"text Rom-7-14\" style=\"font-family: courier new, courier, monospace; color: #4d617a;\"><span style=\"font-size: 10px;\"><sup class=\"versenum\">14<\/sup><\/span>Porque sabemos que <span class=\"su-highlight\" style=\"background:#fff621;color:#313131\">&nbsp;la ley es espiritual;&nbsp;<\/span> mas yo soy carnal, vendido al pecado.<\/span><\/em><strong><br>\n<\/strong><\/p>\n<p>\u00bfA esto te refieres?<\/p>\n<p><span style=\"color: #63a863;\">[8:55 PM, 9\/17\/2019] Alex (Evang\u00e9lico)<\/span> <br>\nSigue de exclavo guardando tu ley. Yo sigo la ley del Cristo<\/p>\n<p><strong><span style=\"color: #5a7e9e;\">[EDICI\u00d3N] <\/span><\/strong><span style=\"color: #5a7e9e;\">Jos\u00e9 Luis Javier<\/span><strong><br>\n<\/strong>\u00bfEst\u00e1s seguro de que sigues a Cristo? Bueno, veamos que dice Cristo al repecto\u2014<\/p>\n<p><em><span class=\"text John-14-15\" style=\"color: #4d617a;\"><span style=\"font-family: courier new, courier, monospace;\"><span style=\"font-size: 10px;\"><sup class=\"versenum\">15<\/sup><\/span><strong>Si me am\u00e1is, guardad mis mandamientos.<\/strong> \u2014JES\u00daS DE NAZARET (Juan 14:15)<\/span><\/span><\/em><\/p>\n<p><span style=\"color: #5a7e9e;\">[8:55 PM, 9\/17\/2019] Jos\u00e9 Luis Javier<\/span> <br>\nNo pegas una, mi hemano. Esto no es un debate entre t\u00fa y yo, sino entre la verdad y el error.<\/p>\n<p><span style=\"color: #63a863;\">[8:56 PM, 9\/17\/2019] Alex (Evang\u00e9lico)<\/span> <br>\nNo t\u00fa no aceptas que Cristo puso fin a esa ley Romanos 10:4. Eres exclavo<\/p>\n<p>En efecto, si lo soy\u2014<\/p>\n<p><span style=\"color: #4d617a;\"><em><span style=\"font-family: courier new, courier, monospace;\"><span style=\"font-size: 10px;\"><sup>22<\/sup><\/span>Porque el que en el Se\u00f1or fue llamado siendo <b>esclavo<\/b>, liberto es del Se\u00f1or; asimismo el que fue llamado siendo libre, <span class=\"su-highlight\" style=\"background:#fff621;color:#313131\">&nbsp;esclavo es de Cristo.&nbsp;<\/span><\/span><\/em><\/span><\/p>\n[8:56 PM, 9\/17\/2019] Alex (Evang\u00e9lico): Sabatarianos jud\u00edos\n<p><span style=\"color: #5a7e9e;\">[8:56 PM, 9\/17\/2019] Jos\u00e9 Luis Javier<\/span> <br>\n<em><span style=\"font-family: courier new, courier, monospace; color: #4d617a;\"><span style=\"font-size: 10px;\"><sup>16<\/sup><\/span>Por tanto <span class=\"su-highlight\" style=\"background:#fff621;color:#313131\">&nbsp;es por la fe, para que sea por gracia;&nbsp;<\/span> para que la promesa sea firme \u00e1 toda simiente, no solamente al que es de la ley, mas tambi\u00e9n al que es de la fe de Abraham, el cual es padre de todos nosotros. \u2014ROMANOS 4:16<\/span><\/em><\/p>\n<p>Con que es por fe, \u00bfno?<\/p>\n<p><span style=\"color: #4d617a;\"><em><span style=\"font-family: courier new, courier, monospace;\"><sup>31<\/sup><strong>\u00bfLuego deshacemos la ley por la fe? <span style=\"text-decoration: underline;\">En ninguna manera<\/span>;<\/strong> <span class=\"su-highlight\" style=\"background:#fff621;color:#313131\">&nbsp;antes establecemos la ley.&nbsp;<\/span> \u2014ROMANOS3:31<\/span><\/em><\/span><\/p>\n<p><strong>No, no la pegas.<\/strong><\/p>\n<p>Pablo es el peor ejemplo que puedes usar para defender tus errores.<\/p>\n<p><span style=\"color: #63a863;\">[8:58 PM, 9\/17\/2019] Alex (Evang\u00e9lico)<\/span> <br>\nNunca me contestaste la ley nos aleja o nos separa de Cristo ? Entonces cupl\u00e9 su ley lleva la carga de otros.<\/p>\n<p>No la ley mosaica<\/p>\n<p><span style=\"color: #5a7e9e;\">[8:59 PM, 9\/17\/2019] Jos\u00e9 Luis Javier<\/span> <br>\nEso era Jes\u00fas&#8230; y es Jes\u00fas.<\/p>\n<p><span style=\"color: #4d617a;\"><em><span style=\"font-family: courier new, courier, monospace;\">5Y les dec\u00eda:<strong> El Hijo del Hombre es Se\u00f1or aun del d\u00eda de reposo.<\/strong> \u2014LUCAS 6:5<\/span><\/em><\/span><\/p>\n<p><span style=\"color: #63a863;\">[8:59 PM, 9\/17\/2019] Alex (Evang\u00e9lico)<\/span> <br>\nDe cu\u00e1l reposo futuro o presente?<\/p>\n<p><span style=\"color: #5a7e9e;\">[8:59 PM, 9\/17\/2019] Jos\u00e9 Luis Javier<\/span> <br>\n<em><span style=\"font-family: courier new, courier, monospace; color: #4d617a;\"><sup>16<\/sup>Vino a Nazaret, donde se hab\u00eda criado; y en el d\u00eda de reposo entr\u00f3 en la sinagoga, conforme a su costumbre, y se levant\u00f3 a leer. \u2014LUCAS 4:16<\/span><\/em><\/p>\n<p><strong>NO, NO LA PEGAS.<\/strong><\/p>\n<p><span style=\"color: #63a863;\">[9:00 PM, 9\/17\/2019] Alex (Evang\u00e9lico)<\/span> <br>\nMi padre aseguido trabajando igual que yo dijo Jes\u00fas<\/p>\n<p><strong><span style=\"color: #5a7e9e;\">[EDICI\u00d3N]&nbsp; <\/span><\/strong><span style=\"color: #5a7e9e;\">Jos\u00e9 Luis Javier<\/span><strong><br>\n<\/strong><span style=\"font-family: courier new, courier, monospace; color: #4d617a;\"><em><span style=\"font-size: 10px;\"><sup>12<\/sup><\/span>Pues \u00bfcu\u00e1nto m\u00e1s vale un hombre que una oveja? Por consiguiente, <span class=\"su-highlight\" style=\"background:#fff621;color:#313131\">&nbsp;es l\u00edcito HACER el bien en los d\u00edas de reposo.&nbsp;<\/span> \u2014MATEO 12:12<br>\n<\/em><\/span><\/p>\n<p><span style=\"color: #63a863;\">[9:00 PM, 9\/17\/2019] Alex (Evang\u00e9lico)<\/span><br>\n\u00c1ndale era una costumbre? Que es costumbre<\/p>\n<p><strong><span style=\"color: #5a7e9e;\">[EDICI\u00d3N]&nbsp; <\/span><\/strong><span style=\"color: #5a7e9e;\">Jos\u00e9 Luis Javier<\/span> <strong><br>\nLa costumbre de Jes\u00fas\u2014inepto, nuestro ejemplo a seguir<\/strong><\/p>\n<p><span style=\"color: #4d617a;\"><em><span style=\"font-family: courier new, courier, monospace;\"><span id=\"es-RVR1960-30558\" class=\"text 1John-2-6\"><sup class=\"versenum\">6<\/sup>El que dice que permanece en \u00e9l, <span class=\"su-highlight\" style=\"background:#fff621;color:#313131\">&nbsp;debe andar como \u00e9l anduvo.&nbsp;<\/span> <\/span>\u20141 JUAN 2:6<\/span><\/em><\/span><\/p>\n<p><span style=\"color: #63a863;\">[9:00 PM, 9\/17\/2019] Alex (Evang\u00e9lico)<\/span> <br>\nJajaja<\/p>\n<p><span style=\"color: #5a7e9e;\">[9:00 PM, 9\/17\/2019] Jos\u00e9 Luis Javier<\/span> <br>\n<span style=\"color: #4d617a;\"><em><span style=\"font-family: courier new, courier, monospace;\"><sup>10<\/sup>Yo estaba en el Esp\u00edritu <span class=\"su-highlight\" style=\"background:#fff621;color:#313131\">&nbsp;en el d\u00eda del Se\u00f1or,&nbsp;<\/span> y o\u00ed detr\u00e1s de m\u00ed una gran voz como de trompeta,<\/span><\/em><\/span><br>\n<span style=\"color: #4d617a;\"><em><span style=\"font-family: courier new, courier, monospace;\"><sup>11<\/sup>que dec\u00eda: Yo soy el Alfa y la Omega, el primero y el \u00faltimo. Escribe en un libro lo que ves, y env\u00edalo a las siete iglesias que est\u00e1n en Asia: a Efeso, Esmirna, P\u00e9rgamo, Tiatira, Sardis, Filadelfia y Laodicea. \u2014APOCALIPSIS 22&#8243;10-11<\/span><\/em><\/span><\/p>\n<p><span style=\"color: #5a7e9e;\">[9:00 PM, 9\/17\/2019] Jos\u00e9 Luis Javier<\/span> <br>\nY NO HAY LEY, Mmmmm\u2026<\/p>\n<p><span style=\"color: #63a863;\">[9:01 PM, 9\/17\/2019] Alex (Evang\u00e9lico)<\/span> <br>\nhombre solito te est\u00e1s matando<\/p>\n<p>Esta hablando del d\u00eda del juicio que Juan vio en nociones no del s\u00e1bado jjj<\/p>\n<p><strong><span style=\"color: #5a7e9e;\">[EDICI\u00d3N]&nbsp; <\/span><\/strong><span style=\"color: #5a7e9e;\">Jos\u00e9 Luis Javier<\/span> <strong><br>\n<\/strong>Recibi\u00f3 la visi\u00f3n en ell d\u00eda sel se\u00f1or, inepto, el d\u00eda del se\u00f1or. Osea, antes de Juan recibir la visi\u00f3n., ya \u00e9 estaba en Patmos en el d\u00eda del se\u00f1or.<\/p>\n<p><span style=\"font-family: courier new, courier, monospace; color: #4d617a;\"><em><sup>10<\/sup>Yo estaba en el Esp\u00edritu <span class=\"su-highlight\" style=\"background:#fff621;color:#313131\">&nbsp;en el d\u00eda del Se\u00f1or,&nbsp;<\/span> y o\u00ed detr\u00e1s de m\u00ed una gran voz como de trompeta,<\/em><\/span><br>\n<span style=\"font-family: courier new, courier, monospace; color: #4d617a;\"><em><sup>11<\/sup>que dec\u00eda: Yo soy el Alfa y la Omega, el primero y el \u00faltimo. Escribe en un libro lo que ves, y env\u00edalo a las siete iglesias que est\u00e1n en Asia: a Efeso, Esmirna, P\u00e9rgamo, Tiatira, Sardis, Filadelfia y Laodicea. \u2014APOCALIPSIS 22&#8243;10-11<\/em><\/span><\/p>\n<p><span style=\"color: #4d617a;\"><em><span style=\"font-family: courier new, courier, monospace;\"><span style=\"font-size: 10px;\"><sup>8<\/sup><\/span>Mas si alg\u00fan EXTRANJERO morare contigo, y quisiere celebrar la pascua para Jehov\u00e1, s\u00e9ale circuncidado todo var\u00f3n, y entonces la celebrar\u00e1, y ser\u00e1 como uno de vuestra naci\u00f3n; pero ning\u00fan incircunciso comer\u00e1 de ella. \u2014\u00c9XODO 12:48<\/span><\/em><\/span><\/p>\n<p><strong>No, no la pegas.<\/strong><\/p>\n<p>Apoc. 22:15 Explicame, o necesitas que te ayude.<\/p>\n<p><span style=\"color: #63a863;\">[9:02 PM, 9\/17\/2019] Alex (Evang\u00e9lico)<\/span><br>\nHombre no se puede con Tigo<\/p>\n<p><strong><span style=\"color: #5a7e9e;\">[EDICI\u00d3N]&nbsp; <\/span><\/strong><span style=\"color: #5a7e9e;\">Jos\u00e9 Luis Javier<\/span><br>\nNo, no es conimgo que no se puede, <strong>es contra la verdad que no se puede.<\/strong><\/p>\n<p><span style=\"color: #63a863;\">[9:02 PM, 9\/17\/2019] Alex (Evang\u00e9lico)<\/span><br>\nContestame la ley nos acerca a Cristo o nos separa?<\/p>\n<p><strong><span style=\"color: #5a7e9e;\">[EDICI\u00d3N]&nbsp; <\/span><\/strong><span style=\"color: #5a7e9e;\">Jos\u00e9 Luis Javier<\/span> <strong><br>\n<\/strong>Crees que tienes una perla en la mano, en un momento te contesto la pregunta. No te ir\u00e1 bien, te lo aseguro.<\/p>\n<p><span style=\"font-family: courier new, courier, monospace; color: #4d617a;\"><em><span style=\"font-size: 10px;\"><sup>20<\/sup><\/span>Orad, pues, que vuestra huida no sea en invierno ni en d\u00eda de reposo; \u2014MATEO 24:20*<\/em><\/span><\/p>\n<p><strong>\u00bfY NO HAY S<em>\u00c1<\/em>BADO, NO?<\/strong><\/p>\n<p><a href=\"https:\/\/www.cristoverdad.com\/wp-content\/uploads\/2018\/08\/catecismo-converso.jpg\" data-rel=\"lightbox-image-3\" data-rl_title data-rl_caption title><noscript><img decoding=\"async\" class=\"size-medium wp-image-7700 alignleft\" src=\"https:\/\/www.cristoverdad.com\/wp-content\/uploads\/2018\/08\/catecismo-converso-300x162.jpg\" alt width=\"300\" height=\"162\"><\/noscript><img decoding=\"async\" class=\"size-medium wp-image-7700 alignleft lazyload\" src=\"data:image\/svg+xml,%3Csvg%20xmlns%3D%22http%3A%2F%2Fwww.w3.org%2F2000%2Fsvg%22%20viewBox%3D%220%200%20300%20162%22%3E%3C%2Fsvg%3E\" alt width=\"300\" height=\"162\" data-src=\"https:\/\/www.cristoverdad.com\/wp-content\/uploads\/2018\/08\/catecismo-converso-300x162.jpg\" loading=\"lazy\"><\/a>Eres Cat\u00f3lico, 100%.<\/p>\n<p><span style=\"color: #75bd75;\">[9:03 PM, 9\/17\/2019] Alex (Evang\u00e9lico)<br>\n<\/span> Cuando se cumpli\u00f3 esa palabra. Ves solo preguntas m\u00e1s no respondes mi pregunta la ley nos acerca a Cristo o nos separa?<\/p>\n<p><span style=\"color: #999999;\"><span style=\"color: #5a7e9e;\">[9:04 PM, 9\/17\/2019] Jos\u00e9 Luis Javier<\/span><br>\n<\/span><span style=\"color: #4d617a;\"><em><span style=\"font-family: courier new, courier, monospace;\"><sup>27<\/sup>Porque como el rel\u00e1mpago que sale del oriente y se muestra hasta el occidente, <span class=\"su-highlight\" style=\"background:#fff621;color:#313131\">&nbsp;as\u00ed ser\u00e1 tambi\u00e9n la venida del Hijo del Hombre.&nbsp;<\/span> \u2014MATEO 24&#8243;27<\/span><\/em><\/span><\/p>\n<p>Ah\u00ed lo tienes, se cumple a la venida de Cristo. Dime, <strong>\u00bfya regres\u00f3 Jes\u00fas?<\/strong><\/p>\n<p>FIN DE LA SEGUNDA PARTE<\/p>\n<span class=\"su-label su-label-type-info\">LEY<\/span><span class=\"su-label su-label-type-info\">DEBATE<\/span><span class=\"su-label su-label-type-info\">ESTUDIO<\/span> PARTE <a class=\"tooltip\" href=\"https:\/\/www.cristoverdad.com\/la-ley-vs-la-ley-enfrentando-el-error-parte-1\" rel=\"noopener noreferrer\">[1]<span class=\"tooltiptext\">LA LEY y LA LEY, Enfrentando La Ineptitud Evang\u00e9lica, Parte 1 [ESTUDIO, CristoVerdad]<\/span><\/a> [2] <a class=\"tooltip\" href=\"https:\/\/www.cristoverdad.com\/la-ley-vs-la-ley-enfrentando-el-error-parte-3\" rel=\"noopener noreferrer\">[3]<span class=\"tooltiptext\">LA LEY y LA LEY, Enfrentando La Ineptitud Evang\u00e9lica, Parte 3 [ESTUDIO, CristoVerdad]<\/span><\/a>\n<p><em>\u2014JOS\u00c9 LUIS JAVIER<\/em><\/p>\n<\/div>\n<div class data-block=\"true\" data-editor=\"lken\" data-offset-key=\"9mvl9-0-0\">\n<div class data-block=\"true\" data-editor=\"lken\" data-offset-key=\"5b5so-0-0\">\n<div class=\"_1mf _1mj\" data-offset-key=\"5b5so-0-0\">\n<div class data-block=\"true\" data-editor=\"lken\" data-offset-key=\"9mvl9-0-0\">\n<div class data-block=\"true\" data-editor=\"lken\" data-offset-key=\"9mvl9-0-0\">\n<div class data-block=\"true\" data-editor=\"lken\" data-offset-key=\"5b5so-0-0\">\n<div class=\"_1mf _1mj\" data-offset-key=\"5b5so-0-0\">\n<div class data-block=\"true\" data-editor=\"lken\" data-offset-key=\"5b5so-0-0\">\n<div class=\"_1mf _1mj\" data-offset-key=\"5b5so-0-0\">\n<p>\u2014\u2014\u2014\u2014\u2014\u2014\u2014\u2014\u2014\u2014\u2014-<br>\n\u00danete a CristoVerdad. Suscr\u00edbete a nuestro nuevo canal de <a class=\"VimeoWhatsApp\" href=\"http:\/\/www.vimeo.com\/cristoverdad\" target=\"_blank\" rel=\"noopener noreferrer\">Vimeo <em><span class=\"VimeoWhatsAppText\">Suscr\u00edbete a Nuestro Canal de Vimeo<\/span><\/em><\/a>. Comparte esta invitaci\u00f3n, y se parte de nuestro grupo de <a class=\"VimeoWhatsApp\" href=\"https:\/\/www.cristoverdad.com\/whatsapp\/\" target=\"_blank\" rel=\"noopener noreferrer\">WhatsApp <em><span class=\"VimeoWhatsAppText\">Suscr\u00edbete a Nuestro Grupo de WhatsApp<\/span><\/em><\/a>. Al suscribirte, no olvides dejarnos tu nombre. Prohibidas las obscenidades. Comparte y se parte de la bendici\u00f3n.<br>\n\u2014\u2014\u2014\u2014\u2014\u2014\u2014\u2014\u2014\u2014\u2014-<\/p>\n<p><em>Y conocer\u00e9is la verdad\u2026<\/em><br>\n<em><strong>\u2014CristoVerdad<\/strong><\/em> <a href=\"https:\/\/www.cristoverdad.com\" target=\"_blank\" rel=\"noopener noreferrer\"><em>https:\/\/www.cristoverdad.com<\/em><\/a><\/p>\n<p class=\"postNOTA\">NOTA: N\u00fameros entre corchetes azules <span style=\"color: #2eadf5;\">[ ]<\/span> enlazan a Material Suplementario.<br>\nLas fotos\u2014si las hay, tambi\u00e9n expanden el contenido: videos, noticias, enlaces, etc.<\/p>\n<p>FUENTES Y ENLACES<\/p>\n<p class=\"postLINKS\"><a class=\"cites\" href=\"https:\/\/www.cristoverdad.com\/los-judios-la-ley-y-tu\/\" target=\"_blank\" rel=\"noopener noreferrer\">[1] La Ley,Los Jud\u00edos &amp; T\u00fa [ESTUDIO, CristoVerdad]<\/a><\/p>\n<p class=\"postLINKS\"><a class=\"cites\" href=\"https:\/\/www.cristoverdad.com\/jesus-pablo-y-la-ley\/\" target=\"_blank\" rel=\"noopener noreferrer\">[2] Jes\u00fas \u201cvs.\u201d Pablo y La Ley: Lo Que Pas\u00f3 en La Cruz<\/a><\/p>\n<p class=\"postLINKS\"><a class=\"cites\" href=\"https:\/\/www.cristoverdad.com\/el-catecismo-del-santo-concilio-de-trento\/\" target=\"_blank\" rel=\"noopener noreferrer\">[3] El Catecismo del Santo Concilio de Trento \u2014 Iglesia Cat\u00f3lica Admite Cambio del D\u00eda de Reposo [DOCUMENTO, CristoVerdad]<\/a><\/p>\n<p class=\"postLINKS\"><a class=\"cites\" href=\"http:\/\/www.vatican.va\/archive\/catechism_sp\/p3s2c1a3_sp.html\" target=\"_blank\" rel=\"noopener noreferrer\">[4] El d\u00eda de la Resurrecci\u00f3n: la Nueva Creaci\u00f3n [ENLACE, El Vaticano]<\/a><\/p>\n<p class=\"postLINKS\"><a class=\"cites\" href=\"https:\/\/www.cristoverdad.com\/jesus-nuestro-reposo\/\" target=\"_blank\" rel=\"noopener noreferrer\">[5] Jes\u00fas, \u201cNuestro Reposo\u201d \u2014 Hebreos 4 y El Gran Error de Los Evang\u00e9licos [ESTUDIO, CristoVerdad]<\/a><\/p>\n<p class=\"postLINKS\"><a class=\"cites\" href=\"http:\/\/biblelight.net\/keenan.htm\" target=\"_blank\" rel=\"noopener noreferrer\">[6] Iglesia Cat\u00f3lica y Su Poder Para Cambiar la Ley \u2014Catecismo Doctrinal, Rev. Stephen Keenan, (1851), [ENLACE, Bible Light<\/a><\/p>\n<p class=\"postLINKS\"><a class=\"cites\" href=\"http:\/\/mb-soft.com\/believe\/tsn\/augsburg.htm\" target=\"_blank\" rel=\"noopener noreferrer\">[7] Grandioso Poder de La Iglesia cat\u00f3lica Para Cambiar El S\u00e1bado, Confesi\u00f3n de Augsbur, Art. 28 [ENLACE, Believe][<\/a><\/p>\n<p class=\"postLINKS\"><a class=\"cites\" href=\"https:\/\/www.cristoverdad.com\/juan-los-discipulos-y-el-dia-del-senor\/\" target=\"_blank\" rel=\"noopener noreferrer\">[8] Juan, Los Disc\u00edpulos y El D\u00eda del Se\u00f1or [ESTUDIO, CristoVerdad]<\/a><\/p>\n<p class=\"postLINKS\"><a class=\"LEGAL\" href=\"https:\/\/www.cristoverdad.com\/legal-fair-use-uso-justo\/\" target=\"_blank\" rel=\"noopener noreferrer\">[L] Secci\u00f3n Legal, \u201cCopyright disclaimer\u201d sobre derechos de autor y uso justo [ENLACE, CristoVerdad]<\/a><\/p>\n<p>MATERIAL EXTRA<\/p>\n<p class=\"postLINKS\"><a class=\"cites\" href=\"https:\/\/www.youtube.com\/watch?v=0A7rXiPS08U\" target=\"_blank\" rel=\"noopener noreferrer\">[9] Francisco Bergoglio, La Muerte de Jes\u00fas \"Acab\u00f3 Un Fracaso\".<\/a><\/p>\n<p class=\"postLINKS\"><a class=\"cites\" href=\"https:\/\/vimeo.com\/276997991\" target=\"_blank\" rel=\"noopener noreferrer\">[10] LA TIERRA Se Estremese, \u00bfY Cristo D\u00f3nde Est\u00e1? \u2014Manipulando El Tiempo Para \"Cambiar Los Tiempo y La Ley\" <\/a><\/p>\n<p class=\"postLINKS\"><a class=\"cites\" href=\"https:\/\/www.cristoverdad.com\/docs\/microchip.pdf\" target=\"_blank\" rel=\"noopener noreferrer\">[11] La Marca de La Bestia No Es El Microchip<\/a><\/p>\n<p class=\"postLINKS\"><a class=\"cites\" href=\"https:\/\/www.cristoverdad.com\/docs\/real.pdf\" target=\"_blank\" rel=\"noopener noreferrer\">[12] S\u00e1bado vs. Domingo \u2014 Real Academia de La Lengua Espa\u00f1ola<\/a><\/p>\n<p class=\"postLINKS\"><a class=\"cites\" href=\"https:\/\/www.cristoverdad.com\/docs\/diez.pdf\" target=\"_blank\" rel=\"noopener noreferrer\">[13] domingo, El D\u00eda del Se\u00f1or, Catecismo de La Iglesia Cat\u00f3lica \u2014 Adorando al dios Sol<\/a><\/p>\n<p class=\"postLINKS\"><a class=\"cites\" href=\"https:\/\/vimeo.com\/274019813\" target=\"_blank\" rel=\"noopener noreferrer\">[14] El S\u00e1bado y La L\u00f3gica: El D\u00eda del Se\u00f1or y El \u00c1rbol de La Ciencia<\/a><\/p>\n<p>Si alguno de estos enlaces no funciona o est\u00e1 err\u00f3neo, por favor d\u00e9jenos saber para corregirlo. Si desea escribirnos, h\u00e1galo usando el formulario m\u00e1s abajo; su comentario ser\u00e1 publicado. Si desea escribirnos en privado, h\u00e1galo atrav\u00e9s de la secci\u00f3n de informaci\u00f3n, y seleccione contacto. \u00a1Muchas gracias!<\/p>\n<p><span style=\"color: #333333;\">\u00a1Que Dios le bendiga!<\/span><\/p>\n<\/div>\n<\/div>\n<\/div>\n<\/div>\n<\/div>\n<\/div>\n<\/div>\n<\/div>\n<\/div>\n","protected":false},"excerpt":{"rendered":"<p>7Mas ellos, cual Ad\u00e1n, traspasaron el pacto; all\u00ed prevaricaron contra m\u00ed. \u2014OSEAS 6:7<\/p>","protected":false},"author":259,"featured_media":14256,"comment_status":"open","ping_status":"open","sticky":false,"template":"","format":"standard","meta":{"_et_pb_use_builder":"","_et_pb_old_content":"","_et_gb_content_width":"","footnotes":""},"categories":[26,69],"tags":[679,1088,234,1090,119,118,1077,168,551,1078,1071,1082,1080,1084,767,1076,1085,1089,1087,401,1083,1075,1086,727,1081,95,1074,102,312,1079],"class_list":["post-14255","post","type-post","status-publish","format-standard","has-post-thumbnail","hentry","category-estudios-biblicos","category-sabado","tag-abolicion-de-la-ley","tag-cuarto-mandamiento-ley","tag-daniel-725","tag-debate","tag-dia-de-reposo","tag-domingo","tag-evangelicos","tag-exodo-20","tag-falso-dia-de-adoracion","tag-iglesia-evangelicas","tag-isarel","tag-jesucristo-y-la-ley","tag-las-dos-leyes","tag-lay-espiritual","tag-ley","tag-ley-clavada-en-la-cruz","tag-ley-del-pecado","tag-ley-espiritual","tag-libro-del-mormon","tag-los-diez-mandamientos","tag-los-tiempos-y-la-ley","tag-maldicion-de-la-ley","tag-mormones","tag-pablo","tag-pablo-y-la-ley","tag-santa-biblia","tag-santa-ley-de-dios","tag-testigos-de-jehova","tag-tiempo-del-fin","tag-verdad-vs-error"],"_links":{"self":[{"href":"https:\/\/www.cristoverdad.com\/ru\/wp-json\/wp\/v2\/posts\/14255","targetHints":{"allow":["GET"]}}],"collection":[{"href":"https:\/\/www.cristoverdad.com\/ru\/wp-json\/wp\/v2\/posts"}],"about":[{"href":"https:\/\/www.cristoverdad.com\/ru\/wp-json\/wp\/v2\/types\/post"}],"author":[{"embeddable":true,"href":"https:\/\/www.cristoverdad.com\/ru\/wp-json\/wp\/v2\/users\/259"}],"replies":[{"embeddable":true,"href":"https:\/\/www.cristoverdad.com\/ru\/wp-json\/wp\/v2\/comments?post=14255"}],"version-history":[{"count":0,"href":"https:\/\/www.cristoverdad.com\/ru\/wp-json\/wp\/v2\/posts\/14255\/revisions"}],"wp:featuredmedia":[{"embeddable":true,"href":"https:\/\/www.cristoverdad.com\/ru\/wp-json\/wp\/v2\/media\/14256"}],"wp:attachment":[{"href":"https:\/\/www.cristoverdad.com\/ru\/wp-json\/wp\/v2\/media?parent=14255"}],"wp:term":[{"taxonomy":"category","embeddable":true,"href":"https:\/\/www.cristoverdad.com\/ru\/wp-json\/wp\/v2\/categories?post=14255"},{"taxonomy":"post_tag","embeddable":true,"href":"https:\/\/www.cristoverdad.com\/ru\/wp-json\/wp\/v2\/tags?post=14255"}],"curies":[{"name":"wp","href":"https:\/\/api.w.org\/{rel}","templated":true}]}}