{"id":2135,"date":"2017-07-06T17:24:44","date_gmt":"2017-07-06T17:24:44","guid":{"rendered":"https:\/\/www.cristoverdad.com\/?p=2135"},"modified":"2018-10-09T07:51:59","modified_gmt":"2018-10-09T07:51:59","slug":"el-pueblo-no-peculiar","status":"publish","type":"post","link":"https:\/\/www.cristoverdad.com\/ko\/el-pueblo-no-peculiar\/","title":{"rendered":"El Pueblo  No Peculiar"},"content":{"rendered":"<p><strong>LA ORGANIZACI\u00d3N ADVENTISTA LE HA FALLADO A DIOS, ESTE DEBIA SER UN PUEBLO PECULIAR Y APARTADO DEL MUNDO<\/strong><\/p>\n<p>Deben producirse reformas, porque ha habido debilidad y ceguera espirituales en el pueblo que fue bendecido con gran luz y preciosas oportunidades y privilegios. (1889). <em>\u2014EUD, p. 49:2<\/em><\/p>\n<p><strong>Hay muchas citas que se\u00f1alan a la Corporaci\u00f3n Adventista como infiel.<\/strong><\/p>\n<div class=\"postHover\"><a href=\"#\"><!--more continuar \u00bb\u00bb --> <\/a><\/div>\n<p>Si la iglesia mantiene esta caracter\u00edstica es a\u00fan el pueblo de Dios. Si no la tiene, los baratos argumentos defensivos no sirven de nada delante de Dios.<br \/>\nDios llam\u00f3 a los adventistas, as\u00ed como llam\u00f3 al antiguo Israel\u00a0??para que fuesen un pueblo peculiar.??<\/p>\n<p>Bajo esta condici\u00f3n se mantendr\u00edan siendo siempre el pueblo de Dios. Perdiendo esta caracter\u00edstica, dejar\u00edan de ser su pueblo y otros ser\u00edan llamados.<br \/>\nCuando leemos la Palabra de Dios, con cu\u00e1nta claridad aparece <strong>que su pueblo ha de ser peculiar<\/strong> y distinto del mundo incr\u00e9dulo que los rodea.<br \/>\n<em>\u20141 TI, p. 258:4<\/em><\/p>\n<p>Tanto en el Antiguo como en el Nuevo Testamento, el Se\u00f1or ha ordenado definidamente a su pueblo que sea diferente del mundo en esp\u00edritu, en obras, en la pr\u00e1ctica, <strong>para que sea una naci\u00f3n santa, un pueblo peculiar,<\/strong> a fin de manifestar las alabanzas del que los llam\u00f3 de las tinieblas a su luz admirable. <em>\u2014A Fin de Conocerle, p.310:3<\/em><\/p>\n<p>\u201cEn el mensaje del tercer \u00e1ngel <strong>somos pueblo peculiar\u201d <\/strong>A ninguna otra religi\u00f3n se le dio este mensaje.<br \/>\nEl mensaje del tercer \u00e1ngel es el que hemos de presentar al mundo. En \u00e9l Dios tiene una prueba para nosotros, y si estamos a la altura de la norma, <strong>debemos ser un pueblo peculiar.<\/strong> <em>\u00a0\u20142 JT, p.180:1<\/em><\/p>\n<p>Dios quiere que aprendamos humildad y obediencia mientras leemos la historia del antiguo Israel, <strong>que era su pueblo peculiar y escogido, \"pero que provoc\u00f3 su propia destrucci\u00f3n al seguir sus propios caminos\"<\/strong>.\u00a0<em> \u2014CRA, p.452:3<\/em><\/p>\n<p>No hay duda de que los cristianos primitivos <strong>fueron un pueblo peculiar.<\/strong><\/p>\n<p>Su conducta intachable y su fe inquebrantable constitu\u00edan un reproche continuo que turbaba la paz del pecador.\u00a0 <em>\u2014CS 50:1<\/em><\/p>\n<p>El movimiento adventista <strong>era un pueblo peculiar en sus comienzos.<\/strong><\/p>\n<p>\u00bfPero sigue la iglesia adventista <strong>siendo un pueblo peculiar?<br \/>\n<\/strong><br \/>\n\u00bfEscogeremos el sello del mundo, y sus celebraciones de costumbres y tradiciones paganas o <strong>decidiremos ser el pueblo peculiar y separado para Dios?<\/strong> \u00bfRecibiremos un \u201cAs\u00ed dice Jehov\u00e1\u201d en lugar del \u201cAs\u00ed dice el hombre? <em>\u00a0\u2014TM, p. 139<\/em><\/p>\n<p>\u00bfQu\u00e9 le ha sucedido al pueblo <strong>que profesa ser el pueblo peculiar de Dios?<\/strong><br \/>\nVi la conformidad con el mundo, la falta de voluntad para sufrir por la verdad y *notable rebeld\u00eda ante la voluntad de Dios.*\u00a0\u00a0 <em>\u20141 TI, p. 123<\/em><\/p>\n<p>\u201cLa Iglesia Adventista ya no es un pueblo peculiar asi como el antiguo Israel, la iglesia (los fieles) ha deshonrado a su Dios apart\u00e1ndose de la luz, descuidando sus deberes, y abusando del alto y exaltado privilegio <strong>de ser de un car\u00e1cter peculiar y santo.\u00a0<\/strong> <em>\u20142 TI, p. 393:2<\/em><\/p>\n<p>\u201cLos principios celestiales que distinguen a los que son uno con Cristo de los que son uno con el mundo, ya casi no se pueden distinguir.<br \/>\nLos profesos seguidores de Cristo <strong>no son m\u00e1s un pueblo separado y peculiar.<\/strong><br \/>\n<em>\u00a0\u2014Palabras de Vida del Gran Maestro, p.256.<\/em><\/p>\n<p>Cuando el pueblo jud\u00edo rechaz\u00f3 a Cristo, el Pr\u00edncipe de la vida, El les quit\u00f3 el reino de Dios y se lo dio a los gentiles.<br \/>\nDios contin\u00faa obrando de acuerdo con este principio en cada rama de su obra. Cuando una iglesia demuestra que es infiel a la obra del Se\u00f1or, no importa cu\u00e1n alto y sagrado pueda ser su llamado, Dios no puede seguir trabajando con ella.<br \/>\n<em>\u00a0\u2014Alza Tus Ojos, p.129<\/em><\/p>\n<p>DTB\u2014<\/p>\n<p>\u2014\u2014\u2014\u2014\u2014\u2014\u2014\u2014\u2014\u2014\u2014-<br \/>\nCristoVerdad\uc5d0 \uac00\uc785\ud558\uc138\uc694. \uc0c8\ub85c\uc6b4 \ucc44\ub110\uc744 \uad6c\ub3c5\ud558\uc138\uc694 <a href=\"http:\/\/www.vimeo.com\/cristoverdad\" target=\"_blank\" rel=\"noopener\">\ube44\uba54\uc624<\/a>. \uc774 \ucd08\ub300\uc7a5\uc744 \uacf5\uc720\ud558\uace0 \uc6b0\ub9ac \uadf8\ub8f9\uc758 \uc77c\uc6d0\uc774 \ub418\uc2ed\uc2dc\uc624. <a href=\"https:\/\/www.cristoverdad.com\/ko\/whatsapp\/\" target=\"_blank\" rel=\"noopener\">\uc653\uce20\uc571<\/a>. \uad6c\ub3c5\ud558\uc2e4 \ub54c \uc774\ub984\uc744 \ub0a8\uaca8\uc8fc\uc2dc\ub294 \uac83\uc744 \uc78a\uc9c0 \ub9c8\uc138\uc694. \uc74c\ub780\ubb3c\uc740 \uae08\uc9c0\ub418\uc5b4 \uc788\uc2b5\ub2c8\ub2e4. \ucd95\ubcf5\uc744 \ub098\ub204\uace0 \ucc38\uc5ec\ud558\uc2ed\uc2dc\uc624.<br \/>\n\u2014\u2014\u2014\u2014\u2014\u2014\u2014\u2014\u2014\u2014\u2014-<\/p>\n<p><em>\uadf8\ub9ac\uace0 \ub2f9\uc2e0\uc740 \uc9c4\uc2e4\uc744 \uc54c\uac8c \ub420 \uac83\uc785\ub2c8\ub2e4 ...<\/em><br \/>\n<em><strong>\u2014\uadf8\ub9ac\uc2a4\ub3c4\uc758 \uc9c4\ub9ac<\/strong> <\/em><a href=\"https:\/\/www.cristoverdad.com\/ko\/\" target=\"_blank\" rel=\"noopener\"><em>https:\/\/www.cristoverdad.com\u00a0<\/em><\/a><\/p>","protected":false},"excerpt":{"rendered":"<p>LA ORGANIZACI\u00d3N ADVENTISTA LE HA FALLADO A DIOS, ESTE DEBIA SER UN PUEBLO PECULIAR Y APARTADO DEL MUNDO Deben producirse reformas, porque ha habido debilidad y ceguera espirituales en el pueblo que fue bendecido con gran luz y preciosas oportunidades y privilegios. (1889). \u2014EUD, p. 49:2 Hay muchas citas que se\u00f1alan a la Corporaci\u00f3n Adventista [&hellip;]<\/p>\n","protected":false},"author":259,"featured_media":2208,"comment_status":"open","ping_status":"open","sticky":false,"template":"","format":"standard","meta":{"_et_pb_use_builder":"","_et_pb_old_content":"","_et_gb_content_width":"","footnotes":""},"categories":[1],"tags":[],"class_list":["post-2135","post","type-post","status-publish","format-standard","has-post-thumbnail","hentry","category-articulos"],"_links":{"self":[{"href":"https:\/\/www.cristoverdad.com\/ko\/wp-json\/wp\/v2\/posts\/2135","targetHints":{"allow":["GET"]}}],"collection":[{"href":"https:\/\/www.cristoverdad.com\/ko\/wp-json\/wp\/v2\/posts"}],"about":[{"href":"https:\/\/www.cristoverdad.com\/ko\/wp-json\/wp\/v2\/types\/post"}],"author":[{"embeddable":true,"href":"https:\/\/www.cristoverdad.com\/ko\/wp-json\/wp\/v2\/users\/259"}],"replies":[{"embeddable":true,"href":"https:\/\/www.cristoverdad.com\/ko\/wp-json\/wp\/v2\/comments?post=2135"}],"version-history":[{"count":0,"href":"https:\/\/www.cristoverdad.com\/ko\/wp-json\/wp\/v2\/posts\/2135\/revisions"}],"wp:featuredmedia":[{"embeddable":true,"href":"https:\/\/www.cristoverdad.com\/ko\/wp-json\/wp\/v2\/media\/2208"}],"wp:attachment":[{"href":"https:\/\/www.cristoverdad.com\/ko\/wp-json\/wp\/v2\/media?parent=2135"}],"wp:term":[{"taxonomy":"category","embeddable":true,"href":"https:\/\/www.cristoverdad.com\/ko\/wp-json\/wp\/v2\/categories?post=2135"},{"taxonomy":"post_tag","embeddable":true,"href":"https:\/\/www.cristoverdad.com\/ko\/wp-json\/wp\/v2\/tags?post=2135"}],"curies":[{"name":"wp","href":"https:\/\/api.w.org\/{rel}","templated":true}]}}