{"id":2023,"date":"2017-06-28T02:21:26","date_gmt":"2017-06-28T02:21:26","guid":{"rendered":"https:\/\/www.cristoverdad.com\/?p=2023"},"modified":"2019-07-06T16:28:07","modified_gmt":"2019-07-06T20:28:07","slug":"y-dios-creo-a-adan-y-a-esteban","status":"publish","type":"post","link":"https:\/\/www.cristoverdad.com\/gl\/y-dios-creo-a-adan-y-a-esteban\/","title":{"rendered":"...e Deus creou a Ad\u00e1n e Estevo"},"content":{"rendered":"<p><a href=\"https:\/\/www.cristoverdad.com\/wp-content\/uploads\/2017\/06\/Ad\u00e1n-y-Esteban_2.jpg\" data-rel=\"lightbox-image-0\" data-rl_title data-rl_caption title><noscript><img decoding=\"async\" class=\"size-medium wp-image-2027 alignleft\" src=\"https:\/\/www.cristoverdad.com\/wp-content\/uploads\/2017\/06\/Ad\u00e1n-y-Esteban_2-225x300.jpg\" alt width=\"225\" height=\"300\" srcset=\"https:\/\/www.cristoverdad.com\/wp-content\/uploads\/2017\/06\/Ad\u00e1n-y-Esteban_2-225x300.jpg 225w, https:\/\/www.cristoverdad.com\/wp-content\/uploads\/2017\/06\/Ad\u00e1n-y-Esteban_2-768x1024.jpg 768w, https:\/\/www.cristoverdad.com\/wp-content\/uploads\/2017\/06\/Ad\u00e1n-y-Esteban_2.jpg 972w\" sizes=\"(max-width: 225px) 100vw, 225px\"><\/noscript><img decoding=\"async\" class=\"size-medium wp-image-2027 alignleft lazyload\" src=\"data:image\/svg+xml,%3Csvg%20xmlns%3D%22http%3A%2F%2Fwww.w3.org%2F2000%2Fsvg%22%20viewBox%3D%220%200%20225%20300%22%3E%3C%2Fsvg%3E\" alt width=\"225\" height=\"300\" srcset=\"data:image\/svg+xml,%3Csvg%20xmlns%3D%22http%3A%2F%2Fwww.w3.org%2F2000%2Fsvg%22%20viewBox%3D%220%200%20225%20300%22%3E%3C%2Fsvg%3E 225w\" sizes=\"(max-width: 225px) 100vw, 225px\" data-srcset=\"https:\/\/www.cristoverdad.com\/wp-content\/uploads\/2017\/06\/Ad\u00e1n-y-Esteban_2-225x300.jpg 225w, https:\/\/www.cristoverdad.com\/wp-content\/uploads\/2017\/06\/Ad\u00e1n-y-Esteban_2-768x1024.jpg 768w, https:\/\/www.cristoverdad.com\/wp-content\/uploads\/2017\/06\/Ad\u00e1n-y-Esteban_2.jpg 972w\" data-src=\"https:\/\/www.cristoverdad.com\/wp-content\/uploads\/2017\/06\/Ad\u00e1n-y-Esteban_2-225x300.jpg\" loading=\"lazy\"><\/a>A SECTA ADVENTISTA PROMOVE A HOMOSEXUALIDADE INFANTIL?<br>\nMoito m\u00e1is que o mundo!<\/p>\n<p>CONSULTA AS FOTOS AO FINAL DESTE ARTIGO!<\/p>\n<p>1) Que facemos, compartimos informaci\u00f3n ou somos c\u00f3mplices destes repugnantes sodomitas?<\/p>\n<p>2) Con \"entusiasmo\" les digo que ya los padres de infantes no tenemos que esperar a que nuestros peque\u00f1os lleguen a las escuelas para ser bombardeados con esta agenda,<\/p>\n<div class=\"postHover\"><a href=\"#\"><!--more continuar \u00bb\u00bb --> <\/a><\/div>\n<p>La Secta de Los Adventistas, por a\u00f1os ha estado haciendo el trabajo a vista de todos y a\u00fan mucho antes de que la sociedad pensara en&nbsp; hacerlo.<\/p>\n<p>3) Durante esta semana mostrareivos as probas.<\/p>\n<p>Nesta foto, que mostra a suposta creaci\u00f3n de Ad\u00e1n, vemos a un home non creado, sen\u00f3n relaxado e emocionado polas aparentes masaxes sexuais que o seu compa\u00f1eiro Esteban lle est\u00e1 a dar directamente sobre os seus pezones.<\/p>\n<p>4) Aqu\u00ed no hay Creaci\u00f3n, m\u00e1s bien es obvio que es un acto de \"PROCREACI\u00d3N\".<\/p>\n<p>5) La Palabra dice que Dios cre\u00f3 al hombre (Ad\u00e1n y Eva) a su imagen y semejanza. Por tanto, la IASD, de modo solapado, atravez de sus universidades y much\u00edsimos de sus predecesores, dice que si Dios cre\u00f3 a un hombre y una mujer a su imagen y semejanza, esto significa que \u00c9l&#8212;Dios, lleva en su ser una apariencia de algo as\u00ed como de hermafrodita y que por ende el homosexual, teniendo un sexo por nacimiento, pero un g\u00e9nero o identidad sexual mental diferente al sexo biol\u00f3gico, ya sea por \"nacimiento\" o por alguna circunstancia de la vida, es la representaci\u00f3n m\u00e1xima de la imagen de Dios por contar con ambas cualidades, \"masculina y femenina\", en su mismo cuerpo, ya que despu\u00e9s de todo, hombre y mujer, son imagen de Dios.<\/p>\n<p><a href=\"https:\/\/www.cristoverdad.com\/wp-content\/uploads\/2017\/06\/Adan-y-Esteban-Clase-de-Cuna.jpeg\" data-rel=\"lightbox-image-1\" data-rl_title data-rl_caption title><noscript><img decoding=\"async\" class=\"alignright wp-image-12629 size-medium\" src=\"https:\/\/www.cristoverdad.com\/wp-content\/uploads\/2017\/06\/Adan-y-Esteban-Clase-de-Cuna-300x169.jpeg\" alt width=\"300\" height=\"169\"><\/noscript><img decoding=\"async\" class=\"alignright wp-image-12629 size-medium lazyload\" src=\"data:image\/svg+xml,%3Csvg%20xmlns%3D%22http%3A%2F%2Fwww.w3.org%2F2000%2Fsvg%22%20viewBox%3D%220%200%20300%20169%22%3E%3C%2Fsvg%3E\" alt width=\"300\" height=\"169\" data-src=\"https:\/\/www.cristoverdad.com\/wp-content\/uploads\/2017\/06\/Adan-y-Esteban-Clase-de-Cuna-300x169.jpeg\" loading=\"lazy\"><\/a>6) Queres un consello saudable, F\u00d3RA DE A\u00cd! Pero se a\u00ednda non podes sa\u00edr ou non queres, mant\u00e9n aos teus fillos lonxe da Escola Sab\u00e1tica e do seu folleto, especialmente se non es o profesor da clase dos teus fillos.<br>\nEn dado caso, si lo fueres, no uses el folleto de Escuela Sab\u00e1tica para nada o tendr\u00e1s que ver alg\u00fan d\u00eda a tu ni\u00f1o Juancito queriendo que por \"respeto\" le llamen Patricia.<\/p>\n<p>7) Outro dato, aqu\u00ed tes unha m\u00e1is das moitas cousas nas que se gasta o di\u00f1eiro que lle d\u00e1s ao Drag\u00f3n crendo que llo das ao CORDEIRO.<\/p>\n<p>8) A foto est\u00e1 tirada do caderno de PRIMARIA, segundo trimestre, Curso D, Lecci\u00f3n 6, p\u00e1xina 28.<\/p>\n<p>--MIGUEL JAVIER<\/p>\n<p>Cristo Verdad.com<\/p>","protected":false},"excerpt":{"rendered":"<p>\u00bfPROMUEVE LA SECTA ADVENTISTA LA HOMOSEXUALIDAD INFANTIL? \u00a1Mucho m\u00e1s que el mundo! \u00a1REVISE LAS FOTOS AL FINAL DE ESTE ART\u00cdCULO! 1) \u00bfQu\u00e9 hacemos, compartimos la informaci\u00f3n o somos c\u00f3mplices de estos asquerosos sodomitas? 2) Con \"entusiasmo\" les digo que ya los padres de infantes no tenemos que esperar a que nuestros peque\u00f1os lleguen a las [&hellip;]<\/p>\n","protected":false},"author":259,"featured_media":2025,"comment_status":"open","ping_status":"open","sticky":false,"template":"","format":"standard","meta":{"_et_pb_use_builder":"","_et_pb_old_content":"","_et_gb_content_width":"","footnotes":""},"categories":[1],"tags":[],"class_list":["post-2023","post","type-post","status-publish","format-standard","has-post-thumbnail","hentry","category-articulos"],"_links":{"self":[{"href":"https:\/\/www.cristoverdad.com\/gl\/wp-json\/wp\/v2\/posts\/2023","targetHints":{"allow":["GET"]}}],"collection":[{"href":"https:\/\/www.cristoverdad.com\/gl\/wp-json\/wp\/v2\/posts"}],"about":[{"href":"https:\/\/www.cristoverdad.com\/gl\/wp-json\/wp\/v2\/types\/post"}],"author":[{"embeddable":true,"href":"https:\/\/www.cristoverdad.com\/gl\/wp-json\/wp\/v2\/users\/259"}],"replies":[{"embeddable":true,"href":"https:\/\/www.cristoverdad.com\/gl\/wp-json\/wp\/v2\/comments?post=2023"}],"version-history":[{"count":0,"href":"https:\/\/www.cristoverdad.com\/gl\/wp-json\/wp\/v2\/posts\/2023\/revisions"}],"wp:featuredmedia":[{"embeddable":true,"href":"https:\/\/www.cristoverdad.com\/gl\/wp-json\/wp\/v2\/media\/2025"}],"wp:attachment":[{"href":"https:\/\/www.cristoverdad.com\/gl\/wp-json\/wp\/v2\/media?parent=2023"}],"wp:term":[{"taxonomy":"category","embeddable":true,"href":"https:\/\/www.cristoverdad.com\/gl\/wp-json\/wp\/v2\/categories?post=2023"},{"taxonomy":"post_tag","embeddable":true,"href":"https:\/\/www.cristoverdad.com\/gl\/wp-json\/wp\/v2\/tags?post=2023"}],"curies":[{"name":"wp","href":"https:\/\/api.w.org\/{rel}","templated":true}]}}