{"id":18565,"date":"2020-06-16T15:51:54","date_gmt":"2020-06-16T19:51:54","guid":{"rendered":"https:\/\/www.cristoverdad.com\/?p=18565"},"modified":"2020-08-14T17:02:04","modified_gmt":"2020-08-14T21:02:04","slug":"los-numeros-lo-oculto-y-el-diablo","status":"publish","type":"post","link":"https:\/\/www.cristoverdad.com\/cs\/los-numeros-lo-oculto-y-el-diablo\/","title":{"rendered":"\u010c\u00cdSLA, okultismus a \u010f\u00e1bel"},"content":{"rendered":"<p><span style=\"font-family: Courier New, Courier; color: #496d87;\"><span id=\"es-RVR1960-30929\" class=\"text Rev-13-18\"><span style=\"font-size: 8pt;\"><sup class=\"versenum\">18 <\/sup><\/span>Aqu\u00ed hay sabidur\u00eda. El que tiene entendimiento, <span style=\"background-color: #ffff00;\">CUENTE EL N\u00daMERO<\/span> de la bestia, pues <strong>es n\u00famero de hombre<\/strong>. Y su n\u00famero es <strong>seiscientos sesenta y seis<\/strong>.<\/span><em> \u2014APOCALIPSIS <strong>13<\/strong>:<strong>18<\/strong><br><\/em><\/span><\/p>\n<p><a href=\"#\"><!--more continuar \u00bb\u00bb --><\/a><span class=\"su-label su-label-type-info\">P125<\/span><span class=\"su-label su-label-type-info\">N\u00daMEROS<\/span><span class=\"su-label su-label-type-info\">DIABLO<\/span><span class=\"su-label su-label-type-info\">3<\/span><span class=\"su-label su-label-type-info\">13<\/span><span class=\"su-label su-label-type-info\">18<\/span><span class=\"su-label su-label-type-info\">666<\/span>\n\n\n<\/p><p><span style=\"color: #3181b0;\">[11:59 AM, 6\/14\/2020] Miguel H. Javier<\/span><\/p>\n<p>\u00a1HOLA A TODOS!<\/p>\n\n\n\n<p>En vista de que hay personas nuevas en el grupo y que muchos todav\u00eda no entienden como reconocer los MENSAJES que hay en los n\u00fameros, he aqu\u00ed una manera fiel y clara para entender. En esta ocasi\u00f3n nos enfocaremos en los n\u00fameros que definen el territorio del diablo, y en un pr\u00f3ximo estudio hablaremos de los n\u00fameros de Dios. <\/p>\n\n\n\n<p>Este ser\u00e1 nuestro estudio P125.<\/p>\n\n\n\n<p class=\"has-text-color has-background has-very-dark-gray-color has-very-light-gray-background-color\"><strong>SECCI\u00d3N 1<\/strong><\/p>\n\n\n\n<p>El n\u00famero base de todo n\u00famero, usado en lo oculto, es <strong>el 3<\/strong>. Todo comenz\u00f3 as\u00ed\u2014<\/p>\n\n\n\n<p style=\"padding-left: 15px;\"><span style=\"font-family: courier new, courier, monospace; color: #526582;\"><sup>4<\/sup> y su cola arrastraba <strong>la tercera <\/strong><\/span>(3)<span style=\"font-family: courier new, courier, monospace; color: #526582;\"> parte de las estrellas del cielo, y las arroj\u00f3 sobre la tierra. Y el drag\u00f3n se par\u00f3 frente a la mujer que estaba para dar a luz, a fin de devorar a su hijo tan pronto como naciese. <em>\u2014APOCALIPSIS 12:4<\/em><\/span><\/p>\n\n\n\n<p>En el cielo hab\u00eda una poblaci\u00f3n de \u00e1ngeles que pod\u00eda dividirse en <strong>3 partes iguales<\/strong>. Y de esas 3, Satan\u00e1s se llev\u00f3 una (<strong>1<\/strong>) tercera <strong>(3<\/strong>). Esto puede expresarse as\u00ed: <strong>3<\/strong>:<strong>1:3<\/strong><\/p>\n\n\n\n<p>DIOS CREA AL HOMBRE\u2014<\/p>\n\n\n\n<p>En el cielo, de 3 terceras (3), quedar\u00edan 2 terceras (3). En Ed\u00e9n habitaban 3 \u201cpersonas\": Dios, Ad\u00e1n y Eva. La presencia del Se\u00f1or siempre estaba en ese LUGAR. El Se\u00f1or, Ad\u00e1n y Eva, 3. Entonces el enemigo\u2014la serpiente, conquista a 2 en el huerto.<\/p>\n\n\n\n<p style=\"padding-left: 15px;\"><span style=\"font-family: courier new, courier, monospace; color: #526582;\"><sup>6<\/sup> Y vio la mujer <strong>que el \u00e1rbol era bueno para comer<\/strong>, y que era agradable a los ojos, y \u00e1rbol codiciable para alcanzar la sabidur\u00eda; y tom\u00f3 de su fruto, <strong><span style=\"background-color: #ffff00;\">y comi\u00f3<\/span>; y dio tambi\u00e9n a su marido, el cual comi\u00f3 as\u00ed como ella<\/strong>. <em>\u2014 G\u00c9NESIS 3:6<\/em><\/span><\/p>\n\n\n\n<p>No es coincidencia que la ca\u00edda se registre bajo un 3:6.<\/p>\n\n\n\n<p style=\"padding-left: 15px;\"><strong>3\u00d72 = 6<\/strong>, y fueron 2 de 3 conquistados.<\/p>\n\n\n\n<p>La meta del enemigo es finalmente tomar las 2\/3 partes restantes en el cielo. En la cruz hab\u00edan <strong>3<\/strong>, y <strong>1<\/strong> se perdi\u00f3. \u00a1La tercera (<strong>3<\/strong>) se perdi\u00f3!\u2014<strong>3<\/strong>:<strong>1<\/strong>:<strong>3<\/strong><\/p>\n\n\n\n<p>Eran <strong>3<\/strong> en la cruz, el <strong>6<\/strong><span style=\"font-size: 8pt;\"><sup>to<\/sup><\/span> d\u00eda de la semana\u2014<strong>3<\/strong>:<strong>6. <\/strong>Eran <strong>3<\/strong>, y era el a\u00f1o<strong> 31<\/strong>.<\/p>\n\n\n\n<p style=\"padding-left: 15px;\"><strong>3<\/strong>:<strong>1<\/strong>:<strong>3<\/strong><\/p>\n\n\n\n<p>Este n\u00famero, 313, representa muerte a lo de Dios. Apocalipsis 13:3 (reagrupado, 3:1:3) nos menciona una herida o golpe a un poder que surgir\u00eda para gobernar al mundo hasta el fin, ROMA PAPAL. Ese poder surgi\u00f3 el 313 A.D. cuando el <strong>Emperador Constantino<\/strong>, haci\u00e9ndose pasar por seguidor de Cristo, logra unir la Iglesia al Estado.<\/p>\n\n\n\n<p>En el a\u00f1o 1513 A.D. surge el papa <strong>Le\u00f3n X<\/strong>, y\u20144 A\u00d1OS despu\u00e9s, en 1517, Mart\u00edn Lutero clava las 95 Tesis que fragmentaron el sistema PAPAL. La mayor herida desde su fundaci\u00f3n en el 313 A.D., tal como el mismo Francisco Bergoglio confirm\u00f3 en el 2016. [MARCADOR 00:<strong>04<\/strong>:<strong>50<\/strong>]\n\n\n\n<\/p><div class=\"su-vimeo su-u-responsive-media-yes\"><noscript><iframe width=\"600\" height=\"400\" src=\"\/\/player.vimeo.com\/video\/273789516?title=0&amp;byline=0&amp;portrait=0&amp;color=ffffff&amp;autoplay=0&amp;dnt=0&amp;muted=0&amp;texttrack=\" frameborder=\"0\" allow=\"autoplay; fullscreen\" allowfullscreen title=\"Frente a Frente a LA BESTIA y La Herida Mortal Que Fue Sanada\"><\/iframe><\/noscript><iframe width=\"600\" height=\"400\" frameborder=\"0\" allow=\"autoplay; fullscreen\" allowfullscreen title=\"Frente a Frente a LA BESTIA y La Herida Mortal Que Fue Sanada\" data-src=\"\/\/player.vimeo.com\/video\/273789516?title=0&amp;byline=0&amp;portrait=0&amp;color=ffffff&amp;autoplay=0&amp;dnt=0&amp;muted=0&amp;texttrack=\" loading=\"lazy\" class=\" lazyload\"><\/iframe><\/div>\n\n\n\n<p class=\"has-text-color has-background has-very-dark-gray-color has-very-light-gray-background-color\"><strong>SECCI\u00d3N 2<\/strong><\/p>\n\n\n\n<p>Dios dijo, en G\u00e9nesis 3:15, que siempre habr\u00eda enemistad entre lo santo y lo profano. La fecha en que surge Le\u00f3n X, 1513, es un un reto subliminal a G\u00e9nesis 3:15, puesto que los tres \u00faltimos n\u00fameros de 1513, es 3:15 al rev\u00e9s. Apocalipsis 13:3 tambi\u00e9n dice que la herida, p\u00e9rdida de poder en el mundo y sus habitantes, tambi\u00e9n ser\u00eda curada.<\/p>\n\n\n\n<p style=\"padding-left: 15px;\"><span style=\"color: #526582;\"><sup><span style=\"font-size: 8pt;\">3<\/span>&nbsp;<\/sup>Vi una de sus cabezas como herida de muerte, <strong>pero su herida mortal fue sanada<\/strong>; y se maravill\u00f3 toda la tierra en pos de la bestia [\u2026] <em>\u2014APOCALIPSIS 13:3<\/em><\/span><\/p>\n\n\n\n<p>En el <strong>3 de Marzo<\/strong> (31 d\u00edas; 31 es 13 al rev\u00e9s),<strong> del a\u00f1o 13<\/strong> del dos mil (2013), surge Francisco como papa. \u00bfVEN LOS N\u00daMEROS? <strong>3:13.<\/strong> Todo es s\u00edmbolo de eso que sucedi\u00f3 en el cielo. De 3 se llev\u00f3 la tercera: <span style=\"color: #ff0000;\"><strong>1<\/strong><\/span>\/<strong><span style=\"color: #ff0000;\">3<\/span>. <\/strong>Francisco es el papa n\u00famero <strong>266<\/strong> en toda la historia del papado.<\/p>\n\n\n\n<p>MIREN \u00c9STO: 266\u00f72 = <strong>133<\/strong><\/p>\n\n\n\n<p>\u00bfLO NOTARON?<\/p>\n\n\n\n<p>133 es lo mismo que Apocalipsis 13:3. Y reagrupado 3:13. \u00a1Bergoglio surge un 13-3-13!<\/p>\n\n\n\n<p>En el 2015, Francisco dijo:<\/p>\n\n\n\n<p style=\"padding-left: 15px;\"><span style=\"font-family: courier new, courier, monospace;\">\u201cQueridos hermanos, <span style=\"background-color: #ffff00;\">la desuni\u00f3n es una herida<\/span> en el cuerpo de la Iglesia de Cristo, y nosotros <span style=\"background-color: #ffff00;\">no queremos que esa herida permanezca<\/span><em>.\u201d \u2014FRANCISCO BERGOGLIO<\/em> [Marcador 00:<strong>04<\/strong>:<strong>50<\/strong>]<\/span><\/p>\n\n\n\n<p>En <strong>1534<\/strong> (1+5+3+4 = 13) surge <strong>la orden jesuita<\/strong> para devolver el poder perdido. <strong>Ellos crearon las iglesias protestantes<\/strong> para aplastar la protesta\u2014y la aplastaron <em>(APC. 17:5)<\/em>. Hoy, sin protestar, y estando todos unidos a Roma, siguen creyendo que son protestantes. <a class=\"partNav\" href=\"https:\/\/www.cristoverdad.com\/ecumenismo-de-sangre-8-es-el-nuevo-7\/\" target=\"_blank\" rel=\"noopener noreferrer\"><span style=\"font-size: 8pt;\"><sup>[a]<\/sup><\/span><span class=\"partNavText\">ECUMENISMO DE SANGRE \u2014 8 Es el Nuevo 7: Adoraci\u00f3n al dios Sol en La Iglesia Adventista y el Cristianismo.<br>[VIDEO 2:32:55, CristoVerdad]<\/span><\/a><\/p>\n\n\n\n<p class=\"has-text-color has-background has-very-dark-gray-color has-very-light-gray-background-color\"><strong>SECCI\u00d3N 3<\/strong><\/p>\n\n\n\n<p><strong>Arturo Sosa Abascal<\/strong>, el Gran General Jesuita hoy, es venezolano y es el n\u00famero <strong>31<\/strong> en la historia de esa orden. Francisco tambi\u00e9n es jesuita, s\u00edmbolo de que ya tienen el poder absoluto. <a class=\"partNav\" href=\"https:\/\/es.wikipedia.org\/wiki\/Arturo_Sosa_Abascal\" target=\"_blank\" rel=\"noopener noreferrer\"><span style=\"font-size: 8pt;\"><sup>[b]<\/sup><\/span><span class=\"partNavText\">Arturo Sosa Abascal, Gran General Jesuita <br>[BiOGRAF\u00cdA, Wikipedia]<\/span><\/a><\/p>\n\n\n\n<p>L<a href=\"https:\/\/www.cristoverdad.com\/wp-content\/uploads\/2019\/04\/Baphomet.jpg\" data-rel=\"lightbox-image-0\" data-rl_title data-rl_caption title><noscript><img decoding=\"async\" class=\"wp-image-8915  alignleft\" src=\"https:\/\/www.cristoverdad.com\/wp-content\/uploads\/2019\/04\/Baphomet-199x300.jpg\" alt width=\"88\" height=\"133\" srcset=\"https:\/\/www.cristoverdad.com\/wp-content\/uploads\/2019\/04\/Baphomet-199x300.jpg 199w, https:\/\/www.cristoverdad.com\/wp-content\/uploads\/2019\/04\/Baphomet.jpg 465w\" sizes=\"(max-width: 88px) 100vw, 88px\"><\/noscript><img decoding=\"async\" class=\"wp-image-8915  alignleft lazyload\" src=\"data:image\/svg+xml,%3Csvg%20xmlns%3D%22http%3A%2F%2Fwww.w3.org%2F2000%2Fsvg%22%20viewBox%3D%220%200%2088%20133%22%3E%3C%2Fsvg%3E\" alt width=\"88\" height=\"133\" srcset=\"data:image\/svg+xml,%3Csvg%20xmlns%3D%22http%3A%2F%2Fwww.w3.org%2F2000%2Fsvg%22%20viewBox%3D%220%200%2088%20133%22%3E%3C%2Fsvg%3E 88w\" sizes=\"(max-width: 88px) 100vw, 88px\" data-srcset=\"https:\/\/www.cristoverdad.com\/wp-content\/uploads\/2019\/04\/Baphomet-199x300.jpg 199w, https:\/\/www.cristoverdad.com\/wp-content\/uploads\/2019\/04\/Baphomet.jpg 465w\" data-src=\"https:\/\/www.cristoverdad.com\/wp-content\/uploads\/2019\/04\/Baphomet-199x300.jpg\" loading=\"lazy\"><\/a>a estatua de Baphomet (Satan\u00e1s), hombre con cabeza de cabra (chivo), con senos femeninos, tiene 2 dedos apuntando hacia arriba (mano derecha), y 3 apuntando hacia abajo en su mano izquierda. \u00bfRecuerdan lo de que les mencion\u00e9 de que de 3 tom\u00f3 1 y quedaron 2 en el cielo? Y en Ed\u00e9n, de 3 tom\u00f3 a 2 y qued\u00f3 1 (EL SE\u00d1OR).<\/p>\n\n\n\n<p>La meta del diablo no es solamente tomar la tierra, sino el cielo tambi\u00e9n, lo queno pudo hacer anteriormente<em> (APC. 12:7-12).<\/em> Sus 2 dedos es s\u00edmbolo de que va a tomar (en sue\u00f1os) las 2\/3 restantes del cielo, para completar con la que ya tom\u00f3 (<strong>1<\/strong>), las <strong>3<\/strong> partes completas. Eso indica su mano izquierda.<\/p>\n\n\n\n<p class=\"has-text-color has-background has-very-dark-gray-color has-very-light-gray-background-color\"><strong>SECCI\u00d3N 4<\/strong><\/p>\n\n\n\n<p>Ahora bien, Dios dice esto:<\/p>\n\n\n\n<p style=\"padding-left: 15px;\"><span style=\"color: #526582; font-family: courier new, courier, monospace;\"><span style=\"font-size: 8pt;\"><sup>8<\/sup><\/span> Y acontecer\u00e1 en toda la tierra, dice Jehov\u00e1, que <span style=\"background-color: #ffff00;\">las <strong>dos<\/strong> [2] <strong>terceras <\/strong>[3] partes ser\u00e1n cortadas en ella,<\/span> y se perder\u00e1n; mas la (1) tercera (3) quedar\u00e1 en ella. <em>\u2014<\/em><em> ZACAR\u00cdAS 13:8<\/em><\/span><\/p>\n\n\n\n<p>Se salvar\u00e1 1\/3 porque esa completa la vacante dejada en el cielo. <em>(JUDAS 1:6)<\/em><\/p>\n\n\n\n<p>Este n\u00famero 313 es completamente recurrente y lo vemos por todos lados. Todo lo que hacen <strong>las iglesias<\/strong> en general, los gobiernos y las grandes empresas <em>(APC. 18:1-6), <\/em>se hacen bajo esos n\u00fameros, 3,1, 3.<\/p>\n\n\n\n<p style=\"padding-left: 15px;\">3\u00d71\u00d73 = 9, y 9 es 3+3+3 o \u00e9nfasis de 3.<\/p>\n\n\n\n<p>El 13 (UNA TERCERA) es s\u00edmbolo del territorio del dios de la muerte. La gente de poder y fama en este mundo siempre hace cosas y muere bajo ese n\u00famero. 13 ES N\u00daMERO DE MUERTE.<\/p>\n\n\n\n<p style=\"padding-left: 15px;\"><span style=\"font-family: courier new, courier, monospace; color: #526582;\"><span style=\"font-size: 8pt;\"><sup>13<\/sup><\/span> <strong>NO MATAR\u00c1S<\/strong>. <em>\u2014\u0116XODO 20:13<\/em><\/span><\/p>\n\n\n\n<p><span style=\"color: #3181b0;\"><strong>EDICI\u00d3N<\/strong> [3:45 PM, 6\/17\/2020] Jos\u00e9 Lui Javier<\/span><\/p>\n<p>\u00bfAlguna vez han esuchado hablar del MARTES 13 y el VIERNES 13? De ah\u00ed viene su procedencia; 13 es n\u00famero de muerte. <a class=\"partNav\" href=\"https:\/\/vimeo.com\/274978112\" target=\"_blank\" rel=\"noopener noreferrer\"><span style=\"font-size: 8pt;\"><sup>[k]<\/sup><\/span><span class=\"partNavText\">Enga\u00f1o Letal, HALLOWEEN &amp; Las Profec\u00edas<br>[VIDEO 2:32:55, CristoVerdad]<\/span><\/a><\/p>\n\n\n\n<p>Considere la historia de Ester\u2014<\/p>\n\n\n\n<div class=\"su-expand su-expand-collapsed su-expand-link-style-default\" data-height=\"100\"><div class=\"su-expand-content su-u-trim\" style=\"color:#333333;max-height:100px;overflow:hidden\"> <div class=\"su-box su-box-style-default\" id style=\"border-color:#0017a5;border-radius:3px;max-width:none\"><div class=\"su-box-title\" style=\"background-color:#004ad8;color:#ffffff;border-top-left-radius:1px;border-top-right-radius:1px\">13, N\u00daMERO DE MUERTE<\/div><div class=\"su-box-content su-u-clearfix su-u-trim\" style=\"border-bottom-left-radius:1px;border-bottom-right-radius:1px\">\n<p><span style=\"font-family: courier new, courier, monospace;color: #526582\"><sup><span style=\"font-size: 8pt\">5<\/span> <\/sup>Y vio Am\u00e1n que Mardoqueo ni se arrodillaba ni se humillaba delante de \u00e9l; y se llen\u00f3 de ira.<br><\/span><span style=\"font-family: courier new, courier, monospace;color: #526582\"><sup><span style=\"font-size: 8pt\">6<\/span> <\/sup>Pero tuvo en poco poner mano en Mardoqueo solamente, pues ya le hab\u00edan declarado cu\u00e1l era el pueblo de Mardoqueo; <span style=\"background-color: #ffff00\">y procur\u00f3 Am\u00e1n destruir a todos los jud\u00edos<\/span> que hab\u00eda en el reino de Asuero, al pueblo de Mardoqueo. [\u2026] <br><\/span><span id=\"es-RVR1960-12756\" class=\"text Esth-3-8\" style=\"font-family: courier new, courier, monospace;color: #526582\"><sup class=\"versenum\"><span style=\"font-size: 8pt\">8<\/span> <\/sup>Y dijo Am\u00e1n al rey Asuero: Hay un pueblo esparcido y distribuido entre los pueblos en todas las provincias de tu reino, y sus leyes son diferentes de las de todo pueblo, y no guardan las leyes del rey, y al rey nada le beneficia el dejarlos vivir. <br><\/span><span id=\"es-RVR1960-12757\" class=\"text Esth-3-9\" style=\"font-family: courier new, courier, monospace;color: #526582\"><sup class=\"versenum\"><span style=\"font-size: 8pt\">9<\/span> <\/sup>Si place al rey, decrete que sean destruidos; y yo pesar\u00e9 diez mil talentos de plata a los que manejan la hacienda, para que sean tra\u00eddos a los tesoros del rey. <br><\/span><span id=\"es-RVR1960-12760\" class=\"text Esth-3-12\" style=\"font-family: courier new, courier, monospace;color: #526582\"><sup class=\"versenum\"><span style=\"font-size: 8pt\">12<\/span> <\/sup>Entonces fueron llamados los escribanos del rey en el mes primero, al <strong><span style=\"background-color: #ff0000;color: #ffffff\">d\u00eda trece<\/span><\/strong> del mismo, y fue escrito conforme a todo lo que mand\u00f3 Am\u00e1n, a los s\u00e1trapas del rey, a los capitanes que estaban sobre cada provincia y a los pr\u00edncipes de cada pueblo, a cada provincia seg\u00fan su escritura, y a cada pueblo seg\u00fan su lengua; en nombre del rey Asuero fue escrito, y sellado con el anillo del rey. <br><\/span><span id=\"es-RVR1960-12761\" class=\"text Esth-3-13\" style=\"color: #526582\"><span style=\"font-family: courier new, courier, monospace\"><span style=\"font-size: 8pt\"><sup class=\"versenum\"><span style=\"color: #ff0000\"><strong>13 <\/strong><\/span><\/sup><\/span>Y fueron enviadas cartas por medio de correos a todas las provincias del rey, con <span style=\"background-color: #ffff00\">la orden de destruir, matar y exterminar a todos los jud\u00edos,<\/span> j\u00f3venes y ancianos, ni\u00f1os y mujeres, en un mismo d\u00eda, <strong><span style=\"background-color: #ff0000;color: #ffffff\">en el d\u00eda trece<\/span><\/strong> del mes duod\u00e9cimo, que es el mes de Adar, y de apoderarse de sus bienes. <em>\u2014ESTER 3:8-9, 12-13 <\/em><\/span><\/span><span id=\"es-RVR1960-12761\">[Leer Cap. 3 y 4 completos] <\/span><\/p><\/div><\/div><\/div><div class=\"su-expand-link su-expand-link-more\" style=\"text-align:left\"><a href=\"javascript:;\" style=\"color:#0088FF;border-color:#0088FF\"><i class=\"sui sui-align-right\" style aria-label><\/i><span style=\"border-color:#0088FF\">expandir<\/span><\/a><\/div><div class=\"su-expand-link su-expand-link-less\" style=\"text-align:left\"><a href=\"javascript:;\" style=\"color:#0088FF;border-color:#0088FF\"><span style=\"border-color:#0088FF\">&lt;&lt; abreviar<\/span><\/a><\/div><\/div>\n\n\n\n<p>Esta historia representa al pueblo de Dios en el tiempo del f\u00edn\u2014el <strong>Israel Espiritual<\/strong> (<em>ROM. 2:17-29, APC. 14:1-12<\/em>), que es perseguido bajo el poder del maligno <em>(APC. 12:17, DAN. 7:25-27)<\/em>, marcado territorialmente por el n\u00famero 13. El edicto final de la ejecuci\u00f3n del pueblo jud\u00edo fue enviado en <span style=\"background-color: #ffff00;\"><em><strong>ESTER 3:13,<\/strong><\/em><\/span><em> en un d\u00eda 13<\/em><em><strong>.<\/strong><\/em> \u00a1Tremendo eso!<\/p>\n\n\n\n<p class=\"has-text-color has-background has-very-dark-gray-color has-very-light-gray-background-color\">Aclaramos que fue Dios quien cre\u00f3 todos los n\u00fameros, pero es el diablo quien se ha apropiado de algunos de ellos para marcar su territorio, de la misma manera que Dios cre\u00f3 a este mundo, el diablo es ahora quien reina sobre \u00e9l <em>(JUAN <strong>18<\/strong>:<strong>36<\/strong>).<\/em> Cristo viene pronto a reclamarlo, b\u00fascale.<\/p>\n\n\n\n<p><span style=\"color: #3181b0;\">[1:56 PM, 6\/14\/2020] Miguelin Herm\u00f3genes Javier:<\/span><\/p>\n\n\n\n<p><strong>\u00bfRecuerdan el supuesto hombre que muri\u00f3 en Estados Unidos a manos del polic\u00eda?<\/strong> Al principio las noticias dec\u00edan, \"que fue asfixiado por <strong>9<\/strong> minutos.\u201d Y en la escena hab\u00edan<strong> 4 <\/strong>polic\u00edas.<\/p>\n\n\n\n<p style=\"padding-left: 15px;\"> 9+4 = <strong>13<\/strong><\/p>\n\n\n\n<p>Hoy dicen que fueron solo <strong>8<\/strong> minutos y <strong>46<\/strong> segundos.<\/p>\n\n\n\n<p style=\"padding-left: 15px;\">8+4+6 = <strong>18<\/strong><\/p>\n\n\n\n<p>Esto nos manda a Apocalipsis 13:18\u2014<\/p>\n\n\n\n<p style=\"padding-left: 15px;\"><span style=\"font-family: courier new, courier, monospace; color: #526582;\"><sup><span style=\"font-size: 8pt;\">18<\/span>&nbsp;<\/sup>Aqu\u00ed hay sabidur\u00eda. El que tiene entendimiento, <span style=\"background-color: #ffff00;\">cuente el n\u00famero<\/span> de la bestia, pues es n\u00famero de hombre. Y su n\u00famero es <strong>seiscientos sesenta<\/strong> y <strong>seis<\/strong> [666]. <em>\u2014<\/em><em>APOCALIPSIS 13:18<\/em><\/span><\/p>\n\n\n\n<p style=\"padding-left: 15px;\">13:18 = <strong>666<\/strong><\/p>\n\n\n\n<p><span style=\"color: #999377;\">[2:01 PM, 6\/14\/2020] Maricela Alberto (M\u00e9xico)<\/span><br>Am\u00e9n, incre\u00edble.<\/p>\n\n\n\n<p><span style=\"color: #3181b0;\">[2:02 PM, 6\/14\/2020] Miguel H. Javier<\/span><\/p>\n<p><strong>00:8:46<\/strong><\/p>\n\n\n\n<p>A las <strong>8:46<\/strong> AM, fue atacada la Torre 1 en Nueva York, el <strong>9:11<\/strong> (2001)<\/p>\n\n\n\n<p style=\"padding-left: 15px;\">8+4+6 = <strong>18. Esto<\/strong> es 6+6+6 o <strong>666<\/strong>.<\/p>\n\n\n\n<p><strong>Torre 1, AM<\/strong><\/p>\n\n\n\n<p style=\"padding-left: 15px;\"><strong>A<\/strong> = <strong>1<\/strong> Letra n\u00famero 1 del alfabeto.<br><strong>M<\/strong> = <strong>13<\/strong> Letra 13 del alfabeto.<\/p>\n\n\n\n<p>Reagrupamos 1, 1, 13 y nos da 13:11\u2014<\/p>\n\n\n\n<p style=\"padding-left: 15px;\"><span style=\"font-family: courier new, courier, monospace; color: #526582;\"><sup><span style=\"font-size: 8pt;\">11<\/span>&nbsp;<\/sup><strong>Despu\u00e9s vi otra bestia que sub\u00eda de la tierra<\/strong>; y ten\u00eda dos cuernos semejantes a los de un cordero, <strong>pero hablaba como drag\u00f3n<\/strong>. <em>\u2014APOCALIPSIS 13:11<\/em><\/span><\/p>\n\n\n\n<p>Apocalipsis 13:11, <strong>surgimiento de Estados Unidos como bestia&#8230;<\/strong><\/p>\n\n\n\n<p style=\"padding-left: 15px;\">9-11 a 9\u00d711 = 99; 9+9 = 18 = 666<\/p>\n\n\n\n<p>George Floyd, el hombre \"asfixiado\u201d, dijo: \u201c<strong>I CAN&#8217;T BREATH<\/strong>\u201d (NO PUEDO RESPIRAR).<\/p>\n\n\n\n<p><strong>I CAN&#8217;T BREATH<\/strong> tiene 11 letras. Pero esta frase es una abreviaci\u00f3n de <strong>I CANNOT BREATH,<\/strong> que tiene 13 letras. Ahora bien, 13+11 = 24 o 24 = <strong>6<\/strong>+<strong>6<\/strong>+<strong>6<\/strong>+<strong>6<\/strong>.<\/p>\n\n\n\n<p><span style=\"color: #008000;\"><strong>EDICI\u00d3N<\/strong> [7:00 PM, 6\/15\/2020] Jos\u00e9 Luis Javier<\/span><\/p>\n<p>Recomendamos que tome 30 minutos de su tiempo y vea este video. Aqu\u00ed se muestra como todo esto es otro gran teatro para avanzar la agenda del Nuevo Orden Mundial.<\/p>\n\n\n\n<div class=\"su-vimeo su-u-responsive-media-yes\"><noscript><iframe width=\"600\" height=\"400\" src=\"\/\/player.vimeo.com\/video\/429433899?title=0&amp;byline=0&amp;portrait=0&amp;color=ffffff&amp;autoplay=0&amp;dnt=0&amp;muted=0&amp;texttrack=\" frameborder=\"0\" allow=\"autoplay; fullscreen\" allowfullscreen title=\"Decodificando el Asesinato de Goege Floyd y Sembrando la Conciencia de la Paz\"><\/iframe><\/noscript><iframe width=\"600\" height=\"400\" frameborder=\"0\" allow=\"autoplay; fullscreen\" allowfullscreen title=\"Decodificando el Asesinato de Goege Floyd y Sembrando la Conciencia de la Paz\" data-src=\"\/\/player.vimeo.com\/video\/429433899?title=0&amp;byline=0&amp;portrait=0&amp;color=ffffff&amp;autoplay=0&amp;dnt=0&amp;muted=0&amp;texttrack=\" loading=\"lazy\" class=\" lazyload\"><\/iframe><\/div>\n\n\n\n<p><span style=\"color: #526582;\"><span style=\"color: #3181b0;\">[2:12 PM, 6\/14\/2020] Miguel H. Javier<\/span><\/span><\/p>\n<p>\u00bfRecuerdan la proposici\u00f3n del condado de <strong>Ventura<\/strong> en California acerca de la vacunaci\u00f3n obligatoria? Su nombre y n\u00famero eran <strong>Proposici\u00f3n 6666<\/strong> <a class=\"partNav\" href=\"https:\/\/www.congress.gov\/bill\/116th-congress\/house-bill\/6666\/text\" target=\"_blank\" rel=\"noopener noreferrer\"><span style=\"font-size: 8pt;\"><sup>[d]<\/sup><\/span><span class=\"partNavText\">H.R.6666 &#8211; COVID-19 Testing, Reaching, And Contacting Everyone (TRACE) Act<br>[ENLACE, CristoVerdad]<\/span><\/a><\/p>\n\n\n\n<p>Mire la tabla del 3\u2014<\/p>\n\n\n\n<p style=\"padding-left: 15px;\"><strong>3<\/strong>\u00d7<strong>1<\/strong> = <strong>3<\/strong> (313)<br>3\u00d72 = <strong>6<\/strong><br>3\u00d73 = <strong>9<\/strong><\/p>\n\n\n\n<p>3 6 9, los n\u00fameros de la crucifixi\u00f3n y muerte del Se\u00f1or Jes\u00fas.<\/p>\n\n\n\n<p class=\"has-text-color has-background has-very-dark-gray-color has-very-light-gray-background-color\"><strong>SECCION 5<\/strong><\/p>\n\n\n\n<p>Cristo fue crucificado a la hora 3<span style=\"font-size: 8pt;\"><sup>ra <\/sup><\/span>\u2014<\/p>\n\n\n\n<p style=\"padding-left: 15px;\"><span style=\"font-family: courier new, courier, monospace; color: #526582;\"><span style=\"font-size: 8pt;\"><sup>25<\/sup><\/span> Era <strong><span style=\"background-color: #ffff00;\">la hora tercera<\/span><\/strong> cuando le crucificaron. <em>\u2014MARCOS <strong>15<\/strong>:<strong>25<\/strong><\/em><\/span><\/p>\n\n\n\n<p style=\"padding-left: 15px;\"><span style=\"font-family: comic sans ms, sans-serif; font-size: 10pt;\">15:25 (1+5+2+5 = <strong>13<\/strong>)<\/span><\/p>\n\n\n\n<p>Oscuridad a la hora sexta:<\/p>\n\n\n\n<p style=\"padding-left: 15px;\"><span style=\"font-family: courier new, courier, monospace; color: #526582;\"><span style=\"font-size: 8pt;\"><sup>33<\/sup><\/span> Cuando vino <span style=\"background-color: #ffff00;\"><strong>la hora sexta<\/strong><\/span>, hubo tinieblas sobre toda la tierra hasta <strong><span style=\"background-color: #ffff00;\">la hora novena.<\/span><\/strong><em> \u2014 MARCOS 15:33<\/em><\/span><\/p>\n\n\n\n<p style=\"padding-left: 15px;\"><strong>15:33<\/strong><\/p>\n\n\n\n<p>Reagrupados G\u00e9nesis 3:15 y el a\u00f1o 1533, a\u00f1o en que probablemente comenz\u00f3 ocultamente a formarse la Orden Jesuita.<\/p>\n\n\n\n<p><span style=\"color: #008000;\">EDICI\u00d3N [7:40 PM, 6\/15\/2020] Jos\u00e9 Luis Javier<\/span><\/p>\n<p>En Colombia se adopt\u00f3 una ley muy parecida; \u00bfSu nombre? <strong>Resoluci\u00f3n 666 <\/strong>del <span style=\"background-color: #ffff00;\"><strong>24<\/strong><\/span> del Abril del 2020. Aqu\u00ed fueron m\u00e1s directos y nos hicieron el favor de remover un 6, de modo que el mensaje es directo, sin necesidad de ninguna calculaci\u00f3n. Sin embargo, <strong>24<\/strong>\u2014como ya mencionamos es la suma de <strong>6<\/strong>+<strong>6<\/strong>+<strong>6<\/strong>+<strong>6<\/strong> (6666); es decir que de una manera u otra la resoluci\u00f3n de Colombia est\u00e1 asociada a la del condado de Ventuta en California; <strong>\u00a1todo est\u00e1 conectado!<\/strong><\/p>\n\n\n<div class=\"su-youtube su-u-responsive-media-yes\"><noscript><iframe width=\"600\" height=\"400\" src=\"https:\/\/www.youtube.com\/embed\/t1UMwOMsVKA?\" frameborder=\"0\" allowfullscreen allow=\"autoplay; encrypted-media; picture-in-picture\" title=\"Protocolos de Bioseguridad. Resoluci\u00f3n 666 del 24 de ABRIL del 2020\"><\/iframe><\/noscript><iframe width=\"600\" height=\"400\" frameborder=\"0\" allowfullscreen allow=\"autoplay; encrypted-media; picture-in-picture\" title=\"Protocolos de Bioseguridad. Resoluci\u00f3n 666 del 24 de ABRIL del 2020\" data-src=\"https:\/\/www.youtube.com\/embed\/t1UMwOMsVKA?\" loading=\"lazy\" class=\" lazyload\"><\/iframe><\/div>\n\n\n<p><span style=\"color: #3181b0;\">[2:30 PM, 6\/14\/2020] Miguel H. Javier<\/span><\/p>\n\n\n\n<p><strong>Los Masones<\/strong>, que son la rama m\u00e1s activa del grupo Iluminati por medio del cual Satan\u00e1s gobierna al mundo, est\u00e1n divididos en estos grados:<\/p>\n<p style=\"padding-left: 15px;\"><span style=\"font-family: arial, helvetica, sans-serif; font-size: 10pt;\"><strong>31<\/strong> (13), que representa el territorio poblacional conquistado en el cielo.<\/span><br><span style=\"font-family: arial, helvetica, sans-serif; font-size: 10pt;\"><strong>32<\/strong>, cantidad restante de \u00e1ngeles del cielo y meta a alcanzar conquistar.<\/span><br><span style=\"font-family: arial, helvetica, sans-serif; font-size: 10pt;\"><strong>33<\/strong>, o tres terceras partes, cantidad completa de todos los \u00e1ngeles.<\/span><\/p>\n\n\n\n<p>Los grandes l\u00edderes religiosos, gobernantes y empresarios son grado 33, y son todos MASONES.<\/p>\n\n\n\n<p>Recuerden 3 6 9, las horas de la crucificaci\u00f3n y muerte del Se\u00f1or: 3+6+9 = 18 = 666<\/p>\n\n\n\n<p>18; 1+8 = 9; 9 = 3+3+3 o <strong>3<\/strong><\/p>\n<p style=\"padding-left: 15px;\"><strong>3<\/strong> es 1. O sea, Tercera de 3 es 1<br><strong>6<\/strong> es 13. Sexta es 1, y Mitad es 3<br><strong>9<\/strong> es 13. Novena 1 y Tercera 3<\/p>\n\n\n\n<p>Abra sus ojos y mire siempre en todo lo que se dice en los medios de comunicaci\u00f3n, y ver\u00e1 siempre los mismos n\u00fameros. Aunque no vea el 3, 6, 9, 18 o 666 directamente, sume las cifras que ellos dan y resultar\u00e1 en lo mismo todo el tiempo. Dondequiera que usted vea esos n\u00fameros, el diablo reina\u2014\u00a1No solo en Roma!<\/p>\n\n\n\n<p class=\"has-text-color has-background has-very-dark-gray-color has-very-light-gray-background-color\"><strong>SECCI\u00d3N 6<\/strong><\/p>\n\n\n\n<p><span style=\"color: #008000;\">EDICI\u00d3N [9:30 PM, 6\/16\/2020] Jos\u00e9 Luis Javier<\/span><\/p>\n<p>Las novelas son los programas m\u00e1s vistos en toda latinoam\u00e9rica. Adem\u00e1s tienen gran auge mundial ya que son traducidas a varios idiomas y exportadas a Estados Unidos, Europa, Asia y otros lugares del globo terr\u00e1queo. \u00bfAlguno de ustedes vi\u00f3 y recuerda la novela <strong>La P\u00edcara So\u00f1adora, <\/strong>que la daban en los 90s? (1991).<\/p>\n\n\n\n<p><a href=\"https:\/\/www.cristoverdad.com\/wp-content\/uploads\/2020\/06\/Mariana-Levy-\u2013-La-Picara-So\u00f1adora-Muerte.png\" data-rel=\"lightbox-image-1\" data-rl_title data-rl_caption title><noscript><img decoding=\"async\" class=\"wp-image-18572  alignright\" src=\"https:\/\/www.cristoverdad.com\/wp-content\/uploads\/2020\/06\/Mariana-Levy-\u2013-La-Picara-So\u00f1adora-Muerte-300x199.png\" alt width=\"265\" height=\"176\" srcset=\"https:\/\/www.cristoverdad.com\/wp-content\/uploads\/2020\/06\/Mariana-Levy-\u2013-La-Picara-So\u00f1adora-Muerte-300x199.png 300w, https:\/\/www.cristoverdad.com\/wp-content\/uploads\/2020\/06\/Mariana-Levy-\u2013-La-Picara-So\u00f1adora-Muerte-1024x680.png 1024w, https:\/\/www.cristoverdad.com\/wp-content\/uploads\/2020\/06\/Mariana-Levy-\u2013-La-Picara-So\u00f1adora-Muerte-768x510.png 768w, https:\/\/www.cristoverdad.com\/wp-content\/uploads\/2020\/06\/Mariana-Levy-\u2013-La-Picara-So\u00f1adora-Muerte-1200x800.png 1200w, https:\/\/www.cristoverdad.com\/wp-content\/uploads\/2020\/06\/Mariana-Levy-\u2013-La-Picara-So\u00f1adora-Muerte-1080x717.png 1080w, https:\/\/www.cristoverdad.com\/wp-content\/uploads\/2020\/06\/Mariana-Levy-\u2013-La-Picara-So\u00f1adora-Muerte-1280x850.png 1280w, https:\/\/www.cristoverdad.com\/wp-content\/uploads\/2020\/06\/Mariana-Levy-\u2013-La-Picara-So\u00f1adora-Muerte-980x651.png 980w, https:\/\/www.cristoverdad.com\/wp-content\/uploads\/2020\/06\/Mariana-Levy-\u2013-La-Picara-So\u00f1adora-Muerte-480x319.png 480w, https:\/\/www.cristoverdad.com\/wp-content\/uploads\/2020\/06\/Mariana-Levy-\u2013-La-Picara-So\u00f1adora-Muerte.png 1527w\" sizes=\"(max-width: 265px) 100vw, 265px\"><\/noscript><img decoding=\"async\" class=\"wp-image-18572  alignright lazyload\" src=\"data:image\/svg+xml,%3Csvg%20xmlns%3D%22http%3A%2F%2Fwww.w3.org%2F2000%2Fsvg%22%20viewBox%3D%220%200%20265%20176%22%3E%3C%2Fsvg%3E\" alt width=\"265\" height=\"176\" srcset=\"data:image\/svg+xml,%3Csvg%20xmlns%3D%22http%3A%2F%2Fwww.w3.org%2F2000%2Fsvg%22%20viewBox%3D%220%200%20265%20176%22%3E%3C%2Fsvg%3E 265w\" sizes=\"(max-width: 265px) 100vw, 265px\" data-srcset=\"https:\/\/www.cristoverdad.com\/wp-content\/uploads\/2020\/06\/Mariana-Levy-\u2013-La-Picara-So\u00f1adora-Muerte-300x199.png 300w, https:\/\/www.cristoverdad.com\/wp-content\/uploads\/2020\/06\/Mariana-Levy-\u2013-La-Picara-So\u00f1adora-Muerte-1024x680.png 1024w, https:\/\/www.cristoverdad.com\/wp-content\/uploads\/2020\/06\/Mariana-Levy-\u2013-La-Picara-So\u00f1adora-Muerte-768x510.png 768w, https:\/\/www.cristoverdad.com\/wp-content\/uploads\/2020\/06\/Mariana-Levy-\u2013-La-Picara-So\u00f1adora-Muerte-1200x800.png 1200w, https:\/\/www.cristoverdad.com\/wp-content\/uploads\/2020\/06\/Mariana-Levy-\u2013-La-Picara-So\u00f1adora-Muerte-1080x717.png 1080w, https:\/\/www.cristoverdad.com\/wp-content\/uploads\/2020\/06\/Mariana-Levy-\u2013-La-Picara-So\u00f1adora-Muerte-1280x850.png 1280w, https:\/\/www.cristoverdad.com\/wp-content\/uploads\/2020\/06\/Mariana-Levy-\u2013-La-Picara-So\u00f1adora-Muerte-980x651.png 980w, https:\/\/www.cristoverdad.com\/wp-content\/uploads\/2020\/06\/Mariana-Levy-\u2013-La-Picara-So\u00f1adora-Muerte-480x319.png 480w, https:\/\/www.cristoverdad.com\/wp-content\/uploads\/2020\/06\/Mariana-Levy-\u2013-La-Picara-So\u00f1adora-Muerte.png 1527w\" data-src=\"https:\/\/www.cristoverdad.com\/wp-content\/uploads\/2020\/06\/Mariana-Levy-\u2013-La-Picara-So\u00f1adora-Muerte-300x199.png\" loading=\"lazy\"><\/a>Me llama la atenci\u00f3n que en la Novela la protagonista, la actriz <strong>Mariana Levy,<\/strong> viv\u00eda dentro de una tienda. Esa tienda er\u00e1n los \"<strong><em>Almacenes SARES Rochild.<\/em><\/strong>\" Era dentro de una tienda <strong>SEARS<\/strong> en M\u00e9xico, y para la novela reordenaron las letras del nombre, pero era exactamente el mismo logo. Para ese entonces SEARS era la cadena de tiendas por departamentos m\u00e1s poderosa de Estados Unidos (a\u00fan por encima de Walmart), y ten\u00eda varias sucursales en M\u00e9xico.<\/p>\n<p>En la novela, estos almacenes (SARES ROCHILD) eran de una familia s\u00faper rica, los <strong>Rochild<\/strong>. El mundo est\u00e1 controlado por<strong> 13 familias<\/strong> s\u00faper poderosas; los Rothschild son una de ellas. <a class=\"partNav\" href=\"https:\/\/ast.wikipedia.org\/wiki\/Familia_Rothschild\" target=\"_blank\" rel=\"noopener noreferrer\"><span style=\"font-size: 8pt;\"><sup>[e]<\/sup><\/span><span class=\"partNavText\">Familia Rothschild<br>[BIOGRAF\u00cdA, Wikipedia]<\/span><\/a> <a class=\"partNav\" href=\"https:\/\/vimeo.com\/273646738\" target=\"_blank\" rel=\"noopener noreferrer\"><span style=\"font-size: 8pt;\"><sup>[i]1<\/sup><\/span><span class=\"partNavText\">OLIVER Y SUS SECUACES [2] \u2014 LA BESTIA Que No Conoces<br>[VIDEO 1:01:14, CristoVerdad]<\/span><\/a> Seg\u00fan lo que estamos viendo es que Rochild ser\u00eda solo una hispanizaci\u00f3n del apellido Rothschild.<\/p>\n\n\n\n<p>En el 2005<strong> Mariana Levy muri\u00f3<\/strong> de un supuesto infarto, ocasionado por un susto <em>\"por temor a ser asaltada por un sujeto armado que caminaba cerca del [su] veh\u00edculo.\"<\/em> Continuemos\u2026<\/p>\n\n\n\n<p>Levy era hija de <strong>Talina Fern\u00e1ndez<\/strong>, una de las principales figuras de la Televisi\u00f3n Mexicana, y del<strong> Banquero Gerardo Jorge Levy<\/strong>. \u00bfTendr\u00eda la hja de un banquero multimillonario la necesidad de trabajar en un novela, donde muy pocos actores pueden hacer dinero? \u00bfHabr\u00e1 algo m\u00e1s detr\u00e1s de las c\u00e1maras?<\/p>\n\n\n\n<p>Mariana Levy <strong>muere el 29 de Abril del 2005, a los 39 a\u00f1os<\/strong>. Veamos sus datos\u2014<\/p>\n<p style=\"padding-left: 15px;\"><span style=\"color: #008000;\">FECHA:<\/span> 04-25-2005: 0+4+2+5+2+0+0+5 = <strong>18<\/strong><br><span style=\"color: #008000;\">D\u00cdA:<\/span> 29: 2&#215;9 = <strong>18  <\/strong><br><span style=\"color: #008000;\">EDAD:<\/span> 39 A\u00f1os, se podr\u00eda leer <strong>36<\/strong> (si viramos el 6). 36: 3 Veces 6 (666) o 3&#215;6 = 18 (<strong>6<\/strong>+<strong>6<\/strong>+<strong>6<\/strong>)<\/p>\n<p>A la hora de su muerte Levy se dirig\u00eda al parque de atracciones <strong>Six Flags<\/strong> (<strong>6<\/strong> <strong>Banderas<\/strong>). Contemos las banderas:<\/p>\n<p style=\"padding-left: 15px;\"><span style=\"font-family: arial, helvetica, sans-serif;\">6+6+6+6+6+6 = <strong>36<\/strong> (3&#215;6 = 18) o 6+6+6 (<strong>666), <\/strong>o podr\u00edamos leer las seis banderas como dos parejas de 666.<\/span><\/p>\n\n\n\n<p>Otro dato, Mariana Levy naci\u00f3 el 22 de Abril de 1<strong>966<\/strong>. Volvamos a contar\u2014<\/p>\n\n\n\n<p style=\"padding-left: 15px;\"><span style=\"font-family: comic sans ms, sans-serif; font-size: 10pt;\">04-22-1966 = 0+4+2+2+19+6+6 = <strong>3<\/strong>0 (3+0) = <strong>3<\/strong><\/span><\/p>\n<p>Leamos la fecha un poco diferente, eliminando el mes de Abril:<\/p>\n<p style=\"padding-left: 15px;\"><span style=\"font-family: arial, helvetica, sans-serif; font-size: 10pt;\"><span style=\"color: #999999;\">Abril<\/span> 22 de 1966: 2+2+1+9+6+6 = 26 (13+13 o 2X6 = <strong>18 <\/strong>[6+6+6]) <em>(APC. 13:18).<\/em><\/span><\/p>\n<p>A esto agregue que si usted toma el a\u00f1o 1966 y vira el 9 tendr\u00edamos 1<strong>666. <\/strong>\u00bfCoincidencia?<\/p>\n\n\n\n<p>L<a href=\"https:\/\/www.cristoverdad.com\/wp-content\/uploads\/2020\/06\/Eduardo-Palomo-La-Picara-So\u00f1adora.jpeg\" data-rel=\"lightbox-image-2\" data-rl_title data-rl_caption title><noscript><img decoding=\"async\" class=\"wp-image-18571  alignleft\" src=\"https:\/\/www.cristoverdad.com\/wp-content\/uploads\/2020\/06\/Eduardo-Palomo-La-Picara-So\u00f1adora-146x300.jpeg\" alt width=\"118\" height=\"242\" srcset=\"https:\/\/www.cristoverdad.com\/wp-content\/uploads\/2020\/06\/Eduardo-Palomo-La-Picara-So\u00f1adora-146x300.jpeg 146w, https:\/\/www.cristoverdad.com\/wp-content\/uploads\/2020\/06\/Eduardo-Palomo-La-Picara-So\u00f1adora-498x1024.jpeg 498w, https:\/\/www.cristoverdad.com\/wp-content\/uploads\/2020\/06\/Eduardo-Palomo-La-Picara-So\u00f1adora-768x1579.jpeg 768w, https:\/\/www.cristoverdad.com\/wp-content\/uploads\/2020\/06\/Eduardo-Palomo-La-Picara-So\u00f1adora-747x1536.jpeg 747w, https:\/\/www.cristoverdad.com\/wp-content\/uploads\/2020\/06\/Eduardo-Palomo-La-Picara-So\u00f1adora-480x987.jpeg 480w, https:\/\/www.cristoverdad.com\/wp-content\/uploads\/2020\/06\/Eduardo-Palomo-La-Picara-So\u00f1adora.jpeg 778w\" sizes=\"(max-width: 118px) 100vw, 118px\"><\/noscript><img decoding=\"async\" class=\"wp-image-18571  alignleft lazyload\" src=\"data:image\/svg+xml,%3Csvg%20xmlns%3D%22http%3A%2F%2Fwww.w3.org%2F2000%2Fsvg%22%20viewBox%3D%220%200%20118%20242%22%3E%3C%2Fsvg%3E\" alt width=\"118\" height=\"242\" srcset=\"data:image\/svg+xml,%3Csvg%20xmlns%3D%22http%3A%2F%2Fwww.w3.org%2F2000%2Fsvg%22%20viewBox%3D%220%200%20118%20242%22%3E%3C%2Fsvg%3E 118w\" sizes=\"(max-width: 118px) 100vw, 118px\" data-srcset=\"https:\/\/www.cristoverdad.com\/wp-content\/uploads\/2020\/06\/Eduardo-Palomo-La-Picara-So\u00f1adora-146x300.jpeg 146w, https:\/\/www.cristoverdad.com\/wp-content\/uploads\/2020\/06\/Eduardo-Palomo-La-Picara-So\u00f1adora-498x1024.jpeg 498w, https:\/\/www.cristoverdad.com\/wp-content\/uploads\/2020\/06\/Eduardo-Palomo-La-Picara-So\u00f1adora-768x1579.jpeg 768w, https:\/\/www.cristoverdad.com\/wp-content\/uploads\/2020\/06\/Eduardo-Palomo-La-Picara-So\u00f1adora-747x1536.jpeg 747w, https:\/\/www.cristoverdad.com\/wp-content\/uploads\/2020\/06\/Eduardo-Palomo-La-Picara-So\u00f1adora-480x987.jpeg 480w, https:\/\/www.cristoverdad.com\/wp-content\/uploads\/2020\/06\/Eduardo-Palomo-La-Picara-So\u00f1adora.jpeg 778w\" data-src=\"https:\/\/www.cristoverdad.com\/wp-content\/uploads\/2020\/06\/Eduardo-Palomo-La-Picara-So\u00f1adora-146x300.jpeg\" loading=\"lazy\"><\/a>a historia no termina ah\u00ed. <strong>Eduardo Palomo<\/strong>, protagonista junto a Levy en<em> La Picara So\u00f1adora,<\/em> tambi\u00e9n muri\u00f3 de un infarto  fulminante. Palomo muere el <strong>6<\/strong> de Noviembre del 2019, a las 2<strong>3<\/strong>:<strong>3<\/strong>0. Para comenzar, tenemos el 6 en el d\u00eda de su muerte. Si tomamos la hora de su muerte, tenemos lo siguiente:<\/p>\n<p style=\"padding-left: 15px;\"><span style=\"font-family: comic sans ms, sans-serif; font-size: 10pt;\"><span style=\"color: #008000;\">23:30:<\/span> 2+3+3+0 = 8 (No. de Roma, <em>APC. 17:11<\/em>)<\/span><br><span style=\"font-family: comic sans ms, sans-serif; font-size: 10pt;\"><span style=\"color: #008000;\">23:30:<\/span> 2x3x3 = 18 (6+6+6) o 666<\/span><\/p>\n<p>Y como si esto fuera poco, Palomo nace el <strong>13<\/strong> de Mayo del 1962.<\/p>\n<p><span style=\"color: #008000;\">05-13-1962:<\/span> 05+13+19+62 = 66 (6&#215;6 = <strong>36<\/strong>) = 3&#215;6 =18 (6+6+6).<\/p>\n<p>Si solo tomamos el n\u00famero del mes y d\u00eda de su nacimiento, tenemos<\/p>\n<p style=\"padding-left: 15px;\"><span style=\"color: #339966;\">05:13<\/span> = 0+5+<strong>13<\/strong> = <strong>18 <\/strong><em>(APC. 13:18)<br><\/em><span style=\"color: #339966;\">05:13:<\/span> 13 y 5, G\u00e9nesis 3:15; 13+5 = 18; <strong>18<\/strong> = 6+6+6 o<strong> 666<\/strong><\/p>\n<p>Levy muri\u00f3 a los <strong>39<\/strong> a\u00f1os de Edad, mientras que Palomo a los <strong>41<\/strong>. Si sumamos estos dos n\u00fameros enteros tenemos: 39+41 = 80 (8+0 =<strong> 8<\/strong>)<\/p>\n<p><strong><em>La P\u00edcara So\u00f1adora<\/em><\/strong> fue la telenovela que llev\u00f3 tanto a Levy como a Palomo al estrellato, aunque ya ellos hab\u00edan particiado en otras producciones. A\u00fan el nombre de la novela, LA P\u00cdCARA SO\u00d1ADORA, tiene <strong>16<\/strong> letras (1&#215;6 = <strong>6<\/strong>; 1+6 = <strong>7<\/strong>  6+7 =13). Curiosamente, Eduardo Palomo interpretar\u00eda a<em><strong> Juan del Diablo<\/strong><\/em> en la Novela <em>Coraz\u00f3n Salvaje<\/em> de 1993, dos a\u00f1os mas tarde. Conclu\u00edmos que ambos fueron sacrificados para Satan\u00e1s.<\/p>\n\n\n\n<p class=\"has-text-color has-background has-very-dark-gray-color has-very-light-gray-background-color\"><strong>SECC\u00d3N 7<\/strong><\/p>\n\n\n\n<p><span style=\"color: #3181b0;\">[2:49 PM, 6\/14\/2020] Miguel H. Javier<\/span><\/p>\n<p>Pondr\u00e9 un \u00faltimo ejemplo\u2014<\/p>\n\n\n\n<p>\u00bfRecuerdan a la cantante <strong>Selena<\/strong>? No muri\u00f3, su familia la sacrific\u00f3\u2014<\/p>\n\n\n\n<p><span style=\"color: #ff0000;\"><strong>SELENA QUINTANILLA<\/strong><\/span><\/p>\n\n\n\n<p><strong>Nace:<\/strong> 16 de Abril (30 d\u00edas, Mes 4) de1971<\/p>\n\n\n\n<p style=\"padding-left: 15px;\"><span style=\"font-family: comic sans ms, sans-serif; font-size: 10pt;\">1+6+3+0+4+1+9+7+1= <strong>32<\/strong><\/span><\/p>\n\n\n\n<p><strong>Tauro,<\/strong> signo zodiacal: Seg\u00fan la brujer\u00eda astrol\u00f3gica, es mes de 31 d\u00edas <\/p>\n\n\n\n<p>Nacimiento, nuevamente:<\/p>\n\n\n\n<p style=\"padding-left: 15px;\"><span style=\"font-family: comic sans ms, sans-serif; font-size: 10pt;\">16-4 (30)-1971; 1+6+4+3+0+1+9+7+1= <strong>32<\/strong> que es <strong>23<\/strong> al rev\u00e9s<\/span><\/p>\n\n\n\n<p><strong>Muere:<\/strong> 31 de Marzo (Mes de 31 d\u00edas) de 1995.<\/p>\n\n\n\n<p><strong>31<\/strong>&#8211;<strong>3<\/strong> (<strong>31<\/strong>)-1995<\/p>\n\n\n<p>El d\u00eda y mes forman 31-3-31, osea 13-3-13 (Esta forma la fecha en que surge Francisco Bergoglio como papa).<\/p>\n\n\n<p>El a\u00f1o, <strong>1995<\/strong>: 1+9+8+5=24; 24= <strong>6<\/strong>+<strong>6<\/strong>+<strong>6<\/strong>+<strong>6<\/strong><\/p>\n\n\n\n<p>Cuando Selena  muri\u00f3<strong> ten\u00eda 23 a\u00f1os<\/strong> de edad. Muri\u00f3 en Corpus Christi (<strong>13 letras<\/strong>), Texas (5 letras); 13 y 5, G\u00e9nesis 3:15; 13+5=18; 18 = 6+6+6 o 666<\/p>\n\n\n\n<p>13 y 5; 1+3+5=9; 9=3\u00d73; 3 y 3 es 33; la pistola con que la marat\u00f3n, Tauro (6 letras; 6=3+3 o 33) modelo 85 (8+5= 13)<\/p>\n\n\n\n<p><strong>MURI\u00d3<\/strong> a las 1:05PM. Es decir, a las 13:05 <em>(G\u00c9N. 3:15)<\/em><\/p>\n\n\n\n<p style=\"padding-left: 15px;\">1:05 es lo mismo que 13:05 (<strong>13<\/strong>+05 = <strong>18<\/strong>) (AP., 13:18)<\/p>\n\n\n\n<p><strong>Selena muere el 31 de Marzo<\/strong>; Marzo tiene 31 un d\u00edas y es el mes 3, y reagrupado forma 13-3-13, exactamente la misma fecha en que Francisco surge como papa. El a\u00f1o 1995 da como resultado 24 (1+9+9+5). Y 24 es 6+6+6+6, como vimos en las Resoluciones de Colombia y el Condado de Ventura en California.<\/p>\n\n\n\n<p><strong>SU FUNERAL\u2026<\/strong><\/p>\n\n\n\n<p style=\"padding-left: 15px;\"><span style=\"font-family: comic sans ms, sans-serif; font-size: 10pt;\">4\/3\/1995 o 4+3+1+9+9+5 = <strong>31<\/strong><\/span><\/p>\n\n\n\n<p><span style=\"color: #3181b0;\"><a href=\"https:\/\/www.cristoverdad.com\/wp-content\/uploads\/2020\/06\/Selena-Cuernos-Satanicos.png\" data-rel=\"lightbox-image-3\" data-rl_title data-rl_caption title><noscript><img decoding=\"async\" class=\"wp-image-18586 size-medium alignright\" src=\"https:\/\/www.cristoverdad.com\/wp-content\/uploads\/2020\/06\/Selena-Cuernos-Satanicos-300x199.png\" alt width=\"300\" height=\"199\"><\/noscript><img decoding=\"async\" class=\"wp-image-18586 size-medium alignright lazyload\" src=\"data:image\/svg+xml,%3Csvg%20xmlns%3D%22http%3A%2F%2Fwww.w3.org%2F2000%2Fsvg%22%20viewBox%3D%220%200%20300%20199%22%3E%3C%2Fsvg%3E\" alt width=\"300\" height=\"199\" data-src=\"https:\/\/www.cristoverdad.com\/wp-content\/uploads\/2020\/06\/Selena-Cuernos-Satanicos-300x199.png\" loading=\"lazy\"><\/a><span style=\"color: #008000;\">EDICI\u00d3N [9:30 PM, 6\/16\/2020] Jos\u00e9 Luis Javier<\/span><\/span><\/p>\n<p>A \u00faltimo minuto de la edici\u00f3n de este estudio, en esta fotograf\u00eda donde Selena viste su traje m\u00e1s famoso de todos, me percat\u00e9 que ella pareciera estar haciendo la se\u00f1al de los cuernos del diablo con su mano izquierda.<\/p>\n<p>Estas cosas suelen ser bien dif\u00edciles de comprender, mas viniendo de personajes que se ganaron la admiraci\u00f3n y respeto de millones y millones de personas por su \u201ctalento\u201d y personalidad. Esta se\u00f1al es muy com\u00fan en el Satanismo y el Mundo del Espectaculo; muchos fan\u00e1ticos la usan y ni siquiera saben lo que significa, pero <strong>\u00bfser\u00e1 coincidencia todo esto? <\/strong>\u00bfSab\u00eda Selena en el mundo que estaba metida?<\/p>\n<p>La posibilidad queda abierta.<\/p>\n<p>Podr\u00edamos continuar indagando en otros eventos mundiales como la muerte de Jos\u00e9 Jos\u00e9, Juan Gabriel, Michael Jackson, Jenny Rivera, Prince, Fidel Castro, y ni que decir de \"<strong>Se\u00f1orita Maestra<\/strong>\", etc. y encontrar\u00edamos el mismo patr\u00f3n. Haga usted la prueba, busque las noticias y preste atenci\u00f3n a los n\u00fameros.<\/p>\n\n\n\n<p><a href=\"https:\/\/www.cristoverdad.com\/wp-content\/uploads\/2020\/05\/Mol\u00e9cula-del-ADN-y-el-666.png\" data-rel=\"lightbox-image-4\" data-rl_title data-rl_caption title><noscript><img decoding=\"async\" class=\"wp-image-18426 size-medium alignright\" src=\"https:\/\/www.cristoverdad.com\/wp-content\/uploads\/2020\/05\/Mol\u00e9cula-del-ADN-y-el-666-300x147.png\" alt width=\"300\" height=\"147\" srcset=\"https:\/\/www.cristoverdad.com\/wp-content\/uploads\/2020\/05\/Mol\u00e9cula-del-ADN-y-el-666-300x147.png 300w, https:\/\/www.cristoverdad.com\/wp-content\/uploads\/2020\/05\/Mol\u00e9cula-del-ADN-y-el-666-1024x500.png 1024w, https:\/\/www.cristoverdad.com\/wp-content\/uploads\/2020\/05\/Mol\u00e9cula-del-ADN-y-el-666-768x375.png 768w, https:\/\/www.cristoverdad.com\/wp-content\/uploads\/2020\/05\/Mol\u00e9cula-del-ADN-y-el-666-1536x750.png 1536w, https:\/\/www.cristoverdad.com\/wp-content\/uploads\/2020\/05\/Mol\u00e9cula-del-ADN-y-el-666-1080x527.png 1080w, https:\/\/www.cristoverdad.com\/wp-content\/uploads\/2020\/05\/Mol\u00e9cula-del-ADN-y-el-666-1280x625.png 1280w, https:\/\/www.cristoverdad.com\/wp-content\/uploads\/2020\/05\/Mol\u00e9cula-del-ADN-y-el-666-980x479.png 980w, https:\/\/www.cristoverdad.com\/wp-content\/uploads\/2020\/05\/Mol\u00e9cula-del-ADN-y-el-666-480x234.png 480w, https:\/\/www.cristoverdad.com\/wp-content\/uploads\/2020\/05\/Mol\u00e9cula-del-ADN-y-el-666.png 1933w\" sizes=\"(max-width: 300px) 100vw, 300px\"><\/noscript><img decoding=\"async\" class=\"wp-image-18426 size-medium alignright lazyload\" src=\"data:image\/svg+xml,%3Csvg%20xmlns%3D%22http%3A%2F%2Fwww.w3.org%2F2000%2Fsvg%22%20viewBox%3D%220%200%20300%20147%22%3E%3C%2Fsvg%3E\" alt width=\"300\" height=\"147\" srcset=\"data:image\/svg+xml,%3Csvg%20xmlns%3D%22http%3A%2F%2Fwww.w3.org%2F2000%2Fsvg%22%20viewBox%3D%220%200%20300%20147%22%3E%3C%2Fsvg%3E 300w\" sizes=\"(max-width: 300px) 100vw, 300px\" data-srcset=\"https:\/\/www.cristoverdad.com\/wp-content\/uploads\/2020\/05\/Mol\u00e9cula-del-ADN-y-el-666-300x147.png 300w, https:\/\/www.cristoverdad.com\/wp-content\/uploads\/2020\/05\/Mol\u00e9cula-del-ADN-y-el-666-1024x500.png 1024w, https:\/\/www.cristoverdad.com\/wp-content\/uploads\/2020\/05\/Mol\u00e9cula-del-ADN-y-el-666-768x375.png 768w, https:\/\/www.cristoverdad.com\/wp-content\/uploads\/2020\/05\/Mol\u00e9cula-del-ADN-y-el-666-1536x750.png 1536w, https:\/\/www.cristoverdad.com\/wp-content\/uploads\/2020\/05\/Mol\u00e9cula-del-ADN-y-el-666-1080x527.png 1080w, https:\/\/www.cristoverdad.com\/wp-content\/uploads\/2020\/05\/Mol\u00e9cula-del-ADN-y-el-666-1280x625.png 1280w, https:\/\/www.cristoverdad.com\/wp-content\/uploads\/2020\/05\/Mol\u00e9cula-del-ADN-y-el-666-980x479.png 980w, https:\/\/www.cristoverdad.com\/wp-content\/uploads\/2020\/05\/Mol\u00e9cula-del-ADN-y-el-666-480x234.png 480w, https:\/\/www.cristoverdad.com\/wp-content\/uploads\/2020\/05\/Mol\u00e9cula-del-ADN-y-el-666.png 1933w\" data-src=\"https:\/\/www.cristoverdad.com\/wp-content\/uploads\/2020\/05\/Mol\u00e9cula-del-ADN-y-el-666-300x147.png\" loading=\"lazy\"><\/a>Recomendamos leer nuestro estudio <strong>El ADN de Ad\u00e1n y La Vacuna,<\/strong><a class=\"partNav\" href=\"https:\/\/www.cristoverdad.com\/el-adn-de-adan-y-la-vacuna\/\" target=\"_blank\" rel=\"noopener noreferrer\"><span style=\"font-size: 8pt;\"><sup>[f]<\/sup><\/span><span class=\"partNavText\">El ADN de Ad\u00e1n y La Vacuna<br>[ESTUDIO, CristoVerdad]<\/span><\/a> as\u00ed como tambi\u00e9n ver los siguientes temas (videos) que expanden m\u00e1s sobre los n\u00fameros. <a class=\"partNav\" href=\"https:\/\/vimeo.com\/273770960\" target=\"_blank\" rel=\"noopener noreferrer\"><span style=\"font-size: 8pt;\"><sup>[g]<\/sup><\/span><span class=\"partNavText\">LDIEZMO, Dinero de  Muerte, \u00bfRobar\u00e1 el Hombre a Dios?<br>[VIDEO 3:22:56, CristoVerdad]<\/span><\/a> <a class=\"partNav\" href=\"https:\/\/vimeo.com\/278076846\" target=\"_blank\" rel=\"noopener noreferrer\"><span style=\"font-size: 8pt;\"><sup>[h]<\/sup><\/span><span class=\"partNavText\">La Guerra de Los N\u00fameros y El Nuevo Orden Mundial<br>[VIDEO 2:13:21, CristoVerdad]<\/span><\/a> <a class=\"partNav\" href=\"https:\/\/vimeo.com\/273646738\" target=\"_blank\" rel=\"noopener noreferrer\"><span style=\"font-size: 8pt;\"><sup>[i]1<\/sup><\/span><span class=\"partNavText\">OLIVER Y SUS SECUACES [2] \u2014 LA BESTIA Que No Conoces<br>[VIDEO 1:01:14, CristoVerdad]<\/span><\/a> <a class=\"partNav\" href=\"https:\/\/vimeo.com\/273646848\" target=\"_blank\" rel=\"noopener noreferrer\"><span style=\"font-size: 8pt;\"><sup>[i]2<\/sup><\/span><span class=\"partNavText\">OLIVER Y SUS SECUACES [3] \u2014 LA \u00c9LITE DE SATAN\u00c1S (1.1) Tierra Santa<br>[VIDEO 2:27:36, CristoVerdad]<\/span><\/a> <a class=\"partNav\" href=\"https:\/\/vimeo.com\/278964246\" target=\"_blank\" rel=\"noopener noreferrer\"><span style=\"font-size: 8pt;\"><sup>[j]1<\/sup><\/span><span class=\"partNavText\">Las Olimpiadas, EL F\u00daTBOL, Los Deportes y El Nuevo Orden Mundial, PARTE 1 \u2014 \u00bfY Qu\u00e9 Dice La Biblia?<br>[VIDEO 2:14:54, CristoVerdad]<\/span><\/a> <a class=\"partNav\" href=\"https:\/\/vimeo.com\/279484471\" target=\"_blank\" rel=\"noopener noreferrer\"><span style=\"font-size: 8pt;\"><sup>[j]2<\/sup><\/span><span class=\"partNavText\">Las Olimpiadas, EL F\u00daTBOL, Los Deportes y El Nuevo Orden Mundial, PARTE 2: \"Al Pueblo, Pan y Circo\"<br>[VIDEO 3:09:58, CristoVerdad]<\/span><\/a><\/p>\n\n\n\n<p><span style=\"color: #3181b0;\">[2:49 PM, 6\/14\/2020] Miguel H. Javier<\/span><\/p>\n\n\n\n<p>Espero esto ayude a entrenar el cerebro y le permita a abrir los ojos. <\/p>\n\n\n\n<p><strong>\u00a1Bendiciones!<\/strong><\/p>\n\n\n\n<p><span style=\"color: #999377;\">[5:47 PM, 6\/14\/2020] Sandra (Ecuador\/NY)<br><\/span>Hno xq dice q su familia la sacrifico?<\/p>\n\n\n\n<p><span style=\"color: #3181b0;\">[5:51 PM, 6\/14\/2020] Zabdiel Carrasco<\/span><\/p>\n<p>Son rituales sat\u00e1nicos que se hacen en el ocultismo para obtener riqueza, fama, poder, o simplemente avanzar en la Pir\u00e1mide del satanismo.<\/p>\n\n\n\n<p><span style=\"color: #3181b0;\">[5:55 PM, 6\/14\/2020] Miguel H. Javier<\/span><\/p>\n<p>Todo el que tiene fama y fortuna sacrifica a un familiar y termina al final siendo sacrificado tambi\u00e9n.<\/p>\n\n\n\n<p><span style=\"color: #3181b0;\"><strong><a href=\"https:\/\/www.cristoverdad.com\/wp-content\/uploads\/2020\/06\/Selena-Quintanilla.png.jpg\" data-rel=\"lightbox-image-5\" data-rl_title data-rl_caption title><noscript><img decoding=\"async\" class=\"wp-image-18570 size-medium alignright\" src=\"https:\/\/www.cristoverdad.com\/wp-content\/uploads\/2020\/06\/Selena-Quintanilla.png-300x153.jpg\" alt width=\"300\" height=\"153\"><\/noscript><img decoding=\"async\" class=\"wp-image-18570 size-medium alignright lazyload\" src=\"data:image\/svg+xml,%3Csvg%20xmlns%3D%22http%3A%2F%2Fwww.w3.org%2F2000%2Fsvg%22%20viewBox%3D%220%200%20300%20153%22%3E%3C%2Fsvg%3E\" alt width=\"300\" height=\"153\" data-src=\"https:\/\/www.cristoverdad.com\/wp-content\/uploads\/2020\/06\/Selena-Quintanilla.png-300x153.jpg\" loading=\"lazy\"><\/a><\/strong>[5:55 PM, 6\/14\/2020] Zabdiel Carrasco<\/span><\/p>\n<p>As\u00ed es. Busquen videos de su funeral y miren su frente, el pelo forma un 6 perfecto.<\/p>\n\n\n\n<p><span style=\"color: #3181b0;\">[5:58 PM, 6\/14\/2020] Miguel H. Javier<\/span><\/p>\n<p>Hasta donde he indagado, no ha habido un actor o cantante muerto cuya muerte no est\u00e9 bajo esos n\u00fameros.<\/p>\n\n\n\n<div class=\"su-audio\" data-id=\"su_audio_player_69f4ca9e47bff\" data-audio=\"https:\/\/www.cristoverdad.com\/wp-content\/uploads\/2020\/06\/Los-Numeros-del-diablo-Miguelin.ogg\" data-swf=\"https:\/\/www.cristoverdad.com\/wp-content\/plugins\/shortcodes-ultimate\/vendor\/jplayer\/jplayer.swf\" data-autoplay=\"no\" data-loop=\"no\" style=\"max-width:50%\"><div id=\"su_audio_player_69f4ca9e47bff\" class=\"jp-jplayer\"><\/div><div id=\"su_audio_player_69f4ca9e47bff_container\" class=\"jp-audio\"><div class=\"jp-type-single\"><div class=\"jp-gui jp-interface\"><div class=\"jp-controls\"><span class=\"jp-play\"><\/span><span class=\"jp-pause\"><\/span><span class=\"jp-stop\"><\/span><span class=\"jp-mute\"><\/span><span class=\"jp-unmute\"><\/span><span class=\"jp-volume-max\"><\/span><\/div><div class=\"jp-progress\"><div class=\"jp-seek-bar\"><div class=\"jp-play-bar\"><\/div><\/div><\/div><div class=\"jp-volume-bar\"><div class=\"jp-volume-bar-value\"><\/div><\/div><div class=\"jp-current-time\"><\/div><div class=\"jp-duration\"><\/div><\/div><div class=\"jp-title\"><\/div><\/div><\/div><\/div>\n\n\n\n<p><span style=\"color: #3181b0;\">[6:36 PM, 6\/14\/2020] Chiquit\u00edn<\/span><\/p>\n<p>Taurus, el nombre de la pistola.<\/p>\n\n\n\n<p><span style=\"color: #3181b0;\">[7:02 PM, 6\/14\/2020] Miguel H. Javier<\/span><\/p>\n<p>Miren \u00e9sto:<\/p>\n\n\n\n<p>Selena, <strong>6<\/strong> letras, Taurus: <strong>6<\/strong> letras La pistola: calibre .<strong>38<\/strong><\/p>\n\n\n\n<p style=\"padding-left: 15px;\"><span style=\"font-family: arial, helvetica, sans-serif;\">6+6+3+8 = <strong>23<\/strong> o <strong>32<\/strong><\/span><\/p>\n\n\n\n<p><em>\u2014MIGUEL H. JAVIER<\/em> <\/p>\n\n\n\n<p><em><strong>\"Salid de ella, pueblo m\u00edo<\/strong>\u2026<strong>\"<\/strong> (APC. 18:4)<\/em><\/p>\n\n\n\n<p>Compartir <\/p><div class=\"heateor_sss_sharing_container heateor_sss_horizontal_sharing\" data-heateor-ss-offset=\"0\" data-heateor-sss-href=\"https:\/\/www.cristoverdad.com\/cs\/los-numeros-lo-oculto-y-el-diablo\/\"><div class=\"heateor_sss_sharing_ul\"><a aria-label=\"Facebook Share\" style=\"padding:5.25px 0 !important\" class=\"heateor_sss_facebook_share\"><div class=\"fb-share-button\" data-href=\"https:\/\/www.cristoverdad.com\/cs\/los-numeros-lo-oculto-y-el-diablo\/\" data-layout=\"button_count\"><\/div><\/a><a aria-label=\"Twitter\" class=\"heateor_sss_button_twitter\" href=\"https:\/\/twitter.com\/intent\/tweet?text=Los%20N%C3%9AMEROS%2C%20lo%20Oculto%20y%20el%20diablo&amp;url=https%3A%2F%2Fwww.cristoverdad.com%2Fcs%2Flos-numeros-lo-oculto-y-el-diablo%2F\" title=\"Twitter\" rel=\"nofollow noopener\" target=\"_blank\" style=\"font-size:32px!important;box-shadow:none;display:inline-block;vertical-align:middle\"><span class=\"heateor_sss_svg heateor_sss_s__default heateor_sss_s_twitter\" style=\"background-color:#55acee;width:25px;height:25px;border-radius:999px;display:inline-block;opacity:1;float:left;font-size:32px;box-shadow:none;display:inline-block;font-size:16px;padding:0 4px;vertical-align:middle;background-repeat:repeat;overflow:hidden;padding:0;cursor:pointer;box-sizing:content-box\"><svg style=\"display:block;border-radius:999px;\" focusable=\"false\" aria-hidden=\"true\" width=\"100%\" height=\"100%\" viewBox=\"-4 -4 39 39\"><path d=\"M28 8.557a9.913 9.913 0 0 1-2.828.775 4.93 4.93 0 0 0 2.166-2.725 9.738 9.738 0 0 1-3.13 1.194 4.92 4.92 0 0 0-3.593-1.55 4.924 4.924 0 0 0-4.794 6.049c-4.09-.21-7.72-2.17-10.15-5.15a4.942 4.942 0 0 0-.665 2.477c0 1.71.87 3.214 2.19 4.1a4.968 4.968 0 0 1-2.23-.616v.06c0 2.39 1.7 4.38 3.952 4.83-.414.115-.85.174-1.297.174-.318 0-.626-.03-.928-.086a4.935 4.935 0 0 0 4.6 3.42 9.893 9.893 0 0 1-6.114 2.107c-.398 0-.79-.023-1.175-.068a13.953 13.953 0 0 0 7.55 2.213c9.056 0 14.01-7.507 14.01-14.013 0-.213-.005-.426-.015-.637.96-.695 1.795-1.56 2.455-2.55z\" fill=\"#fff\" \/><\/svg><\/span><\/a><a aria-label=\"Instagram\" class=\"heateor_sss_button_instagram\" href=\"https:\/\/www.instagram.com\/\" title=\"Instagram\" rel=\"nofollow noopener\" target=\"_blank\" style=\"font-size:32px!important;box-shadow:none;display:inline-block;vertical-align:middle\"><span class=\"heateor_sss_svg\" style=\"background-color:#53beee;width:25px;height:25px;border-radius:999px;display:inline-block;opacity:1;float:left;font-size:32px;box-shadow:none;display:inline-block;font-size:16px;padding:0 4px;vertical-align:middle;background-repeat:repeat;overflow:hidden;padding:0;cursor:pointer;box-sizing:content-box\"><svg style=\"display:block;border-radius:999px;\" version=\"1.1\" viewBox=\"-10 -10 148 148\" width=\"100%\" height=\"100%\" xml:space=\"preserve\" xmlns:xlink=\"http:\/\/www.w3.org\/1999\/xlink\"><g><g><path d=\"M86,112H42c-14.336,0-26-11.663-26-26V42c0-14.337,11.664-26,26-26h44c14.337,0,26,11.663,26,26v44 C112,100.337,100.337,112,86,112z M42,24c-9.925,0-18,8.074-18,18v44c0,9.925,8.075,18,18,18h44c9.926,0,18-8.075,18-18V42 c0-9.926-8.074-18-18-18H42z\" fill=\"#fff\" \/><\/g><g><path d=\"M64,88c-13.234,0-24-10.767-24-24c0-13.234,10.766-24,24-24s24,10.766,24,24C88,77.233,77.234,88,64,88z M64,48c-8.822,0-16,7.178-16,16s7.178,16,16,16c8.822,0,16-7.178,16-16S72.822,48,64,48z\" fill=\"#fff\" \/><\/g><g><circle cx=\"89.5\" cy=\"38.5\" fill=\"#fff\" r=\"5.5\" \/><\/g><\/g><\/svg><\/span><\/a><a aria-label=\"Whatsapp\" class=\"heateor_sss_whatsapp\" href=\"https:\/\/api.whatsapp.com\/send?text=Los%20N%C3%9AMEROS%2C%20lo%20Oculto%20y%20el%20diablo%20https%3A%2F%2Fwww.cristoverdad.com%2Fcs%2Flos-numeros-lo-oculto-y-el-diablo%2F\" title=\"Whatsapp\" rel=\"nofollow noopener\" target=\"_blank\" style=\"font-size:32px!important;box-shadow:none;display:inline-block;vertical-align:middle\"><span class=\"heateor_sss_svg\" style=\"background-color:#55eb4c;width:25px;height:25px;border-radius:999px;display:inline-block;opacity:1;float:left;font-size:32px;box-shadow:none;display:inline-block;font-size:16px;padding:0 4px;vertical-align:middle;background-repeat:repeat;overflow:hidden;padding:0;cursor:pointer;box-sizing:content-box\"><svg style=\"display:block;border-radius:999px;\" focusable=\"false\" aria-hidden=\"true\" width=\"100%\" height=\"100%\" viewBox=\"-6 -5 40 40\"><path class=\"heateor_sss_svg_stroke heateor_sss_no_fill\" stroke=\"#fff\" stroke-width=\"2\" fill=\"none\" d=\"M 11.579798566743314 24.396926207859085 A 10 10 0 1 0 6.808479557110079 20.73576436351046\" \/><path d=\"M 7 19 l -1 6 l 6 -1\" class=\"heateor_sss_no_fill heateor_sss_svg_stroke\" stroke=\"#fff\" stroke-width=\"2\" fill=\"none\" \/><path d=\"M 10 10 q -1 8 8 11 c 5 -1 0 -6 -1 -3 q -4 -3 -5 -5 c 4 -2 -1 -5 -1 -4\" fill=\"#fff\" \/><\/svg><\/span><\/a><a aria-label=\"Pinterest\" class=\"heateor_sss_button_pinterest\" href=\"https:\/\/www.cristoverdad.com\/cs\/los-numeros-lo-oculto-y-el-diablo\/\" onclick=\"event.preventDefault();javascript:void( (function() {var e=document.createElement('script' );e.setAttribute('type','text\/javascript' );e.setAttribute('charset','UTF-8' );e.setAttribute('src','\/\/assets.pinterest.com\/js\/pinmarklet.js?r='+Math.random()*99999999);document.body.appendChild(e)})());\" title=\"Pinterest\" rel=\"noopener\" style=\"font-size:32px!important;box-shadow:none;display:inline-block;vertical-align:middle\"><span class=\"heateor_sss_svg heateor_sss_s__default heateor_sss_s_pinterest\" style=\"background-color:#cc2329;width:25px;height:25px;border-radius:999px;display:inline-block;opacity:1;float:left;font-size:32px;box-shadow:none;display:inline-block;font-size:16px;padding:0 4px;vertical-align:middle;background-repeat:repeat;overflow:hidden;padding:0;cursor:pointer;box-sizing:content-box\"><svg style=\"display:block;border-radius:999px;\" focusable=\"false\" aria-hidden=\"true\" width=\"100%\" height=\"100%\" viewBox=\"-2 -2 35 35\"><path fill=\"#fff\" d=\"M16.539 4.5c-6.277 0-9.442 4.5-9.442 8.253 0 2.272.86 4.293 2.705 5.046.303.125.574.005.662-.33.061-.231.205-.816.27-1.06.088-.331.053-.447-.191-.736-.532-.627-.873-1.439-.873-2.591 0-3.338 2.498-6.327 6.505-6.327 3.548 0 5.497 2.168 5.497 5.062 0 3.81-1.686 7.025-4.188 7.025-1.382 0-2.416-1.142-2.085-2.545.397-1.674 1.166-3.48 1.166-4.689 0-1.081-.581-1.983-1.782-1.983-1.413 0-2.548 1.462-2.548 3.419 0 1.247.421 2.091.421 2.091l-1.699 7.199c-.505 2.137-.076 4.755-.039 5.019.021.158.223.196.314.077.13-.17 1.813-2.247 2.384-4.324.162-.587.929-3.631.929-3.631.46.876 1.801 1.646 3.227 1.646 4.247 0 7.128-3.871 7.128-9.053.003-3.918-3.317-7.568-8.361-7.568z\" \/><\/svg><\/span><\/a><a aria-label=\"Gmail\" class=\"heateor_sss_button_google_gmail\" href=\"https:\/\/mail.google.com\/mail\/?ui=2&amp;view=cm&amp;fs=1&amp;tf=1&amp;su=Los%20N%C3%9AMEROS%2C%20lo%20Oculto%20y%20el%20diablo&amp;body=Link:https%3A%2F%2Fwww.cristoverdad.com%2Fcs%2Flos-numeros-lo-oculto-y-el-diablo%2F\" title=\"Google Gmail\" rel=\"nofollow noopener\" target=\"_blank\" style=\"font-size:32px!important;box-shadow:none;display:inline-block;vertical-align:middle\"><span class=\"heateor_sss_svg heateor_sss_s__default heateor_sss_s_Google_Gmail\" style=\"background-color:#e5e5e5;width:25px;height:25px;border-radius:999px;display:inline-block;opacity:1;float:left;font-size:32px;box-shadow:none;display:inline-block;font-size:16px;padding:0 4px;vertical-align:middle;background-repeat:repeat;overflow:hidden;padding:0;cursor:pointer;box-sizing:content-box\"><svg style=\"display:block;border-radius:999px;\" focusable=\"false\" aria-hidden=\"true\" width=\"100%\" height=\"100%\" viewBox=\"0 0 32 32\"><path fill=\"#fff\" d=\"M2.902 6.223h26.195v19.554H2.902z\" \/><path fill=\"#E14C41\" class=\"heateor_sss_no_fill\" d=\"M2.902 25.777h26.195V6.223H2.902v19.554zm22.44-4.007v3.806H6.955v-3.6h.032l.093-.034 6.9-5.558 2.09 1.77 1.854-1.63 7.42 5.246zm0-.672l-7.027-4.917 7.028-6.09V21.1zm-1.17-14.67l-.947.905c-2.356 2.284-4.693 4.75-7.17 6.876l-.078.06L8.062 6.39l16.11.033zm-10.597 9.61l-6.62 5.294.016-10.914 6.607 5.62\" \/><\/svg><\/span><\/a><a aria-label=\"Email\" class=\"heateor_sss_email\" href=\"https:\/\/www.cristoverdad.com\/cs\/los-numeros-lo-oculto-y-el-diablo\/\" onclick=\"event.preventDefault();window.open('mailto:?subject=' + decodeURIComponent('Los%20N%C3%9AMEROS%2C%20lo%20Oculto%20y%20el%20diablo').replace('&amp;', '%26') + '&amp;body=https%3A%2F%2Fwww.cristoverdad.com%2Fcs%2Flos-numeros-lo-oculto-y-el-diablo%2F', '_blank')\" title=\"Email\" rel=\"noopener\" style=\"font-size:32px!important;box-shadow:none;display:inline-block;vertical-align:middle\"><span class=\"heateor_sss_svg\" style=\"background-color:#649a3f;width:25px;height:25px;border-radius:999px;display:inline-block;opacity:1;float:left;font-size:32px;box-shadow:none;display:inline-block;font-size:16px;padding:0 4px;vertical-align:middle;background-repeat:repeat;overflow:hidden;padding:0;cursor:pointer;box-sizing:content-box\"><svg style=\"display:block;border-radius:999px;\" focusable=\"false\" aria-hidden=\"true\" width=\"100%\" height=\"100%\" viewBox=\"-.75 -.5 36 36\"><path d=\"M 5.5 11 h 23 v 1 l -11 6 l -11 -6 v -1 m 0 2 l 11 6 l 11 -6 v 11 h -22 v -11\" stroke-width=\"1\" fill=\"#fff\" \/><\/svg><\/span><\/a><a aria-label=\"SMS\" class=\"heateor_sss_button_sms\" href=\"sms:?&amp;body=Los%20N%C3%9AMEROS%2C%20lo%20Oculto%20y%20el%20diablo%20https%3A%2F%2Fwww.cristoverdad.com%2Fcs%2Flos-numeros-lo-oculto-y-el-diablo%2F\" title=\"SMS\" rel=\"nofollow noopener\" style=\"font-size:32px!important;box-shadow:none;display:inline-block;vertical-align:middle\"><span class=\"heateor_sss_svg heateor_sss_s__default heateor_sss_s_sms\" style=\"background-color:#6ebe45;width:25px;height:25px;border-radius:999px;display:inline-block;opacity:1;float:left;font-size:32px;box-shadow:none;display:inline-block;font-size:16px;padding:0 4px;vertical-align:middle;background-repeat:repeat;overflow:hidden;padding:0;cursor:pointer;box-sizing:content-box\"><svg style=\"display:block;border-radius:999px;\" focusable=\"false\" aria-hidden=\"true\" width=\"100%\" height=\"100%\" viewBox=\"0 0 32 32\"><path fill=\"#fff\" d=\"M16 3.543c-7.177 0-13 4.612-13 10.294 0 3.35 2.027 6.33 5.16 8.21 1.71 1.565 1.542 4.08-.827 6.41 2.874 0 7.445-1.698 8.462-4.34H16c7.176 0 13-4.605 13-10.285s-5.824-10.29-13-10.29zM9.045 17.376c-.73 0-1.45-.19-1.81-.388l.294-1.194c.384.2.98.398 1.6.398.66 0 1.01-.275 1.01-.692 0-.398-.302-.625-1.07-.9-1.06-.37-1.753-.957-1.753-1.886 0-1.09.91-1.924 2.415-1.924.72 0 1.25.152 1.63.322l-.322 1.166a3.037 3.037 0 0 0-1.336-.303c-.625 0-.93.284-.93.616 0 .41.36.59 1.186.9 1.127.42 1.658 1.01 1.658 1.91.003 1.07-.822 1.98-2.575 1.98zm9.053-.095l-.095-2.44a72.993 72.993 0 0 1-.057-2.626h-.028a35.41 35.41 0 0 1-.71 2.475l-.778 2.49h-1.128l-.682-2.473a29.602 29.602 0 0 1-.578-2.493h-.02c-.037.863-.065 1.85-.112 2.645l-.114 2.425H12.46l.407-6.386h1.924l.63 2.13c.2.74.397 1.536.54 2.285h.027a52.9 52.9 0 0 1 .607-2.293l.683-2.12h1.886l.35 6.386H18.1zm4.09.1c-.73 0-1.45-.19-1.81-.39l.293-1.194c.39.2.99.398 1.605.398.663 0 1.014-.275 1.014-.692 0-.396-.305-.623-1.07-.9-1.064-.37-1.755-.955-1.755-1.884 0-1.09.91-1.924 2.416-1.924.72 0 1.25.153 1.63.323l-.322 1.166a3.038 3.038 0 0 0-1.337-.303c-.625 0-.93.284-.93.616 0 .408.36.588 1.186.9 1.127.42 1.658 1.006 1.658 1.906.002 1.07-.823 1.98-2.576 1.98z\" \/><\/svg><\/span><\/a><a aria-label=\"Copy Link\" class=\"heateor_sss_button_copy_link\" title=\"Copy Link\" rel=\"noopener\" href=\"https:\/\/www.cristoverdad.com\/cs\/los-numeros-lo-oculto-y-el-diablo\/\" onclick=\"event.preventDefault()\" style=\"font-size:32px!important;box-shadow:none;display:inline-block;vertical-align:middle\"><span class=\"heateor_sss_svg heateor_sss_s__default heateor_sss_s_copy_link\" style=\"background-color:#ffc112;width:25px;height:25px;border-radius:999px;display:inline-block;opacity:1;float:left;font-size:32px;box-shadow:none;display:inline-block;font-size:16px;padding:0 4px;vertical-align:middle;background-repeat:repeat;overflow:hidden;padding:0;cursor:pointer;box-sizing:content-box\"><svg style=\"display:block;border-radius:999px;\" focusable=\"false\" aria-hidden=\"true\" width=\"100%\" height=\"100%\" viewBox=\"-4 -4 40 40\"><path fill=\"#fff\" d=\"M24.412 21.177c0-.36-.126-.665-.377-.917l-2.804-2.804a1.235 1.235 0 0 0-.913-.378c-.377 0-.7.144-.97.43.026.028.11.11.255.25.144.14.24.236.29.29s.117.14.2.256c.087.117.146.232.177.344.03.112.046.236.046.37 0 .36-.126.666-.377.918a1.25 1.25 0 0 1-.918.377 1.4 1.4 0 0 1-.373-.047 1.062 1.062 0 0 1-.345-.175 2.268 2.268 0 0 1-.256-.2 6.815 6.815 0 0 1-.29-.29c-.14-.142-.223-.23-.25-.254-.297.28-.445.607-.445.984 0 .36.126.664.377.916l2.778 2.79c.243.243.548.364.917.364.36 0 .665-.118.917-.35l1.982-1.97c.252-.25.378-.55.378-.9zm-9.477-9.504c0-.36-.126-.665-.377-.917l-2.777-2.79a1.235 1.235 0 0 0-.913-.378c-.35 0-.656.12-.917.364L7.967 9.92c-.254.252-.38.553-.38.903 0 .36.126.665.38.917l2.802 2.804c.242.243.547.364.916.364.377 0 .7-.14.97-.418-.026-.027-.11-.11-.255-.25s-.24-.235-.29-.29a2.675 2.675 0 0 1-.2-.255 1.052 1.052 0 0 1-.176-.344 1.396 1.396 0 0 1-.047-.37c0-.36.126-.662.377-.914.252-.252.557-.377.917-.377.136 0 .26.015.37.046.114.03.23.09.346.175.117.085.202.153.256.2.054.05.15.148.29.29.14.146.222.23.25.258.294-.278.442-.606.442-.983zM27 21.177c0 1.078-.382 1.99-1.146 2.736l-1.982 1.968c-.745.75-1.658 1.12-2.736 1.12-1.087 0-2.004-.38-2.75-1.143l-2.777-2.79c-.75-.747-1.12-1.66-1.12-2.737 0-1.106.392-2.046 1.183-2.818l-1.186-1.185c-.774.79-1.708 1.186-2.805 1.186-1.078 0-1.995-.376-2.75-1.13l-2.803-2.81C5.377 12.82 5 11.903 5 10.826c0-1.08.382-1.993 1.146-2.738L8.128 6.12C8.873 5.372 9.785 5 10.864 5c1.087 0 2.004.382 2.75 1.146l2.777 2.79c.75.747 1.12 1.66 1.12 2.737 0 1.105-.392 2.045-1.183 2.817l1.186 1.186c.774-.79 1.708-1.186 2.805-1.186 1.078 0 1.995.377 2.75 1.132l2.804 2.804c.754.755 1.13 1.672 1.13 2.75z\" \/><\/svg><\/span><\/a><a class=\"heateor_sss_more\" aria-label=\"More\" title=\"More\" rel=\"nofollow noopener\" style=\"font-size: 32px!important;border:0;box-shadow:none;display:inline-block!important;font-size:16px;padding:0 4px;vertical-align: middle;display:inline;\" href=\"https:\/\/www.cristoverdad.com\/cs\/los-numeros-lo-oculto-y-el-diablo\/\" onclick=\"event.preventDefault()\"><span class=\"heateor_sss_svg\" style=\"background-color:#ee8e2d;width:25px;height:25px;border-radius:999px;display:inline-block!important;opacity:1;float:left;font-size:32px!important;box-shadow:none;display:inline-block;font-size:16px;padding:0 4px;vertical-align:middle;display:inline;background-repeat:repeat;overflow:hidden;padding:0;cursor:pointer;box-sizing:content-box;\" onclick=\"heateorSssMoreSharingPopup(this, 'https:\/\/www.cristoverdad.com\/cs\/los-numeros-lo-oculto-y-el-diablo\/', 'Los%20N%C3%9AMEROS%2C%20lo%20Oculto%20y%20el%20diablo', '' )\"><svg viewBox=\"-.3 0 32 32\" version=\"1.1\" width=\"100%\" height=\"100%\" style=\"display:block;border-radius:999px;\" xml:space=\"preserve\" xmlns:xlink=\"http:\/\/www.w3.org\/1999\/xlink\"><g><path fill=\"#fff\" d=\"M18 14V8h-4v6H8v4h6v6h4v-6h6v-4h-6z\" fill-rule=\"evenodd\" \/><\/g><\/svg><\/span><\/a><\/div><div class=\"heateorSssClear\"><\/div><\/div>\n\n\n\n<p>\u2014\u2014\u2014\u2014\u2014\u2014\u2014\u2014\u2014\u2014\u2014- <br>\u00danete a CristoVerdad. Suscr\u00edbete a nuestro nuevo canal de <a class=\"VimeoWhatsApp\" rel=\"noopener noreferrer\" href=\"http:\/\/www.vimeo.com\/cristoverdad\" target=\"_blank\">Vimeo <em><span class=\"VimeoWhatsAppText\">Suscr\u00edbete a Nuestro Canal de Vimeo<\/span><\/em><\/a>. Comparte esta invitaci\u00f3n, y se parte de nuestro grupo de <a class=\"VimeoWhatsApp\" rel=\"noopener noreferrer\" href=\"https:\/\/www.cristoverdad.com\/whatsapp\/\" target=\"_blank\">WhatsApp <em><span class=\"VimeoWhatsAppText\">Suscr\u00edbete a Nuestro Grupo de WhatsApp<\/span><\/em><\/a>. Al suscribirte, no olvides dejarnos tu nombre. Prohibidas las obscenidades. Comparte y se parte de la bendici\u00f3n. <br>\u2014\u2014\u2014\u2014\u2014\u2014\u2014\u2014\u2014\u2014\u2014-<\/p>\n\n\n\n<p><em>Y conocer\u00e9is la verdad\u2026 <\/em><br><em><strong>\u2014CristoVerdad <\/strong><\/em>| <a class=\"VimeoWhatsApp\" rel=\"noopener\" href=\"https:\/\/www.cristoverdad.com\">http:\/www.cristoverdad.com <em><span class=\"VimeoWhatsAppText\">Ir a la p\u00e1gina frontal<\/span><\/em><\/a><\/p>\n\n\n<p class=\"postNOTA\">NOTA: N\u00fameros entre corchetes azules<span style=\"color: #30a4e3;\"> [ ]<\/span> enlazan a Material Suplementario. <br>Las fotos, si las hay, tambi\u00e9n expanden el contenido: videos, noticias, enlaces, etc.<\/p>\n\n\n<p>FUENTES Y ENLACES<\/p>\n\n\n\n<p class=\"postLINKS\"><a class=\"cites\" href=\"https:\/\/vimeo.com\/279484471\" target=\"_blank\" rel=\"noopener noreferrer\">[a] ECUMENISMO DE SANGRE \u2014 8 Es el Nuevo 7: Adoraci\u00f3n al dios Sol en La Iglesia Adventista y el Cristianismo. [VIDEO 2:32:55, CristoVerdad]<\/a><\/p>\n\n\n\n<p class=\"postLINKS\"><a class=\"cites\" href=\"https:\/\/es.wikipedia.org\/wiki\/Arturo_Sosa_Abascal\" target=\"_blank\" rel=\"noopener noreferrer\">[b] Arturo Sosa Abascal, Gran General Jesuita [BiOGRAF\u00cdA, Wikipedia]\n<\/a><\/p>\n\n\n\n<p class=\"postLINKS\"><a class=\"cites\" href=\"https:\/\/vimeo.com\/429433899\" target=\"_blank\" rel=\"noopener noreferrer\">[c] Decodificando el Asesinato de Goege Floy y Sembrando la Conciencia de la Paz [VIDEO 32:13, L. Robeson]<\/a><\/p>\n\n\n\n<p class=\"postLINKS\"><a class=\"cites\" href=\"https:\/\/www.congress.gov\/bill\/116th-congress\/house-bill\/6666\/text\" target=\"_blank\" rel=\"noopener noreferrer\">[d] H.R.6666 &#8211; COVID-19 Testing, Reaching, And Contacting Everyone (TRACE) Act [ENLACE, US Congress]<\/a><\/p>\n\n\n\n<p class=\"postLINKS\"><a class=\"cites\" href=\"https:\/\/ast.wikipedia.org\/wiki\/Familia_Rothschild\" target=\"_blank\" rel=\"noopener noreferrer\">[e] Familia Rothschild [BIOGRAF\u00cdA, Wikipedia]<\/a><\/p>\n\n\n\n<p class=\"postLINKS\"><a class=\"cites\" href=\"https:\/\/www.cristoverdad.com\/el-adn-de-adan-y-la-vacuna\/\" target=\"_blank\" rel=\"noopener noreferrer\">[f] El ADN de Ad\u00e1n y La Vacuna [ESTUDIO, CristoVerdad]<\/a><\/p>\n\n\n\n<p class=\"postLINKS\"><a class=\"cites\" href=\"https:\/\/vimeo.com\/273770960\" target=\"_blank\" rel=\"noopener noreferrer\">[g] Diezmo, Dinero Muerte \u2014 \u00bfRobar\u00e1 El Hombre A Dios? [VIDEO 3:22:56, CristoVerdad]<\/a><\/p>\n\n\n\n<p class=\"postLINKS\"><a class=\"cites\" href=\"https:\/\/vimeo.com\/278076846\" target=\"_blank\" rel=\"noopener noreferrer\">[h] La Guerra de Los N\u00fameros y El Nuevo Orden Mundial\n[VIDEO 2:13:21, CristoVerdad]<\/a><\/p>\n\n\n\n<p class=\"postLINKS\"><a class=\"cites\" href=\"https:\/\/vimeo.com\/273646738\" target=\"_blank\" rel=\"noopener noreferrer\">[i]1 OLIVER Y SUS SECUACES [2] \u2014 LA BESTIA Que No Conoces [VIDEO 1:01:14, CristoVerdad]<\/a><\/p>\n\n\n\n<p class=\"postLINKS\"><a class=\"cites\" href=\"https:\/\/vimeo.com\/273646848\" target=\"_blank\" rel=\"noopener noreferrer\">[i]2OLIVER Y SUS SECUACES [3] \u2014 LA \u00c9LITE DE SATAN\u00c1S (1.1) Tierra Santa [VIDEO 2:27:36, CristoVerdad]<\/a><\/p>\n\n\n\n<p class=\"postLINKS\"><a class=\"cites\" href=\"https:\/\/vimeo.com\/278964246\" target=\"_blank\" rel=\"noopener noreferrer\">[j]1 Las Olimpiadas, EL F\u00daTBOL, Los Deportes y El Nuevo Orden Mundial, PARTE 1 \u2014 \u00bfY Qu\u00e9 Dice La Biblia? [VIDEO 2:14:54, CristoVerdad]<\/a><\/p>\n\n\n\n<p class=\"postLINKS\"><a class=\"cites\" href=\"https:\/\/vimeo.com\/279484471\" target=\"_blank\" rel=\"noopener noreferrer\">[j]2 Las Olimpiadas, EL F\u00daTBOL, Los Deportes y El Nuevo Orden Mundial, PARTE 2: \"Al Pueblo, Pan y Circo\" [VIDEO 3:09:58, CristoVerdad]<\/a><\/p>\n\n\n\n<p class=\"postLINKS\"><a class=\"cites\" href=\"https:\/\/vimeo.com\/274978112\" target=\"_blank\" rel=\"noopener noreferrer\">[k] Enga\u00f1o Letal, HALLOWEEN &amp; Las Profec\u00edas\n[VIDEO 2:32:55, CristoVerdad]<\/a><\/p>\n\n\n\n<p class=\"postLINKS\"><a class=\"LEGAL\" href=\"https:\/\/www.cristoverdad.com\/legal-fair-use-uso-justo\/\" target=\"_blank\" rel=\"noopener noreferrer\">[L] Secci\u00f3n Legal, \u201cCopyright disclaimer\u201d sobre derechos de autor y uso justo [ENLACE, CristoVerdad]<\/a><\/p>\n\n\n\n<p>MATERIAL EXTRA<\/p>\n\n\n\n<p class=\"postLINKS\"><a class=\"cites\" href=\"https:\/\/www.cristoverdad.com\/jesus-pablo-y-la-ley\/\" target=\"_blank\" rel=\"noopener noreferrer\">[1] Jes\u00fas \u201cvs.\u201d Pablo y La Ley: Lo Que Pas\u00f3 en la Cruz<\/a><\/p>\n\n\n\n<p class=\"postLINKS\"><a class=\"cites\" href=\"https:\/\/www.cristoverdad.com\/los-judios-la-ley-y-tu\/\" target=\"_blank\" rel=\"noopener noreferrer\">[2] La Ley\uff0cLos Jud\u00edos &amp; T\u00fa [ESTUDIO, CristoVerdad]<\/a><\/p>\n\n\n\n<p class=\"postLINKS\"><a class=\"cites\" href=\"https:\/\/www.cristoverdad.com\/juan-los-discipulos-y-el-dia-del-senor\/\" target=\"_blank\" rel=\"noopener noreferrer\">[3] Juan, Los Disc\u00edpulos y El D\u00eda del Se\u00f1or [ ESTUDIO, CristoVerdad]<\/a><\/p>\n\n\n\n<p class=\"postLINKS\"><a class=\"cites\" href=\"https:\/\/www.cristoverdad.com\/la-ley-vs-la-ley-enfrentando-el-error-parte-1\/\" target=\"_blank\" rel=\"noopener noreferrer\">[4] LA LEY vs. LA LEY, Enfrentando el Error \u2013 Parte 1 [ESTUDIO, CristoVerdad]<\/a><\/p>\n\n\n\n<p class=\"postLINKS\"><a class=\"cites\" href=\"https:\/\/vimeo.com\/273770960\" target=\"_blank\" rel=\"noopener noreferrer\">[5] Diezmo, Dinero de Muerte. \u00bfRobar\u00e1 el Hombre a Dios? [VIDEO 3:22:56 CristoVerdad]<\/a><\/p>\n\n\n\n<p class=\"postLINKS\"><a class=\"cites\" href=\"https:\/\/vimeo.com\/383457471\" target=\"_blank\" rel=\"noopener noreferrer\">[6] Ante el Umbral de La Ley Dominical, Bergoglio Llama a un \u201cHumanismo Global\u201d [VIDEO 2:20:17, CristoVerdad]<\/a><\/p>\n\n\n\n<p class=\"postLINKS\"><a class=\"cites\" href=\"https:\/\/vimeo.com\/392625646\" target=\"_blank\" rel=\"noopener noreferrer\">[7] S\u00c1BADO o DOMINGO\u00bfCu\u00e1l es el D\u00eda de Reposo? PARTE 1: Roma Se Confiesa [VIDEO 1:15:08, David C. Pack]<\/a><\/p>\n\n\n\n<p class=\"postLINKS\"><a class=\"cites\" href=\"https:\/\/vimeo.com\/274019813\" target=\"_blank\" rel=\"noopener noreferrer\">[8] El S\u00e1bado y La L\u00f3gica: El D\u00eda del Se\u00f1or y el \u00c1rbol de La Ciencia [VIDEO 2:31:11, CristoVerdad]<\/a><\/p>\n\n\n\n<p class=\"postLINKS\"><a class=\"cites\" href=\"https:\/\/vimeo.com\/349553225\" target=\"_blank\" rel=\"noopener noreferrer\">[9] La Bendici\u00f3n Est\u00e1 en el 7 [VIDEO 1:40:17, CristoVerdad]<\/a><\/p>\n\n\n\n<p class=\"postLINKS\"><a class=\"cites\" href=\"https:\/\/www.cristoverdad.com\/jesus-nuestro-reposo\/\" target=\"_blank\" rel=\"noopener noreferrer\">[10] Jes\u00fas, \u201cNuestro Reposo\u201d \u2014 Hebreos 4 y El Gran Error de Los Evang\u00e9licos [ESTUDIO, CristoVerdad]<\/a><\/p>\n\n\n\n<p class=\"postLINKS\"><a class=\"cites\" href=\"https:\/\/www.cristoverdad.com\/7-preguntas-para-dios-sobre-el-sabado\/\" target=\"_blank\" rel=\"noopener noreferrer\">[11] 7 Preguntas Para Dios Sobre El S\u00e1bado [ESTUDIO, CristoVerdad]<\/a><\/p>\n\n\n\n<p class=\"postLINKS\"><a class=\"cites\" rel=\"noopener noreferrer\" href=\"https:\/\/vimeo.com\/273789516\" target=\"_blank\">[14] Frente a Frente a La Bestia y La Herida Mortal Que Fue Sanada [VIDEO 1:32:41, CristoVerdad]<\/a><\/p>\n\n\n\n<p class=\"postLINKS\"><a class=\"cites\" rel=\"noopener noreferrer\" href=\"https:\/\/vimeo.com\/278964246\" target=\"_blank\">[15]a Las Olimpiadas, EL F\u00daTBOL, Los Deportes y El Nuevo Orden Mundial, PARTE 1 \u2014 \u00bfY Qu\u00e9 Dice La Biblia? [VIDEO 2l14:54]<\/a><\/p>\n\n\n\n<p class=\"postLINKS\"><a class=\"cites\" rel=\"noopener noreferrer\" href=\"https:\/\/vimeo.com\/279484471\" target=\"_blank\">[15]b Las Olimpiadas, EL F\u00daTBOL, Los Deportes y El Nuevo Orden Mundial, PARTE 2: \"Al Pueblo, Pan y Circo\" [VIDEO 3:09:58, CristoVerdad]<\/a><\/p>\n\n\n\n<p>Si alguno de estos enlaces no funciona o est\u00e1 err\u00f3neo, por favor d\u00e9jenos saber para corregirlo. Si desea escribirnos, h\u00e1galo usando el formulario m\u00e1s abajo; su comentario ser\u00e1 publicado. Si desea escribirnos en privado, h\u00e1galo atrav\u00e9s de la secci\u00f3n de informaci\u00f3n, y seleccione contacto. \u00a1Muchas gracias!<\/p>\n\n\n\n<p>\u00a1Que Dios le bendiga!<\/p>\n","protected":false},"excerpt":{"rendered":"<p>18 Aqu\u00ed hay sabidur\u00eda. El que tiene entendimiento, CUENTE EL N\u00daMERO de la bestia, pues es n\u00famero de hombre. Y su n\u00famero es seiscientos sesenta y seis. \u2014APOCALIPSIS 13:18<\/p>","protected":false},"author":259,"featured_media":18581,"comment_status":"open","ping_status":"open","sticky":false,"template":"","format":"standard","meta":{"_et_pb_use_builder":"off","_et_pb_old_content":"","_et_gb_content_width":"","footnotes":""},"categories":[26],"tags":[2811,75,2809,143,2814,873,2813,2808,2807,2805,2810,495,2812],"class_list":["post-18565","post","type-post","status-publish","format-standard","has-post-thumbnail","hentry","category-estudios-biblicos","tag-13-familas","tag-75","tag-apocalipsis-1318","tag-biblia","tag-eduardo-palomo","tag-el-numero-de-la-bestia","tag-mariana-levy","tag-numero-13","tag-numerologia","tag-numeros","tag-numeros-del-diablo","tag-ocultismo","tag-selena"],"_links":{"self":[{"href":"https:\/\/www.cristoverdad.com\/cs\/wp-json\/wp\/v2\/posts\/18565","targetHints":{"allow":["GET"]}}],"collection":[{"href":"https:\/\/www.cristoverdad.com\/cs\/wp-json\/wp\/v2\/posts"}],"about":[{"href":"https:\/\/www.cristoverdad.com\/cs\/wp-json\/wp\/v2\/types\/post"}],"author":[{"embeddable":true,"href":"https:\/\/www.cristoverdad.com\/cs\/wp-json\/wp\/v2\/users\/259"}],"replies":[{"embeddable":true,"href":"https:\/\/www.cristoverdad.com\/cs\/wp-json\/wp\/v2\/comments?post=18565"}],"version-history":[{"count":0,"href":"https:\/\/www.cristoverdad.com\/cs\/wp-json\/wp\/v2\/posts\/18565\/revisions"}],"wp:featuredmedia":[{"embeddable":true,"href":"https:\/\/www.cristoverdad.com\/cs\/wp-json\/wp\/v2\/media\/18581"}],"wp:attachment":[{"href":"https:\/\/www.cristoverdad.com\/cs\/wp-json\/wp\/v2\/media?parent=18565"}],"wp:term":[{"taxonomy":"category","embeddable":true,"href":"https:\/\/www.cristoverdad.com\/cs\/wp-json\/wp\/v2\/categories?post=18565"},{"taxonomy":"post_tag","embeddable":true,"href":"https:\/\/www.cristoverdad.com\/cs\/wp-json\/wp\/v2\/tags?post=18565"}],"curies":[{"name":"wp","href":"https:\/\/api.w.org\/{rel}","templated":true}]}}