{"id":1925,"date":"2017-06-16T18:24:42","date_gmt":"2017-06-16T18:24:42","guid":{"rendered":"https:\/\/www.cristoverdad.com\/?p=1925"},"modified":"2018-09-28T07:49:00","modified_gmt":"2018-09-28T07:49:00","slug":"continua-la-rebelion-de-la-iglesia-adventista-y-la-ordenacion-de-la-mujer","status":"publish","type":"post","link":"https:\/\/www.cristoverdad.com\/bn\/continua-la-rebelion-de-la-iglesia-adventista-y-la-ordenacion-de-la-mujer\/","title":{"rendered":"\u09a8\u09be\u09b0\u09c0 \u0985\u09a7\u09cd\u09af\u09be\u09a6\u09c7\u09b6\u09c7\u09b0 \u09ac\u09bf\u09a6\u09cd\u09b0\u09cb\u09b9 \u0985\u09ac\u09cd\u09af\u09be\u09b9\u09a4 \u09b0\u09af\u09bc\u09c7\u099b\u09c7"},"content":{"rendered":"<p><strong>\u0996\u09ac\u09b0<\/strong>: \u09a6\u09c1\u0987 \u0985\u09cd\u09af\u09be\u09a1\u09ad\u09c7\u09a8\u09cd\u099f\u09bf\u09b8\u09cd\u099f \u09af\u09be\u099c\u0995 \u0995\u09bf\u0989\u09ac\u09be\u09af\u09bc \u098f\u0995\u099f\u09bf \u09aa\u09be\u09b0\u09cd\u09a5\u0995\u09cd\u09af \u0995\u09b0\u09c1\u09a8<\/p>\n<p><a href=\"https:\/\/news.adventist.org\/es\/todas-las-noticias\/noticias\/go\/2015-09-27\/dos-pastoras-adventistas-marcan-una-diferencia-en-cuba\/\" target=\"_blank\" rel=\"noopener\">https:\/\/news.adventist.org\/es\/todas-las-noticias\/noticias\/go\/2015-09-27\/dos-pastoras-adventistas-marcan-una-diferencia-en-cuba\/<\/a><\/p>\n<p><strong>\u09ac\u09bf\u09a6\u09cd\u09b0\u09cb\u09b9 \u099a\u09b2\u09a4\u09c7 \u09a5\u09be\u0995\u09c7...<\/strong><\/p>\n<p>\u09af\u09a6\u09bf \u0988\u09b6\u09cd\u09ac\u09b0 \u09ac\u09b2\u09c7\u09a8 \u09a8\u09be, \u098f\u099f\u09be \u09a8\u09c7\u0987. \u09af\u09a6\u09bf \u0988\u09b6\u09cd\u09ac\u09b0 \u09ac\u09b2\u09c7 \u09a5\u09be\u0995\u09c7\u09a8 \u0986\u09aa\u09a8\u09bf \u09ae\u09be\u09b0\u09ac\u09c7\u09a8 \u09a8\u09be, \u09a4\u09be\u09b0 \u09ae\u09be\u09a8\u09c7 \u0986\u09aa\u09a8\u09bf \u09ae\u09be\u09b0\u09ac\u09c7\u09a8 \u09a8\u09be\u0964<\/p>\n<p>\u09af\u09a6\u09bf \u0988\u09b6\u09cd\u09ac\u09b0 \u0986\u09a6\u09ae \u098f\u09ac\u0982 \u0987\u09ad \u09ac\u09b2\u09c7\u099b\u09c7\u09a8, \u09a4\u09ac\u09c7 \u098f\u099f\u09bf \u0986\u09a6\u09ae \u098f\u09ac\u0982 \u09b8\u09cd\u099f\u09bf\u09ab\u09c7\u09a8 \u099b\u09bf\u09b2\u09c7\u09a8 \u09a8\u09be\u0964 \u00a1<strong>\u0995\u09bf\u09a8\u09cd\u09a4\u09c1 \u0985\u09cd\u09af\u09be\u09a1\u09ad\u09c7\u09a8\u09cd\u099f\u09bf\u09b8\u09cd\u099f \u099a\u09be\u09b0\u09cd\u099a \u09ac\u09b2\u099b\u09c7 \u0985\u09cd\u09af\u09be\u09a1\u09be\u09ae \u0986\u09b0 \u09b8\u09cd\u099f\u09bf\u09ab\u09c7\u09a8!<\/strong><\/p>\n<div class=\"postHover\"><a href=\"#\"><!--more continuar \u00bb\u00bb --> <\/a><\/div>\n<p>Y como La Iglesia Adventista dijo Ad\u00e1n y Esteban, as\u00ed que ahora entendemos que fue Ad\u00e1n y Esteban, y ni siquiera imaginar que fue Ad\u00e1n y Eva. As\u00ed que Dios\u2014obviamente, se equivoc\u00f3:<\/p>\n<p>JONATHAN HENDERSON (Pacif Union College) El Verdadero Pecado de Sodoma: <a href=\"https:\/\/youtu.be\/8fW3FHFWj7g\" target=\"_blank\" rel=\"noopener\">https:\/\/youtu.be\/8fW3FHFWj7g<\/a><\/p>\n<p>Video completo\u00a0 (En Ingl\u00e9s):<\/p>\n<p>ADAM AND STEVE (Ad\u00e1n y Esteban) <a href=\"https:\/\/youtu.be\/asqUWRhcjlc\" target=\"_blank\" rel=\"noopener\">https:\/\/youtu.be\/asqUWRhcjlc<\/a><\/p>\n<p>\"Recibamos a los homosexuales\" <a href=\"https:\/\/youtu.be\/fAT6P4GB-do\" target=\"_blank\" rel=\"noopener\">https:\/\/youtu.be\/fAT6P4GB-do<\/a><\/p>\n<p>Video Completo\u00a0 (En Ingl\u00e9s)<\/p>\n<p>Coming Out, Coming In (Saliendo del Closet y Entrando\u00a0a La\u00a0Iglesia Adventista) <a href=\"https:\/\/youtu.be\/5gNWUxZZgWU\" target=\"_blank\" rel=\"noopener\">https:\/\/youtu.be\/5gNWUxZZgWU<\/a><\/p>\n<p>\u2014\u2014\u2014\u2014\u2014\u2014\u2014\u2014\u2014\u2014\u2014-<br \/>\nCristoVerdad \u09af\u09cb\u0997\u09a6\u09be\u09a8. \u0986\u09ae\u09be\u09a6\u09c7\u09b0 \u09a8\u09a4\u09c1\u09a8 \u099a\u09cd\u09af\u09be\u09a8\u09c7\u09b2\u099f\u09bf \u09b8\u09be\u09ac\u09b8\u09cd\u0995\u09cd\u09b0\u09be\u0987\u09ac \u0995\u09b0\u09c1\u09a8 <a href=\"http:\/\/www.vimeo.com\/cristoverdad\" target=\"_blank\" rel=\"noopener\">\u09ad\u09bf\u09ae\u09bf\u0993<\/a>. \u098f\u0987 \u0986\u09ae\u09a8\u09cd\u09a4\u09cd\u09b0\u09a3\u099f\u09bf \u09b6\u09c7\u09af\u09bc\u09be\u09b0 \u0995\u09b0\u09c1\u09a8 \u098f\u09ac\u0982 \u0986\u09ae\u09be\u09a6\u09c7\u09b0 \u0997\u09cd\u09b0\u09c1\u09aa\u09c7\u09b0 \u0985\u0982\u09b6 \u09b9\u09cb\u09a8 <a href=\"https:\/\/www.cristoverdad.com\/bn\/whatsapp\/\" target=\"_blank\" rel=\"noopener\">\u09b9\u09cb\u09af\u09bc\u09be\u099f\u09b8\u0985\u09cd\u09af\u09be\u09aa<\/a>. \u0986\u09aa\u09a8\u09bf \u09b8\u09be\u09ac\u09b8\u09cd\u0995\u09cd\u09b0\u09be\u0987\u09ac \u0995\u09b0\u09be\u09b0 \u09b8\u09ae\u09af\u09bc, \u0986\u09ae\u09be\u09a6\u09c7\u09b0 \u0986\u09aa\u09a8\u09be\u09b0 \u09a8\u09be\u09ae \u099b\u09c7\u09a1\u09bc\u09c7 \u09ad\u09c1\u09b2\u09ac\u09c7\u09a8 \u09a8\u09be. \u0985\u09b6\u09cd\u09b2\u09c0\u09b2\u09a4\u09be \u09a8\u09bf\u09b7\u09bf\u09a6\u09cd\u09a7\u0964 \u09b6\u09c7\u09af\u09bc\u09be\u09b0 \u0995\u09b0\u09c1\u09a8 \u098f\u09ac\u0982 \u09a6\u09cb\u09af\u09bc\u09be\u09b0 \u0985\u0982\u09b6 \u09b9\u09cb\u09a8\u0964<br \/>\n\u2014\u2014\u2014\u2014\u2014\u2014\u2014\u2014\u2014\u2014\u2014-<\/p>\n<p><em>\u098f\u09ac\u0982 \u0986\u09aa\u09a8\u09bf \u09b8\u09a4\u09cd\u09af \u099c\u09be\u09a8\u09a4\u09c7 \u09aa\u09be\u09b0\u09ac\u09c7\u09a8 ...<\/em><br \/>\n<em><strong>-\u0996\u09cd\u09b0\u09bf\u09b8\u09cd\u099f \u09b8\u09a4\u09cd\u09af<\/strong> <\/em><a href=\"https:\/\/www.cristoverdad.com\/bn\/\" target=\"_blank\" rel=\"noopener\"><em>https:\/\/www.cristoverdad.com<\/em><\/a><\/p>","protected":false},"excerpt":{"rendered":"<p>Noticia: Dos Pastoras Adventistas Marcan Una Diferencia en Cuba https:\/\/news.adventist.org\/es\/todas-las-noticias\/noticias\/go\/2015-09-27\/dos-pastoras-adventistas-marcan-una-diferencia-en-cuba\/ CONTIN\u00daA LA REBELI\u00d3N&#8230; Si Dios dijo no, ES NO. Si Dios dijo no matar\u00e1s es no matar\u00e1s. Si Dios dijo Ad\u00e1n y Eva, es porque no fue Ad\u00e1n\u00a0 y Esteban. \u00a1Pero la Iglesia Adventista dice Ad\u00e1n y Esteban!<\/p>","protected":false},"author":259,"featured_media":2068,"comment_status":"open","ping_status":"open","sticky":false,"template":"","format":"standard","meta":{"_et_pb_use_builder":"","_et_pb_old_content":"","_et_gb_content_width":"","footnotes":""},"categories":[1],"tags":[],"class_list":["post-1925","post","type-post","status-publish","format-standard","has-post-thumbnail","hentry","category-articulos"],"_links":{"self":[{"href":"https:\/\/www.cristoverdad.com\/bn\/wp-json\/wp\/v2\/posts\/1925","targetHints":{"allow":["GET"]}}],"collection":[{"href":"https:\/\/www.cristoverdad.com\/bn\/wp-json\/wp\/v2\/posts"}],"about":[{"href":"https:\/\/www.cristoverdad.com\/bn\/wp-json\/wp\/v2\/types\/post"}],"author":[{"embeddable":true,"href":"https:\/\/www.cristoverdad.com\/bn\/wp-json\/wp\/v2\/users\/259"}],"replies":[{"embeddable":true,"href":"https:\/\/www.cristoverdad.com\/bn\/wp-json\/wp\/v2\/comments?post=1925"}],"version-history":[{"count":0,"href":"https:\/\/www.cristoverdad.com\/bn\/wp-json\/wp\/v2\/posts\/1925\/revisions"}],"wp:featuredmedia":[{"embeddable":true,"href":"https:\/\/www.cristoverdad.com\/bn\/wp-json\/wp\/v2\/media\/2068"}],"wp:attachment":[{"href":"https:\/\/www.cristoverdad.com\/bn\/wp-json\/wp\/v2\/media?parent=1925"}],"wp:term":[{"taxonomy":"category","embeddable":true,"href":"https:\/\/www.cristoverdad.com\/bn\/wp-json\/wp\/v2\/categories?post=1925"},{"taxonomy":"post_tag","embeddable":true,"href":"https:\/\/www.cristoverdad.com\/bn\/wp-json\/wp\/v2\/tags?post=1925"}],"curies":[{"name":"wp","href":"https:\/\/api.w.org\/{rel}","templated":true}]}}