{"id":4186,"date":"2018-09-28T20:55:22","date_gmt":"2018-09-28T20:55:22","guid":{"rendered":"https:\/\/www.cristoverdad.com\/?p=4186"},"modified":"2020-04-14T19:53:07","modified_gmt":"2020-04-14T23:53:07","slug":"juan-los-discipulos-y-el-dia-del-senor","status":"publish","type":"post","link":"https:\/\/www.cristoverdad.com\/bg\/juan-los-discipulos-y-el-dia-del-senor\/","title":{"rendered":"Juan, lo disc\u00edpulos y el d\u00eda del Se\u00f1or"},"content":{"rendered":"<p>\u00bfCu\u00e1l es el d\u00eda del se\u00f1or, seg\u00fan el se\u00f1or?<\/p>\n<p><a href=\"#\"><!--more continuar \u00bb\u00bb --><\/a><span class=\"su-label su-label-type-info\">JES\u00daS<\/span><span class=\"su-label su-label-type-info\">S\u00c1BADO<\/span><span class=\"su-label su-label-type-info\">DOMINGO<\/span><span class=\"su-label su-label-type-info\">VERDAD<\/span><span class=\"su-label su-label-type-info\">MENTIRA<\/span><span class=\"su-label su-label-type-info\">LEY<\/span>\n\n\n<!--BLANK SPACE--><\/p><p>\n\n\n\n<\/p><div>\n<div>El \"doctor de la ley\", el abanderado pastor bautista Armando Alducin, nos da las razones\u2014humanas, \"porqu\u00e9 los cristianos no guardamos el s\u00e1bado.\" <a class=\"partNav\" href=\"https:\/\/www.youtube.com\/watch?v=GqlazospoH4&amp;feature=emb_logo\" target=\"_blank\" rel=\"noopener noreferrer\"><span style=\"font-size: 8pt;\"><sup>[1]<\/sup><\/span><span class=\"partNavText\">\u00bfPor qu\u00e9 los Cristianos No Guardamos el D\u00eda de Reposo? \u2014 Armando Alducin<br>[VIDEO 00:49:25]<\/span><\/a> Ahora, aqu\u00ed les presentamos las razones\u2014b\u00edblicas, del porqu\u00e9 este doctor del error est\u00e1 equivocado.<\/div>\n<\/div>\n\n\n<p><span style=\"color: #333333;\">E<\/span><span style=\"color: #333333;\">n cierta ocasi\u00f3n, Jes\u00fas dijo <em>\"si me amais Guardad mis mandamientos\"<\/em> <em>(JUAN14:15).<\/em> \u00bfY sabes que m\u00e1s dijo?<\/span><\/p>\n<p style=\"padding-left: 15px;\"><span style=\"color: #536682; font-family: Courier New, Courier;\"><span class=\"text Acts-17-1\" style=\"font-size: 8pt;\"><span class=\"chapternum\"><span id=\"es-RVR1960-27527\" class=\"text Acts-17-2\"><sup class=\"versenum\">8<\/sup><\/span><\/span><\/span> porque el Hijo del Hombre <strong>es Se\u00f1or del d\u00eda de reposo<\/strong>. <em>\u2014MATEO 12:8<\/em><\/span><\/p>\n<p><span style=\"color: #333333;\">\u00bfY qu\u00e9 m\u00e1s dice l<em>a<\/em> B\u00edblia de ese tal Jesucristo?<\/span><\/p>\n<p style=\"padding-left: 15px;\"><span style=\"font-family: Courier New, Courier; color: #536682;\"><span style=\"font-size: 8pt;\"><sup><span id=\"es-RVR1960-27527\">21<\/span><\/sup><\/span> Pues para esto fuisteis llamados; porque tambi\u00e9n Cristo padeci\u00f3 por nosotros, <span style=\"background-color: #ffff00;\">DEJ\u00c1NDONOS EJEMPLO,<\/span> para que sig\u00e1is sus pisadas; <em>\u20141 PEDRO 2:21<\/em><\/span><em><br><\/em><\/p>\n<p><span style=\"color: #333333;\"><strong>\u00bfY cu\u00e1l ejemplo usted va a seguir&#8230;el de Alducin o el de Jesucristo?<\/strong><\/span><\/p>\n<p style=\"padding-left: 15px;\"><span style=\"font-family: Courier New, Courier;\"><span style=\"color: #536682;\"><span class=\"text Acts-17-1\" style=\"font-size: 8pt;\"><span class=\"chapternum\"><span id=\"es-RVR1960-27527\" class=\"text Acts-17-2\"><sup class=\"versenum\">16<\/sup><\/span><\/span><\/span> Vino a Nazaret, donde se hab\u00eda criado; y<strong> en el d\u00eda de reposo<\/strong> entr\u00f3 en la sinagoga, <strong>CONFORME A SU COSTUMBRE<\/strong><\/span><span style=\"color: #536682;\">, y se levant\u00f3 a leer. <\/span><em><span style=\"color: #536682;\">\u2014LUCAS 4:16<\/span><\/em><\/span><\/p>\n<p><span style=\"color: #333333;\">Ning\u00fan disc\u00edpulo de Jes\u00fas conoci\u00f3\u2014ni guard\u00f3, otro d\u00eda del se\u00f1or que no fuera el S\u00e9ptimo d\u00eda:<\/span><\/p>\n<p style=\"padding-left: 15px;\"><span style=\"font-family: Courier New, Courier;\"><span style=\"color: #536682;\"><span class=\"text Acts-17-1\" style=\"font-size: 8pt;\"><span class=\"chapternum\"><span id=\"es-RVR1960-27527\" class=\"text Acts-17-2\"><sup class=\"versenum\">16<\/sup><\/span><\/span><\/span> Andando junto al mar de Galilea, vio a <strong>Sim\u00f3n <\/strong>y a <strong>Andr\u00e9s<\/strong> su hermano, que echaban la red en el mar; porque eran pescadores.<\/span><br><span style=\"color: #536682;\"><span class=\"text Acts-17-1\" style=\"font-size: 8pt;\"><span class=\"chapternum\"><span id=\"es-RVR1960-27527\" class=\"text Acts-17-2\"><sup class=\"versenum\">17<\/sup><\/span><\/span><\/span> Y les dijo Jes\u00fas: Venid en pos de m\u00ed, y har\u00e9 que se\u00e1is pescadore<span style=\"color: #536682;\">s de h<\/span>ombres.<br><span class=\"text Acts-17-1\" style=\"font-size: 8pt;\"><span class=\"chapternum\"><span id=\"es-RVR1960-27527\" class=\"text Acts-17-2\"><sup class=\"versenum\">18<\/sup><\/span><\/span><\/span> Y dejando luego sus redes, le siguieron.<br><span class=\"text Acts-17-1\" style=\"font-size: 8pt;\"><span class=\"chapternum\"><span id=\"es-RVR1960-27527\" class=\"text Acts-17-2\"><sup class=\"versenum\">19<\/sup><\/span><\/span><\/span> Pasando de all\u00ed un poco m\u00e1s adelante, vio a <strong>Jacobo<\/strong> hijo de Zebedeo, y a <strong>JUAN<\/strong> su hermano, tambi\u00e9n ellos en la barca, que remendaban las redes.<br><span class=\"text Acts-17-1\" style=\"font-size: 8pt;\"><span class=\"chapternum\"><span id=\"es-RVR1960-27527\" class=\"text Acts-17-2\"><sup class=\"versenum\">20<\/sup><\/span><\/span><\/span> Y luego <strong>los llam\u00f3<\/strong>; y dejando a su padre Zebedeo en la barca con los jornaleros, le siguieron.<br><span class=\"text Acts-17-1\" style=\"font-size: 8pt;\"><span class=\"chapternum\"><span id=\"es-RVR1960-27527\" class=\"text Acts-17-2\"><sup class=\"versenum\">21<\/sup><\/span><\/span><\/span> Y <span style=\"background-color: #ffff00;\">entraron<\/span> en Capernaum; <strong>y LOS D\u00cdAS DE REPOSO,<\/strong> entrando en la sinagoga, <strong>ense\u00f1aba<\/strong>.<em> \u2014MARCOS 1:16\u202d-\u202c21<\/em><\/span><\/span><\/p>\n<p><span style=\"color: #333333;\">Pablo\u2014llamado as\u00ed mismo <strong><em>\"siervo de Jesucristo\"<\/em> <\/strong><em>(ROM. 1:1), <\/em><\/span><span style=\"color: #333333;\">aunque no camin\u00f3 f\u00edsicamente con Jes\u00fas, <\/span><strong><span style=\"color: #333333;\">tambi\u00e9n sigui\u00f3 sus pisadas:<\/span><br><\/strong><\/p>\n<p class=\"chapter-2\" style=\"padding-left: 15px;\"><span style=\"font-family: Courier New, Courier;\"><span style=\"color: #536682;\"><span class=\"text Acts-17-1\"><span class=\"chapternum\" style=\"font-size: 8pt;\"><span id=\"es-RVR1960-27527\" class=\"text Acts-17-2\"><sup class=\"versenum\">1<\/sup><\/span><\/span> Pasando por Anf\u00edpolis y Apolonia, llegaron a Tesal\u00f3nica, donde hab\u00eda una sinagoga de los jud\u00edos.<br><\/span><span id=\"es-RVR1960-27527\" class=\"text Acts-17-2\"><sup class=\"versenum\"><span style=\"font-size: 8pt;\">2<\/span> <\/sup>Y Pablo, <strong>como acostumbraba<\/strong>, fue a ellos, y por tres <strong>d\u00edas de reposo<\/strong> discuti\u00f3 con ellos,<br><\/span><\/span><\/span><span id=\"es-RVR1960-27528\" class=\"text Acts-17-3\"><span style=\"color: #536682; font-family: Courier New, Courier;\"><sup class=\"versenum\"><span style=\"font-size: 8pt;\">3 <\/span><\/sup>declarando y exponiendo por medio de las Escrituras, que era necesario que el Cristo padeciese, y resucitase de los muertos; y que Jes\u00fas, a quien yo os anuncio, dec\u00eda \u00e9l, es el Cristo.<em> \u2014HECHOS 17:1-3<\/em><\/span><br><\/span><\/p>\n<p><span style=\"color: #333333;\">As\u00ed que vemos que\u2014como fieles corderos, <strong>Juan y los dem\u00e1s disc\u00edpulos segu\u00edan a Jes\u00fas dondequiera<\/strong> <strong>que iba <\/strong><em>(JUAN 10:27),<\/em> y\u2014en lo particular\u2014Juan, entraba con Jes\u00fas a las sinagogas en los d\u00edas de reposo.<\/span><\/p>\n<p><span style=\"color: #333333;\">\u00bfY por qu\u00e9 ponemos m\u00e1s \u00e9nfasis en Juan sobre los dem\u00e1s disc\u00edpulos? Simple, porque ese es el mismo Juan a quien vemos en el libro de Apocalipsis, al que el mismo Jes\u00fas le revel\u00f3 el futuro<em> (APOC. 1:1-2)<\/em> y toda la historia de la humanidad\u2014y a\u00fan del cielo <em>(APOC. 12:7-12),<\/em> expresarse de esta manera:<\/span><\/p>\n<p style=\"padding-left: 15px;\"><span style=\"font-family: Courier New, Courier;\"><span style=\"color: #536682;\"><span class=\"text Acts-17-1\" style=\"font-size: 8pt;\"><span class=\"chapternum\"><span id=\"es-RVR1960-27527\" class=\"text Acts-17-2\"><sup class=\"versenum\">10<\/sup><\/span><\/span><\/span> Yo estaba en el Esp\u00edritu <span style=\"background-color: #ffff00;\"><strong>en el d\u00eda del Se\u00f1or,<\/strong><\/span> y o\u00ed detr\u00e1s de m\u00ed una gran voz como de trompeta, que dec\u00eda:<br><\/span><span style=\"color: #536682;\"><span class=\"text Acts-17-1\" style=\"font-size: 8pt;\"><span class=\"chapternum\"><span id=\"es-RVR1960-27527\" class=\"text Acts-17-2\"><sup class=\"versenum\">11<\/sup><\/span><\/span><\/span> Yo soy el Alfa y la Omega, <strong>el primero y el \u00faltimo<\/strong>. Escribe en un libro lo que ves, y env\u00edalo a las siete iglesias que est\u00e1n en Asia: a \u00c9feso, Esmirna, P\u00e9rgamo, Tiatira, Sardis, Filadelfia y Laodicea.<em> \u2014APOCALIPSIS 1:10\u202d-\u202c11<\/em><\/span><\/span><\/p>\n<p><span style=\"color: #333333;\">Muchos indoctos, como Armando Alducin\u2014y otros enga\u00f1ados como usted que quiz\u00e1s est\u00e9 leyendo este material, probablemente creen que Juan se refiere al <strong>domingo como d\u00eda del se\u00f1or<\/strong>. Pero como ya vimos, Juan no conoci\u00f3 otro d\u00eda de reposo que no fuera el S\u00e9ptimo d\u00eda.<\/span><\/p>\n<p><span style=\"color: #333333;\"> La palabra domingo ni siquiera aparece en la Biblia, y ahora vemos a Juan\u2014en el d\u00eda del se\u00f1or, recibiendo la \u00faltima revelaci\u00f3n para la humanidad, frente a quien as\u00ed mismo\u2014en carne propia, se hizo llamar \"<strong>el se\u00f1or del d\u00eda de reposo<\/strong>\". Entonces, \u00bfde que d\u00eda del se\u00f1or estaba hablando Juan en el \u00faltimo libro inspirado de La Biblia, y\u2014<strong>si Jes\u00fas es el se\u00f1or del d\u00eda de reposo, cu\u00e1l es\u2014entonces, el d\u00eda del se\u00f1or<\/strong>? A buen entendedor, pocas palabras.<br><\/span><\/p>\n<p><span style=\"color: #333333;\">El \u00faltimo libro de la Biblia\u2014<em>El Apocalipsis,<\/em> habla del s\u00e9ptimo d\u00eda, tal como lo habla el primer libro\u2014<em>El G\u00e9nesis<\/em> <em>(Gen. 2:1-3).<\/em> El primero y el \u00faltimo&#8230; \u00bfAcaso no sabemos que Jes\u00fas dijo que \u00e9l es el primero y el \u00faltimo? <em>(APC. 1:8)<\/em><br><\/span><\/p>\n<p><span style=\"color: #333333;\">Jes\u00fas, contin\u00faa instruyendo a sus disc\u00edpulos:<\/span><\/p>\n<p style=\"padding-left: 15px;\"><span class=\"text John-14-15\" style=\"color: #536682;\"><sup class=\"versenum\"><span style=\"font-size: 8pt;\">1<span style=\"font-family: Courier New, Courier;\">5 <\/span><\/span><\/sup><span style=\"font-family: Courier New, Courier;\"><strong>Si me am\u00e1is, guardad mis mandamientos<\/strong>.<\/span><br><\/span><span style=\"font-family: Courier New, Courier;\"><span id=\"es-RVR1960-26686\" class=\"text John-14-16\" style=\"color: #536682;\"><sup class=\"versenum\"><span style=\"font-size: 8pt;\">16 <\/span><\/sup>Y yo rogar\u00e9 al Padre, <strong>y os dar\u00e1 otro Consolador<\/strong>, para que est\u00e9 con vosotros para siempre:<br><\/span><span id=\"es-RVR1960-26687\" class=\"text John-14-17\" style=\"color: #536682;\"><sup class=\"versenum\"><span style=\"font-size: 8pt;\">17 <\/span><\/sup>el Esp\u00edritu de verdad, al cual el mundo no puede recibir, porque no le ve, ni le conoce; pero vosotros le conoc\u00e9is, porque mora con vosotros, y estar\u00e1 en vosotros.<br><\/span><span id=\"es-RVR1960-26688\" class=\"text John-14-18\" style=\"color: #536682;\"><sup class=\"versenum\"><span style=\"font-size: 8pt;\">18 <\/span><\/sup>No os dejar\u00e9 hu\u00e9rfanos; vendr\u00e9 a vosotros.<br><\/span><span id=\"es-RVR1960-26689\" class=\"text John-14-19\"><span style=\"color: #536682;\"><sup class=\"versenum\"><span style=\"font-size: 8pt;\">19 <\/span><\/sup>Todav\u00eda un poco, y el mundo no me ver\u00e1 m\u00e1s; pero vosotros me ver\u00e9is; porque yo vivo, vosotros tambi\u00e9n vivir\u00e9is.<br><\/span><\/span><span id=\"es-RVR1960-26690\" class=\"text John-14-20\" style=\"color: #536682;\"><sup class=\"versenum\"><span style=\"font-size: 8pt;\">20 <\/span><\/sup>En aquel d\u00eda vosotros conocer\u00e9is que yo estoy en mi Padre, <strong>y vosotros en m\u00ed<\/strong>, y yo en vosotros.<br><\/span><span id=\"es-RVR1960-26691\" class=\"text John-14-21\" style=\"color: #536682;\"><sup class=\"versenum\"><span style=\"font-size: 8pt;\">21 <\/span><\/sup>El que tiene mis mandamientos, <strong>y los guarda, \u00e9se es el que me ama<\/strong>; y el que me ama, <strong>ser\u00e1 amado por mi Padre, y yo le amar\u00e9<\/strong>, y me manifestar\u00e9 a \u00e9l.<br><\/span><span id=\"es-RVR1960-26692\" class=\"text John-14-22\" style=\"color: #536682;\"><sup class=\"versenum\"><span style=\"font-size: 8pt;\">22 <\/span><\/sup>Le dijo Judas (no el Iscariote): Se\u00f1or, \u00bfc\u00f3mo es que te manifestar\u00e1s a nosotros, y no al mundo?<br><\/span><span id=\"es-RVR1960-26693\" class=\"text John-14-23\" style=\"color: #536682;\"><sup class=\"versenum\"><span style=\"font-size: 8pt;\">23 <\/span><\/sup>Respondi\u00f3 Jes\u00fas y le dijo: <strong>El que me ama, mi palabra guardar\u00e1<\/strong>; y mi Padre le amar\u00e1, y vendremos a \u00e9l, y haremos morada con \u00e9l.<br><\/span><\/span><span style=\"font-family: Courier New, Courier;\"><span style=\"color: #536682;\"><span id=\"es-RVR1960-26694\" class=\"text John-14-24\"><sup class=\"versenum\"><span style=\"font-size: 8pt;\">24<\/span> <\/sup>El que no me ama, no guarda mis palabras; y la palabra que hab\u00e9is o\u00eddo no es m\u00eda, sino del Padre que me envi\u00f3. <\/span><\/span><\/span><em><span style=\"font-family: Courier New, Courier;\"><span style=\"color: #536682;\">\u2014JUAN 14:20-24<\/span><\/span><\/em><\/p>\n<p><span style=\"color: #333333;\">Este texto es muy interesante porque dice que para recibir el Esp\u00edritu Santo hay que guadar \"sus mandamientos\"\u2026 y la observancia del s\u00e9ptimo d\u00eda \"s\u00e1bado\" es el cuarto mandamiento de la ley de Dios<em> (\u00c9XD. 20:8-11)<\/em>. Tambi\u00e9n dice que el que guarde sus mandamientos es quien en realidad le ama y\u2014por ende, ser\u00e1 amado por \u00e9l y su padre. <strong>\u00bfGuardas t\u00fa sus mandamientos?<\/strong><\/span><\/p>\n<p><span style=\"color: #333333;\">Hoy d\u00eda muchas iglesias claman recibir la unci\u00f3n del Esp\u00edritu Santo, mientras a su vez rechazan la ley de Dios.<strong> \u00bfQu\u00e9 esp\u00edritu es el que las est\u00e1 dirigiendo entonces? <\/strong>\u00bfEs Dios un Dios de confusi\u00f3n? <em>(1 COR. 14:33).<\/em><\/span><\/p>\n<p><span style=\"color: #333333;\">Y ese mismo Jes\u00fas nos dice en su palabra inspirada que el d\u00eda de reposo\u2014representando toda la ley <em>(SANT. 2:10), <\/em>ser\u00e1 obsevado por la eternidad\u2014y por toda carne:<\/span><\/p>\n<p style=\"padding-left: 15px;\"><span style=\"font-family: Courier New, Courier;\"><span style=\"color: #536682;\"><span class=\"text Acts-17-1\" style=\"font-size: 8pt;\"><span class=\"chapternum\"><span id=\"es-RVR1960-27527\" class=\"text Acts-17-2\"><sup class=\"versenum\">22<\/sup><\/span><\/span><\/span> Porque como los cielos nuevos y la nueva tierra que yo hago permanecer\u00e1n delante de m\u00ed, dice Jehov\u00e1, <strong>as\u00ed permanecer\u00e1<\/strong> vuestra descendencia y vuestro nombre.<br><\/span><span style=\"color: #536682;\"><span class=\"text Acts-17-1\" style=\"font-size: 8pt;\"><span class=\"chapternum\"><span id=\"es-RVR1960-27527\" class=\"text Acts-17-2\"><sup class=\"versenum\">23<\/sup><\/span><\/span><\/span> Y de mes en mes, <strong>y de d\u00eda de reposo en d\u00eda de reposo<\/strong>, vendr\u00e1 <strong>TODA CARNE<\/strong> a adorar delante de m\u00ed, dijo Jehov\u00e1.<em> \u2014ISA\u00cdAS 66:22\u202d-\u202c23<\/em><\/span><\/span><\/p>\n<p><span style=\"color: #333333;\">El conflicto final es sobre adoraci\u00f3n <em>(APOC. 12:17),<\/em> y el s\u00e9ptimo d\u00eda es el d\u00eda reservado exclusivamente para la adoraci\u00f3n:<\/span><\/p>\n<p style=\"padding-left: 15px;\"><span style=\"font-family: Courier New, Courier;\"><span style=\"color: #536682;\"><span id=\"es-RVR1960-2060\" class=\"text Exod-20-8\"><sup class=\"versenum\"><span class=\"text Acts-17-1\" style=\"font-size: 8pt;\"><span class=\"chapternum\"><span id=\"es-RVR1960-27527\" class=\"text Acts-17-2\">8<\/span><\/span><\/span><\/sup><strong> Acu\u00e9rdate<\/strong> del d\u00eda de reposo para santificarlo.<br><\/span><span id=\"es-RVR1960-2061\" class=\"text Exod-20-9\"><sup class=\"versenum\"><span style=\"font-size: 8pt;\">9 <\/span><\/sup>Seis d\u00edas trabajar\u00e1s, y har\u00e1s toda tu obra;<br><\/span><span id=\"es-RVR1960-2062\" class=\"text Exod-20-10\"><sup class=\"versenum\"><span style=\"font-size: 8pt;\">10 <\/span><\/sup>mas <span style=\"background-color: #ffff00;\">el s\u00e9ptimo d\u00eda<\/span> <strong>es reposo para Jehov\u00e1 tu Dios<\/strong>; no hagas en \u00e9l obra alguna, t\u00fa, ni tu hijo, ni tu hija, ni tu siervo, ni tu criada, ni tu bestia, ni tu extranjero que est\u00e1 dentro de tus puertas.<br><\/span><span class=\"text Acts-17-1\" style=\"font-size: 8pt;\"><span class=\"chapternum\"><span id=\"es-RVR1960-27527\" class=\"text Acts-17-2\"><sup class=\"versenum\">11<\/sup><\/span><\/span><\/span> Porque en seis d\u00edas hizo Jehov\u00e1 los cielos y la tierra, el mar, y todas las cosas que en ellos hay, <span style=\"background-color: #ffff00;\">y repos\u00f3 en el s\u00e9ptimo d\u00eda;<\/span> por tanto,<\/span><span style=\"color: #536682;\"><strong> Jehov\u00e1 bendijo el d\u00eda de reposo <span style=\"background-color: #ffff00;\">y lo santific\u00f3.<\/span><\/strong><\/span><em><span style=\"color: #536682;\"> \u2014\u00c9XODO 20:8-11<\/span><\/em><\/span><\/p>\n<p><span style=\"color: #333333;\">S\u00ed, el mensaje final de Dios a toda la humanidad es que lo adoren\u2014tal como en el principio <em>(G\u00c9N 2:1-6)<\/em>, porque \u00e9l es el creador de todas las cosas, y el s\u00e1bado (7<span style=\"font-size: 8pt;\"><sup>mo<\/sup> <\/span>d\u00eda) fue institu\u00eddo para adoraci\u00f3n:<\/span><\/p>\n<p style=\"padding-left: 15px;\"><span style=\"font-family: Courier New, Courier;\"><span style=\"color: #536682;\"><span class=\"text Acts-17-1\" style=\"font-size: 8pt;\"><span class=\"chapternum\"><span id=\"es-RVR1960-27527\" class=\"text Acts-17-2\"><sup class=\"versenum\">6<\/sup><\/span><\/span><\/span> Vi volar por en medio del cielo a otro \u00e1ngel, que ten\u00eda <strong>el evangelio eterno<\/strong> para predicarlo a los moradores de la tierra, a toda naci\u00f3n, tribu, lengua y pueblo,<br><\/span><span style=\"color: #536682;\"><span class=\"text Acts-17-1\" style=\"font-size: 8pt;\"><span class=\"chapternum\"><span id=\"es-RVR1960-27527\" class=\"text Acts-17-2\"><sup class=\"versenum\">7<\/sup><\/span><\/span><\/span> diciendo a gran voz: Temed a Dios, <strong>y dadle gloria<\/strong>, porque la hora de su juicio ha llegado; y <strong>adorad<\/strong><\/span><span style=\"color: #536682;\"> a aquel que hizo el cielo y la tierra, el mar y las fuentes de las aguas.<\/span><em><span style=\"color: #536682;\"> \u2014APOCALIPSIS 14:7 <\/span><\/em><span style=\"color: #999999;\">[Comparar con \u00c9XODO 20:11]<\/span><\/span><em><span style=\"color: #536682;\"><br><\/span><\/em><\/p>\n<p><span style=\"color: #333333;\">No olvidando que,<\/span><\/p>\n<p style=\"padding-left: 15px;\"><span style=\"color: #536682; font-family: Courier New, Courier;\"><span style=\"font-size: 8pt;\"><sup>27<\/sup><\/span> Tambi\u00e9n les dijo: <strong>El d\u00eda de reposo fue hecho <\/strong><b>por <\/b><b>causa <\/b><b>del <\/b><b>hombre<\/b>, y no el hombre por causa del d\u00eda de reposo.<em> \u2014MARCOS 2:27<\/em><\/span><\/p>\n<p><span style=\"color: #333333;\">Una vez m\u00e1s, en el mensaje final vemos la misma ense\u00f1anza\u2014adoraci\u00f3n, que fue mostrada desde el principio <em>(G\u00c9N. 2:1-3),<\/em> y que en su misericordia fue tambi\u00e9n impregnada en la ley\u200b de Dios <em>(EXOD. 20:8-11). <\/em>El cuarto mandamiento es el que reconoce a Dios como creador del universo y la vida <em>(\u00c9XD. 20:11)<\/em>. Y Jes\u00fas mismo entrega este mensaje a Juan\u2014a quien la Biblia presenta como el disc\u00edpulo amado <em>(JUAN 21:20), <\/em>dando a entender que ning\u00fano de los dem\u00e1s disc\u00edpulos conoci\u00f3 mejor Jes\u00fas, y que\u2014inequ\u00edvocamente, a ning\u00fan otro disc\u00edpulo Jes\u00fas le revel\u00f3 m\u00e1s que a Juan, y Juan siempre observ\u00f3 el s\u00e1bado, hasta el \u00faltimo momento que hay menci\u00f3n de \u00e9l en la Biblia.<\/span><em><br><\/em><\/p>\n<p><span style=\"color: #333333;\">Armando Alduc\u00edn le dice a usted y a m\u00ed que Dios transfiri\u00f3 el d\u00eda de reposo de s\u00e1bado a domingo porque, seg\u00fan \u00e9l, \"<\/span><span style=\"color: #ff0000;\">el domingo es la nueva creaci\u00f3n inaugurada por Cristo en su resurreci\u00f3n<\/span><span style=\"color: #333333;\">\". \u00bfEs eso b\u00edblico?\u2014o mejor dicho, \u00bfde d\u00f3nde Armando Alducin saca esa ense\u00f1anza? Veamos,<\/span><\/p>\n<div class=\"su-box su-box-style-default\" id style=\"border-color:#003ea5;border-radius:3px;max-width:none\"><div class=\"su-box-title\" style=\"background-color:#0071d8;color:#ffffff;border-top-left-radius:1px;border-top-right-radius:1px\">II. ''El d\u00eda del Se\u00f1or'', Catecismo de la Iglesia Cat\u00f3lica<\/div><div class=\"su-box-content su-u-clearfix su-u-trim\" style=\"border-bottom-left-radius:1px;border-bottom-right-radius:1px\">\n<p><a href=\"https:\/\/www.cristoverdad.com\/wp-content\/uploads\/2018\/09\/diez-1.jpg\" data-rel=\"lightbox-image-0\" data-rl_title data-rl_caption title><noscript><img decoding=\"async\" class=\" wp-image-4193 alignleft\" src=\"https:\/\/www.cristoverdad.com\/wp-content\/uploads\/2018\/09\/diez-1-200x300.jpg\" alt width=\"203\" height=\"305\" srcset=\"https:\/\/www.cristoverdad.com\/wp-content\/uploads\/2018\/09\/diez-1-200x300.jpg 200w, https:\/\/www.cristoverdad.com\/wp-content\/uploads\/2018\/09\/diez-1-768x1152.jpg 768w, https:\/\/www.cristoverdad.com\/wp-content\/uploads\/2018\/09\/diez-1-683x1024.jpg 683w, https:\/\/www.cristoverdad.com\/wp-content\/uploads\/2018\/09\/diez-1-1080x1620.jpg 1080w, https:\/\/www.cristoverdad.com\/wp-content\/uploads\/2018\/09\/diez-1.jpg 1800w\" sizes=\"(max-width: 203px) 100vw, 203px\"><\/noscript><img decoding=\"async\" class=\" wp-image-4193 alignleft lazyload\" src=\"data:image\/svg+xml,%3Csvg%20xmlns%3D%22http%3A%2F%2Fwww.w3.org%2F2000%2Fsvg%22%20viewBox%3D%220%200%20203%20305%22%3E%3C%2Fsvg%3E\" alt width=\"203\" height=\"305\" srcset=\"data:image\/svg+xml,%3Csvg%20xmlns%3D%22http%3A%2F%2Fwww.w3.org%2F2000%2Fsvg%22%20viewBox%3D%220%200%20203%20305%22%3E%3C%2Fsvg%3E 203w\" sizes=\"(max-width: 203px) 100vw, 203px\" data-srcset=\"https:\/\/www.cristoverdad.com\/wp-content\/uploads\/2018\/09\/diez-1-200x300.jpg 200w, https:\/\/www.cristoverdad.com\/wp-content\/uploads\/2018\/09\/diez-1-768x1152.jpg 768w, https:\/\/www.cristoverdad.com\/wp-content\/uploads\/2018\/09\/diez-1-683x1024.jpg 683w, https:\/\/www.cristoverdad.com\/wp-content\/uploads\/2018\/09\/diez-1-1080x1620.jpg 1080w, https:\/\/www.cristoverdad.com\/wp-content\/uploads\/2018\/09\/diez-1.jpg 1800w\" data-src=\"https:\/\/www.cristoverdad.com\/wp-content\/uploads\/2018\/09\/diez-1-200x300.jpg\" loading=\"lazy\"><\/a>\"<strong>El d\u00eda de la Resurrecci\u00f3n: la nueva creaci\u00f3n<\/strong><\/p>\n<p><strong>2174<\/strong> Jes\u00fas resucit\u00f3 de entre los muertos <span style=\"color: #ff0000;\">\u201cel primer d\u00eda de la semana\u201d <\/span>(<em>Mt<\/em> 28, 1; <em>Mc<\/em> 16, 2;<em> Lc<\/em> 24, 1;<em> Jn<\/em> 20, 1). En cuanto es <span style=\"color: #ff0000;\">el \u201cprimer d\u00eda\u201d,<\/span> el d\u00eda de la Resurrecci\u00f3n de Cristo recuerda la primera creaci\u00f3n. En cuanto <span style=\"background-color: #ff0000; color: #ffffff;\">es el \u201coctavo d\u00eda\u201d, QUE SIGUE AL S\u00c1BADO<\/span> (cf <em>Mc<\/em> 16, 1; <em>Mt<\/em> 28, 1), significa la nueva creaci\u00f3n inaugurada con la resurrecci\u00f3n de Cristo. Para los cristianos vino a ser <span style=\"color: #ff0000;\">el primero<\/span> de todos los d\u00edas, la primera de todas las fiestas, <span style=\"color: #ff0000;\">el d\u00eda del Se\u00f1or<\/span><em> (H\u00e8 kyriak\u00e8 h\u00e8mera, dies dominica),<\/em> <span style=\"color: #ff0000;\">el \u201cdomingo\u201d:<\/span><\/p>\n<p style=\"padding-left: 15px;\"><span style=\"background-color: #ffff00;\">\u00abNos reunimos todos <span style=\"text-decoration: underline;\">el d\u00eda del sol<\/span><\/span> porque es <span style=\"background-color: #ff0000; color: #ffffff;\">el <\/span><span style=\"background-color: #ffff00;\"><span style=\"background-color: #ff0000; color: #ffffff;\">primer d\u00eda [despu\u00e9s del s\u00e1bado jud\u00edo,<\/span><\/span> pero tambi\u00e9n<span style=\"color: #ff0000;\"> el primer d\u00eda], <\/span>en que Dios, sacando la materia de las tinieblas, cre\u00f3 al mundo; ese mismo d\u00eda, Jesucristo nuestro Salvador resucit\u00f3 de entre los muertos\u00bb (San Justino, <em>Apologia,<\/em> 1,67).\" <span style=\"font-size: 10pt;\"><em>\u2014CATECISMO DE LA IGLESIA CAT\u00d3LICA, Tercera Parte, Art. 3, P\u00e1rrafo 2174 <\/em><\/span> <a class=\"partNav\" href=\"http:\/\/www.vatican.va\/archive\/catechism_sp\/p3s2c1a3_sp.html\" target=\"_blank\" rel=\"noopener noreferrer\"><span style=\"font-size: 8pt;\"><sup>[2]<\/sup><\/span><span class=\"partNavText\">El d\u00eda de la esurrecci\u00f3n, la nueva creaci\u00f3n \u2014 Catecismo de La Iglesia Cat\u00f3lica, Tercera Parte, Art. 3, P\u00e1rrafo 2174<br>[ENLACE, El Vaticano]<\/span><\/a><\/p><\/div><\/div>\n<p>Y para Dios la adoraci\u00f3n al sol es una abominaci\u00f3n\u2014<\/p>\n<p style=\"padding-left: 15px;\"><span style=\"color: #536682;\"><span id=\"es-RVR1960-20621\" class=\"text Ezek-8-15\" style=\"font-family: Courier New, Courier;\"><sup class=\"versenum\"><span style=\"font-size: 8pt;\">15<\/span> <\/sup>Luego me dijo: \u00bfNo ves, hijo de hombre? Vu\u00e9lvete a\u00fan, ver\u00e1s <span style=\"background-color: #ffff00;\">abominaciones mayores<\/span> que estas. <br><\/span><span id=\"es-RVR1960-20622\" class=\"text Ezek-8-16\" style=\"font-family: Courier New, Courier;\"><sup class=\"versenum\"><span style=\"font-size: 8pt;\">16<\/span> <\/sup>Y me llev\u00f3 al atrio de adentro de la casa de Jehov\u00e1; y he aqu\u00ed junto a la entrada del templo de Jehov\u00e1, entre la entrada y el altar, como veinticinco varones, sus espaldas vueltas al templo de Jehov\u00e1 y sus rostros hacia el oriente, <span style=\"background-color: #ffff00;\">y adoraban al sol<\/span>, postr\u00e1ndose hacia el oriente. <br><\/span><span id=\"es-RVR1960-20623\" class=\"text Ezek-8-17\"><span style=\"font-family: Courier New, Courier;\"><sup class=\"versenum\"><span style=\"font-size: 8pt;\">17<\/span> <\/sup>Y me dijo: \u00bfNo has visto, hijo de hombre? \u00bfEs cosa liviana para la casa de Jud\u00e1 hacer <span style=\"background-color: #ffff00;\">las abominaciones que hacen<\/span> aqu\u00ed? Despu\u00e9s que han llenado de maldad la tierra, <strong>se volvieron a m\u00ed para irritarme<\/strong>; he aqu\u00ed que aplican el ramo a sus narices. <em>\u2014EZQUIEL 8:15-17<\/em><\/span> <\/span><\/span><\/p>\n<p><span style=\"color: #333333;\">As\u00ed que mis hermanos, tenemos que Alducin\u2014un doctor de la ley NO MUY DIFERENTE a como lo fue Caif\u00e1s<em> (MAT. 26:57), <\/em>les est\u00e1 ense\u00f1ando a ustedes doctrinas extra\u00eddas directamente del catecismo de la Iglesia Cat\u00f3lica. Y el hecho que usted tambi\u00e9n est\u00e9 clamando adorar <strong>en el d\u00eda del se\u00f1or sol\u2014dios sol, <\/strong>es porque su l\u00edder, ll\u00e1mese Alducin, o ll\u00e1mese Yiye \u00c1vila (fenecido), ll\u00e1mase Maldonado, ll\u00e1mese Cash Luna\u2026o su iglesia ll\u00e1mase Pentecostal, ll\u00e1mese Bautista, ll\u00e1mese Testigos de Jehov\u00e1, ll\u00e1mese Adventista, ll\u00e1mase Evang\u00e9lica, etc. etc., <strong>\u00a1ha sido sometido y\/o sometida por el hombre, es decir\u2014Roma!<\/strong><\/span><\/p>\n<p>Y si usted cat\u00f3lico, amigo y hermano, esto no es un ataque contra usted, sino contra las falsas ense\u00f1anzas del sistema bajo el cual usted\u2014y todo el mundo \"protestante\" ha sido enga\u00f1ado. En nuestra experiencia personal no hemos encontrado personas m\u00e1s sinceras en su fe y amor a Cristo y al pr\u00f3jimo que los cat\u00f3licos. Es una realidad, y Dios nos insta a todos a alinear ese amor y sinceridad con la verdad. De hecho, dice la palabra de Dios que <em><strong>\"el amor es el cumplimiento de la ley<\/strong>\" (ROM. 13:10),<\/em> y la <em>\"ley\"<\/em> es\u2014a su vez,<em> \"la verdad\" (SAL. 119:142). <\/em><\/p>\n<p><strong>\u00bfY qui\u00e9n dice la Biblia que es la verdad?<\/strong><\/p>\n<p style=\"padding-left: 15px;\"><span id=\"es-RVR1960-26676\" class=\"text John-14-6\" style=\"font-family: Courier New, Courier;\"><span style=\"color: #536682;\"><sup class=\"versenum\"><span style=\"font-size: 8pt;\">6<\/span> <\/sup><strong>Jes\u00fas le dijo<\/strong>: <strong><span style=\"background-color: #ffff00;\">Yo soy<\/span><\/strong> el camino, y <span style=\"background-color: #ffff00;\"><strong>la verdad<\/strong>,<\/span> y la vida; nadie viene al Padre, sino por m\u00ed. <em>\u2014JUAN 14:6<\/em><\/span> <\/span><\/p>\n<p>S\u00ed, Jes\u00fass nuestro salvador es la verdad, y su ley la verdad; es decir, Jes\u00fas es la ley, y cualquiera que la deseche, lo est\u00e1 desechando a \u00e9l. Y el que la abrace, lo abraza a \u00e9l.<\/p>\n<p style=\"padding-left: 15px;\"><span id=\"es-RVR1960-26711\" class=\"text John-15-10\" style=\"font-family: Courier New, Courier;\"><span style=\"color: #536682;\"><sup class=\"versenum\"><span style=\"font-size: 8pt;\">10<\/span> <\/sup><span style=\"background-color: #ffff00;\">Si guardareis<\/span> mis mandamientos, permanecer\u00e9is en mi amor; <span style=\"background-color: #ffff00;\">as\u00ed como yo he guardado<\/span> los mandamientos de mi Padre, y permanezco en su amor. <em>\u2014JUAN 15:10<\/em><\/span> <\/span><\/p>\n<p>La gracia de Cristo sobre nosotros es condicional, <strong>si guardamos sus mandamientos, \u00fanica y eclusivamente <\/strong><em>(APC 22:14-16)<\/em>. Y el d\u00eda de reposo, s\u00e9ptimo d\u00eda s\u00e1bado, es uno de esos mandamientos\u2026 <strong>el m\u00e1s omportante de todos<\/strong>, pues es el que nos dice quien es nuestro creador <em>(\u00c9XD. 20:11). <\/em>Y Jes\u00fas mismo nos da una amonestaci\u00f3n muy directa\u2014<\/p>\n<div class=\"su-box su-box-style-default\" id style=\"border-color:#0017a5;border-radius:3px;max-width:none\"><div class=\"su-box-title\" style=\"background-color:#004ad8;color:#ffffff;border-top-left-radius:1px;border-top-right-radius:1px\">LO INQUEBRANTABLE<\/div><div class=\"su-box-content su-u-clearfix su-u-trim\" style=\"border-bottom-left-radius:1px;border-bottom-right-radius:1px\"><span style=\"font-family: Courier New, Courier; color: #536682;\"><span style=\"font-size: 8pt;\"><sup>17<\/sup><\/span> Pero m\u00e1s f\u00e1cil es que pasen el cielo y la tierra, que <span style=\"background-color: #ffff00;\">se frustre una <b>tilde<\/b><\/span> de la ley. <em>\u2014MATEO 16:17 <\/em><\/span><\/div><\/div>\n<p>Preguntamos, <strong>\u00bfPasaron el cielo y la tierra?<\/strong><\/p>\n<p>Y sabemos por la palabra que el cielo la tierra pasar\u00e1n, pero a\u00fan as\u00ed el s\u00e1bado, s\u00e9ptimo d\u00eda de reposo, seguir\u00e1 vigente por siempre\u2014<\/p>\n<p><span id=\"es-RVR1960-18946\" class=\"text Isa-66-22\" style=\"font-family: Courier New, Courier;\"><sup class=\"versenum\"><\/sup><\/span><\/p><div class=\"su-box su-box-style-default\" id style=\"border-color:#0017a5;border-radius:3px;max-width:none\"><div class=\"su-box-title\" style=\"background-color:#004ad8;color:#ffffff;border-top-left-radius:1px;border-top-right-radius:1px\">POR LA ETERNIDAD<\/div><div class=\"su-box-content su-u-clearfix su-u-trim\" style=\"border-bottom-left-radius:1px;border-bottom-right-radius:1px\"><span style=\"font-size: 8pt; color: #536682;\"><sup><span id=\"es-RVR1960-18946\">22 <\/span><\/sup><\/span><span id=\"es-RVR1960-18946\" class=\"text Isa-66-22\" style=\"font-family: Courier New, Courier;\"><span style=\"color: #536682;\">Porque como los cielos nuevos y la nueva tierra que yo hago permanecer\u00e1n delante de m\u00ed, dice Jehov\u00e1, as\u00ed permanecer\u00e1 vuestra descendencia y vuestro nombre. <\/span><br><\/span><span id=\"es-RVR1960-18947\" class=\"text Isa-66-23\" style=\"color: #536682;\"><span style=\"font-family: Courier New, Courier;\"><sup class=\"versenum\"><span style=\"font-size: 8pt;\">23<\/span> <\/sup>Y de mes en mes, <span style=\"background-color: #ffff00;\">y de d\u00eda de reposo en d\u00eda de reposo<\/span>, VENDR\u00c1 TODA CARNE A ADORAR delante de m\u00ed, dijo Jehov\u00e1.<em> \u2014ISA\u00cdAS 66:22-23 <\/em><\/span><\/span><\/div><\/div> \n<p>Eso lo dice Dios en su palabra, mas la Iglesia Cat\u00f3lica dice\u2014<\/p>\n<p style=\"padding-left: 15px;\"><span style=\"color: #333333;\"><strong><em>\u201c\u00bfC\u00f3mo comprueba usted que la iglesia tiene el poder de mandar las fiestas y los d\u00edas santos?<\/em><\/strong><\/span><br><em><span style=\"color: #536682;\"><span style=\"color: #ff0000;\">Por el acto de cambio el s\u00e1bado al domingo, la que los protestantes permiten<\/span>; <span style=\"color: #333333;\">y, por el cual se contradicen cari\u00f1osamente, manteniendo el domingo estrictamente, y rompiendo la mayor\u00eda de las otras fiestas comandadas por la misma Iglesia. \u00bfC\u00f3mo comprueba esto?<\/span><\/span><\/em><br><span style=\"color: #333333;\"><em><strong>Porque al guardar el domingo, reconocen el poder de la Iglesia para ordenar las fiestas<\/strong> y el mando de estar bajo pecado; y no por guardar el resto [de las fiestas] por ella comandado, de hecho niegan una vez m\u00e1s, el mismo poder.\u201d <span style=\"color: #999999;\">\u2014Rev. Henry Tuberville, D.D. (R.C.), (1833), p. 58. Recopilaci\u00f3n de la Doctrina Cristiana.<\/span><\/em><\/span><\/p>\n<p><span style=\"color: #333333;\"><em><a href=\"https:\/\/www.cristoverdad.com\/wp-content\/uploads\/2018\/08\/converts-chetechism_p50-translation.png\" data-rel=\"lightbox-image-1\" data-rl_title data-rl_caption title><noscript><img decoding=\"async\" class=\" wp-image-3652 alignright\" src=\"https:\/\/www.cristoverdad.com\/wp-content\/uploads\/2018\/08\/converts-chetechism_p50-translation-300x169.png\" alt width=\"462\" height=\"260\" srcset=\"https:\/\/www.cristoverdad.com\/wp-content\/uploads\/2018\/08\/converts-chetechism_p50-translation-300x169.png 300w, https:\/\/www.cristoverdad.com\/wp-content\/uploads\/2018\/08\/converts-chetechism_p50-translation-768x433.png 768w, https:\/\/www.cristoverdad.com\/wp-content\/uploads\/2018\/08\/converts-chetechism_p50-translation-1024x577.png 1024w, https:\/\/www.cristoverdad.com\/wp-content\/uploads\/2018\/08\/converts-chetechism_p50-translation-1080x609.png 1080w, https:\/\/www.cristoverdad.com\/wp-content\/uploads\/2018\/08\/converts-chetechism_p50-translation.png 1916w\" sizes=\"(max-width: 462px) 100vw, 462px\"><\/noscript><img decoding=\"async\" class=\" wp-image-3652 alignright lazyload\" src=\"data:image\/svg+xml,%3Csvg%20xmlns%3D%22http%3A%2F%2Fwww.w3.org%2F2000%2Fsvg%22%20viewBox%3D%220%200%20462%20260%22%3E%3C%2Fsvg%3E\" alt width=\"462\" height=\"260\" srcset=\"data:image\/svg+xml,%3Csvg%20xmlns%3D%22http%3A%2F%2Fwww.w3.org%2F2000%2Fsvg%22%20viewBox%3D%220%200%20462%20260%22%3E%3C%2Fsvg%3E 462w\" sizes=\"(max-width: 462px) 100vw, 462px\" data-srcset=\"https:\/\/www.cristoverdad.com\/wp-content\/uploads\/2018\/08\/converts-chetechism_p50-translation-300x169.png 300w, https:\/\/www.cristoverdad.com\/wp-content\/uploads\/2018\/08\/converts-chetechism_p50-translation-768x433.png 768w, https:\/\/www.cristoverdad.com\/wp-content\/uploads\/2018\/08\/converts-chetechism_p50-translation-1024x577.png 1024w, https:\/\/www.cristoverdad.com\/wp-content\/uploads\/2018\/08\/converts-chetechism_p50-translation-1080x609.png 1080w, https:\/\/www.cristoverdad.com\/wp-content\/uploads\/2018\/08\/converts-chetechism_p50-translation.png 1916w\" data-src=\"https:\/\/www.cristoverdad.com\/wp-content\/uploads\/2018\/08\/converts-chetechism_p50-translation-300x169.png\" loading=\"lazy\"><\/a><\/em>Alducin insiste en que Dios cambi\u00f3 el d\u00eda de reposo, pero el diablo dice lo contrario\u2014<strong>\"<\/strong><em><strong>fui yo\"<\/strong><\/em>\u2014en el libro <em>el Catecismo del Converso<\/em> <em>de La Doctrina Cat\u00f3lica<\/em> y otras publicaciones de Roma. Para ampliar en este tema, recomendamos los art\u00edculos <\/span><em><span style=\"color: #333333;\">La Real Academia de La Lengua<\/span> <span style=\"color: #333333;\">Esp\u00f1ola<\/span> <span style=\"color: #333333;\">y El Cambio del D\u00eda de Reposo <\/span><\/em><span style=\"color: #333333;\"><a class=\"tooltip\" href=\"https:\/\/www.cristoverdad.com\/docs\/real.pdf\" target=\"_blank\" rel=\"noopener noreferrer\"><span style=\"font-size: 8pt;\"><sup>[3]<\/sup><\/span> <span class=\"tooltiptext\">S\u00e1bado vs. Domingo \u2014 Real Academia de La Lengua Esp\u00f1ola<\/span><\/a> <\/span><span style=\"color: #333333;\">y<em> La Marca de La Bestia y El el Microchip. <\/em><a class=\"tooltip\" href=\"https:\/\/www.cristoverdad.com\/docs\/microchip.pdf\" target=\"_blank\" rel=\"noopener noreferrer\"><span style=\"font-size: 8pt;\"><sup>[4]<\/sup><\/span> <span class=\"tooltiptext\">La Marca de La Bestia y El Microchip<\/span><\/a><\/span><\/p>\n<p>Todo esto es un asunto de fidelidad, a Dios o al diablo.<strong> \u00bfA qui\u00e9n quiere usted servir?<\/strong><\/p>\n<div class=\"poetry\">\n<p class=\"line\"><span style=\"color: #536682;\"><span style=\"font-family: Courier New, Courier;\"><span id=\"es-RVR1960-23643\" class=\"text Matt-15-8\"><sup class=\"versenum\"><span style=\"font-size: 8pt;\">8<\/span> <\/sup>Este pueblo de labios me honra; <\/span><span class=\"text Matt-15-8\">Mas su coraz\u00f3n est\u00e1 lejos de m\u00ed.<br><\/span><span id=\"es-RVR1960-23644\" class=\"text Matt-15-9\"><span style=\"font-size: 8pt;\"><sup class=\"versenum\">9 <\/sup><\/span>Pues <span style=\"background-color: #ffff00;\">en vano me honran,<\/span> <\/span><\/span><span class=\"text Matt-15-9\"><span style=\"font-family: Courier New, Courier;\">Ense\u00f1ando como doctrinas, <span style=\"text-decoration: underline;\">mandamientos de hombres<\/span>. <em>\u2014MATEO 15:8-9<\/em><\/span> <\/span><\/span><\/p>\n<p><strong>\u00bfHabla claro Dios en su palabra?<\/strong><\/p>\n<\/div>\n<p><span style=\"color: #333333;\">No, apreciados amigos, la ley de Dios no ha sido\u2014ni nunca ser\u00e1 abolida <em>(SAL. 119:44);<\/em> <em>las experiencias de Pablo y de Jes\u00fas<\/em><\/span> <span style=\"color: #333333;\">as\u00ed lo afirman. <a class=\"tooltip\" href=\"https:\/\/www.cristoverdad.com\/jesus-pablo-y-la-ley\/\" target=\"_blank\" rel=\"noopener noreferrer\"><span style=\"font-size: 8pt;\"><sup>[5]<\/sup><\/span> <span class=\"tooltiptext\">Jes\u00fas \u201cvs.\u201d Pablo y La Ley: Lo Que Pas\u00f3 en La Cruz<\/span><\/a> <\/span><span style=\"color: #333333;\">Las cosas espirituales se disciernen espiritualmente, nadie puede dar de lo que no tiene. Pero las buenas nuevas son que el se\u00f1or es misericordioso y justo para llenar la vasija de todo aquel que tenga hambre:<\/span><\/p>\n<p style=\"padding-left: 15px;\"><span style=\"font-family: Courier New, Courier;\"><span style=\"color: #536682;\"><span class=\"text Acts-17-1\"><span class=\"chapternum\"><span id=\"es-RVR1960-27527\" class=\"text Acts-17-2\"><sup class=\"versenum\">5<\/sup><\/span><\/span><\/span> Y si alguno de vosotros tiene falta de sabidur\u00eda, p\u00eddala a Dios, <strong>el cual da a todos<\/strong> abundantemente y sin reproche, y le ser\u00e1 dada.<\/span><\/span><br><span style=\"font-family: Courier New, Courier;\"><span style=\"color: #536682;\"><span class=\"text Acts-17-1\"><span class=\"chapternum\"><span id=\"es-RVR1960-27527\" class=\"text Acts-17-2\"><sup class=\"versenum\">16<\/sup><\/span><\/span><\/span> Pero pida con fe, no dudando nada; porque el que duda es semejante a la onda del mar, que es arrastrada por el viento y echada de una parte a otra.<em> \u2014SANTIAGO 1:5\u202d-\u202c6<\/em><\/span><\/span><\/p>\n<p style=\"padding-left: 15px;\"><span style=\"color: #536682; font-family: Courier New, Courier;\"><span class=\"text Acts-17-1\"><span class=\"chapternum\"><span id=\"es-RVR1960-27527\" class=\"text Acts-17-2\"><sup class=\"versenum\">16<\/sup><\/span><\/span><\/span> sepa que el que haga volver al pecador del error de su camino, salvar\u00e1 de muerte un alma, <strong>y cubrir\u00e1 multitud de pecados<\/strong>.<em> \u2014SANTIAGO 5:20<\/em><\/span><\/p>\n<p><span style=\"color: #333333;\">En una cosa\u2014entendemos, que si estamos de acuerdo con usted, es que Jes\u00fas es el \u00fanico camino, <strong>la verdad<\/strong>, y la vida. Y ese mismo Jes\u00fas nos dej\u00f3 su palabra para que no nos dejemos e\u00f1agar por el diablo. <\/span><\/p>\n<p><span style=\"color: #333333;\">Si usted ama al s\u00e9\u00f1or, le recomendamos ayuno y oraci\u00f3n, y honre su ley\u2014pues as\u00ed lo comanda \u00e9l <em>(JUAN 14:15).<\/em> Esto es algo muy serio\u2014un asunto de salvaci\u00f3n <em>(APOC. 22:14).<\/em> Tambi\u00e9n pida discernimiento, reduzca o abstengase de la TV y todo tipo de entretenimiento mundano, como la far\u00e1ndula y los deportes, <a class=\"tooltip\" href=\"https:\/\/vimeo.com\/278964246\" target=\"_blank\" rel=\"noopener noreferrer\"><span style=\"font-size: 8pt;\"><sup>[6]<\/sup><\/span> <span class=\"tooltiptext\">Las Olimpiadas, EL F\u00daTBOL, Los Deportes y El Nuevo Orden Mundial, PARTE 1 \u2014 \u00bfY Qu\u00e9 Dice La Biblia?<\/span><\/a> <\/span><a class=\"tooltip\" href=\"https:\/\/vimeo.com\/279484471\" target=\"_blank\" rel=\"noopener noreferrer\"><span style=\"font-size: 8pt;\"><sup>[7]<\/sup><\/span> <span class=\"tooltiptext\">Las Olimpiadas, EL F\u00daTBOL, Los Deportes y El Nuevo Orden Mundial, PARTE 2: \u201cAl Pueblo, Pan y Circo\u201d<\/span><\/a> <span style=\"color: #333333;\">para que el Esp\u00edritu Santo pueda morar y obrar abundante en su coraz\u00f3n. Esto no es un asunto de qui\u00e9n est\u00e1 bien o qui\u00e9n est\u00e1 mal&#8230; es un asunto de fidelidad\u2014al creador de los cielos y las estrellas. <\/span><\/p>\n<p><span style=\"color: #333333;\">Una vez m\u00e1s,<br><\/span><\/p>\n<p style=\"padding-left: 15px;\"><span style=\"font-family: Courier New, Courier;\"><span style=\"color: #536682;\"><span class=\"text Acts-17-1\" style=\"font-size: 8pt;\"><span class=\"chapternum\"><span id=\"es-RVR1960-27527\" class=\"text Acts-17-2\"><sup class=\"versenum\">8<\/sup><\/span><\/span><\/span> Este pueblo de labios me honra; Mas su coraz\u00f3n est\u00e1 lejos de m\u00ed.<\/span><\/span><br><span style=\"font-family: Courier New, Courier;\"><span style=\"color: #536682;\"><span class=\"text Acts-17-1\" style=\"font-size: 8pt;\"><span class=\"chapternum\"><span id=\"es-RVR1960-27527\" class=\"text Acts-17-2\"><sup class=\"versenum\">9<\/sup><\/span><\/span><\/span> Pues <span style=\"background-color: #ffff00;\">en vano me honran<\/span>, Ense\u00f1ando como doctrinas, <span style=\"text-decoration: underline;\"><strong>mandamientos de hombres<\/strong><\/span><\/span><span style=\"color: #536682;\">.<\/span><em><span style=\"color: #536682;\"> \u2014MATEO 15:8\u202d-\u202c9<\/span><\/em><\/span><\/p>\n<p><span style=\"color: #333333;\">Salom\u00f3n lo expres\u00f3 mejor que nadie en esta tierra,<\/span><\/p>\n<p style=\"padding-left: 15px;\"><span style=\"font-family: Courier New, Courier;\"><span style=\"color: #536682;\"><span class=\"text Acts-17-1\" style=\"font-size: 8pt;\"><span class=\"chapternum\"><span id=\"es-RVR1960-27527\" class=\"text Acts-17-2\"><sup class=\"versenum\">13<\/sup><\/span><\/span><\/span> El fin de todo el discurso o\u00eddo es este: Teme a Dios, y guarda sus mandamientos; <strong>porque esto es el todo del hombre<\/strong><\/span><span style=\"color: #536682;\">.<\/span><em><span style=\"color: #536682;\"> \u2014ECLESIAST\u00c9S 12:13<\/span><\/em><\/span><\/p>\n<p><span style=\"color: #333333;\">TEMA RECOMENDADO:<\/span> <em>El S\u00e1bado y La L\u00f3gica: El D\u00eda del Se\u00f1or y El \u00c1rbol de La Ciencia.<\/em> <a class=\"tooltip\" href=\"https:\/\/vimeo.com\/274019813\" target=\"_blank\" rel=\"noopener noreferrer\"><span style=\"font-size: 8pt;\"><sup>[8]<\/sup><\/span> <span class=\"tooltiptext\">El S\u00e1bado y La L\u00f3gica: El D\u00eda del Se\u00f1or y El \u00c1rbol de La Ciencia<\/span><\/a><\/p>\n<p><span style=\"color: #333333;\">Y ya que usted lleg\u00f3 hasta aqu\u00ed, les dejo con el siguiente video que detalladamente expande sobre el d\u00eda del se\u00f1or, y lo que el se\u00f1or espera de nosotros, <strong>los que le amamos<\/strong>.<strong><br><\/strong><\/span><\/p>\n\n\n<div class=\"su-vimeo su-u-responsive-media-yes\"><noscript><iframe width=\"600\" height=\"400\" src=\"\/\/player.vimeo.com\/video\/392625646?title=0&amp;byline=0&amp;portrait=0&amp;color=ffffff&amp;autoplay=0&amp;dnt=0&amp;muted=0&amp;texttrack=\" frameborder=\"0\" allow=\"autoplay; fullscreen\" allowfullscreen title=\"S\u00c1BADO o DOMINGO\u00bfCu\u00e1l es el D\u00eda de Reposo? PARTE 1: Roma Se Confiesa\"><\/iframe><\/noscript><iframe width=\"600\" height=\"400\" frameborder=\"0\" allow=\"autoplay; fullscreen\" allowfullscreen title=\"S\u00c1BADO o DOMINGO\u00bfCu\u00e1l es el D\u00eda de Reposo? PARTE 1: Roma Se Confiesa\" data-src=\"\/\/player.vimeo.com\/video\/392625646?title=0&amp;byline=0&amp;portrait=0&amp;color=ffffff&amp;autoplay=0&amp;dnt=0&amp;muted=0&amp;texttrack=\" loading=\"lazy\" class=\" lazyload\"><\/iframe><\/div>\n\n\n\n<p>Que Dios le bendiga y le llene de entendimiento, <br><strong>\u00a1fel\u00edz santo s\u00e1bado!<\/strong><\/p>\n\n\n\n<p><em>\u2014JOS\u00c9 LUIS JAVIER<\/em><\/p>\n\n\n\n<p>\"<em><strong>Salid de ella, pueblo m\u00edo\u2026\"<\/strong> (APOC. 18:4)<\/em><\/p>\n\n\n\n<p>Compartir <\/p><div class=\"heateor_sss_sharing_container heateor_sss_horizontal_sharing\" data-heateor-ss-offset=\"0\" data-heateor-sss-href=\"https:\/\/www.cristoverdad.com\/bg\/juan-los-discipulos-y-el-dia-del-senor\/\"><div class=\"heateor_sss_sharing_ul\"><a aria-label=\"Facebook Share\" style=\"padding:5.25px 0 !important\" class=\"heateor_sss_facebook_share\"><div class=\"fb-share-button\" data-href=\"https:\/\/www.cristoverdad.com\/bg\/juan-los-discipulos-y-el-dia-del-senor\/\" data-layout=\"button_count\"><\/div><\/a><a aria-label=\"Twitter\" class=\"heateor_sss_button_twitter\" href=\"https:\/\/twitter.com\/intent\/tweet?text=Juan%2C%20lo%20disc%C3%ADpulos%20y%20el%20d%C3%ADa%20del%20Se%C3%B1or&amp;url=https%3A%2F%2Fwww.cristoverdad.com%2Fbg%2Fjuan-los-discipulos-y-el-dia-del-senor%2F\" title=\"Twitter\" rel=\"nofollow noopener\" target=\"_blank\" style=\"font-size:32px!important;box-shadow:none;display:inline-block;vertical-align:middle\"><span class=\"heateor_sss_svg heateor_sss_s__default heateor_sss_s_twitter\" style=\"background-color:#55acee;width:25px;height:25px;border-radius:999px;display:inline-block;opacity:1;float:left;font-size:32px;box-shadow:none;display:inline-block;font-size:16px;padding:0 4px;vertical-align:middle;background-repeat:repeat;overflow:hidden;padding:0;cursor:pointer;box-sizing:content-box\"><svg style=\"display:block;border-radius:999px;\" focusable=\"false\" aria-hidden=\"true\" width=\"100%\" height=\"100%\" viewBox=\"-4 -4 39 39\"><path d=\"M28 8.557a9.913 9.913 0 0 1-2.828.775 4.93 4.93 0 0 0 2.166-2.725 9.738 9.738 0 0 1-3.13 1.194 4.92 4.92 0 0 0-3.593-1.55 4.924 4.924 0 0 0-4.794 6.049c-4.09-.21-7.72-2.17-10.15-5.15a4.942 4.942 0 0 0-.665 2.477c0 1.71.87 3.214 2.19 4.1a4.968 4.968 0 0 1-2.23-.616v.06c0 2.39 1.7 4.38 3.952 4.83-.414.115-.85.174-1.297.174-.318 0-.626-.03-.928-.086a4.935 4.935 0 0 0 4.6 3.42 9.893 9.893 0 0 1-6.114 2.107c-.398 0-.79-.023-1.175-.068a13.953 13.953 0 0 0 7.55 2.213c9.056 0 14.01-7.507 14.01-14.013 0-.213-.005-.426-.015-.637.96-.695 1.795-1.56 2.455-2.55z\" fill=\"#fff\" \/><\/svg><\/span><\/a><a aria-label=\"Instagram\" class=\"heateor_sss_button_instagram\" href=\"https:\/\/www.instagram.com\/\" title=\"Instagram\" rel=\"nofollow noopener\" target=\"_blank\" style=\"font-size:32px!important;box-shadow:none;display:inline-block;vertical-align:middle\"><span class=\"heateor_sss_svg\" style=\"background-color:#53beee;width:25px;height:25px;border-radius:999px;display:inline-block;opacity:1;float:left;font-size:32px;box-shadow:none;display:inline-block;font-size:16px;padding:0 4px;vertical-align:middle;background-repeat:repeat;overflow:hidden;padding:0;cursor:pointer;box-sizing:content-box\"><svg style=\"display:block;border-radius:999px;\" version=\"1.1\" viewBox=\"-10 -10 148 148\" width=\"100%\" height=\"100%\" xml:space=\"preserve\" xmlns:xlink=\"http:\/\/www.w3.org\/1999\/xlink\"><g><g><path d=\"M86,112H42c-14.336,0-26-11.663-26-26V42c0-14.337,11.664-26,26-26h44c14.337,0,26,11.663,26,26v44 C112,100.337,100.337,112,86,112z M42,24c-9.925,0-18,8.074-18,18v44c0,9.925,8.075,18,18,18h44c9.926,0,18-8.075,18-18V42 c0-9.926-8.074-18-18-18H42z\" fill=\"#fff\" \/><\/g><g><path d=\"M64,88c-13.234,0-24-10.767-24-24c0-13.234,10.766-24,24-24s24,10.766,24,24C88,77.233,77.234,88,64,88z M64,48c-8.822,0-16,7.178-16,16s7.178,16,16,16c8.822,0,16-7.178,16-16S72.822,48,64,48z\" fill=\"#fff\" \/><\/g><g><circle cx=\"89.5\" cy=\"38.5\" fill=\"#fff\" r=\"5.5\" \/><\/g><\/g><\/svg><\/span><\/a><a aria-label=\"Whatsapp\" class=\"heateor_sss_whatsapp\" href=\"https:\/\/api.whatsapp.com\/send?text=Juan%2C%20lo%20disc%C3%ADpulos%20y%20el%20d%C3%ADa%20del%20Se%C3%B1or%20https%3A%2F%2Fwww.cristoverdad.com%2Fbg%2Fjuan-los-discipulos-y-el-dia-del-senor%2F\" title=\"Whatsapp\" rel=\"nofollow noopener\" target=\"_blank\" style=\"font-size:32px!important;box-shadow:none;display:inline-block;vertical-align:middle\"><span class=\"heateor_sss_svg\" style=\"background-color:#55eb4c;width:25px;height:25px;border-radius:999px;display:inline-block;opacity:1;float:left;font-size:32px;box-shadow:none;display:inline-block;font-size:16px;padding:0 4px;vertical-align:middle;background-repeat:repeat;overflow:hidden;padding:0;cursor:pointer;box-sizing:content-box\"><svg style=\"display:block;border-radius:999px;\" focusable=\"false\" aria-hidden=\"true\" width=\"100%\" height=\"100%\" viewBox=\"-6 -5 40 40\"><path class=\"heateor_sss_svg_stroke heateor_sss_no_fill\" stroke=\"#fff\" stroke-width=\"2\" fill=\"none\" d=\"M 11.579798566743314 24.396926207859085 A 10 10 0 1 0 6.808479557110079 20.73576436351046\" \/><path d=\"M 7 19 l -1 6 l 6 -1\" class=\"heateor_sss_no_fill heateor_sss_svg_stroke\" stroke=\"#fff\" stroke-width=\"2\" fill=\"none\" \/><path d=\"M 10 10 q -1 8 8 11 c 5 -1 0 -6 -1 -3 q -4 -3 -5 -5 c 4 -2 -1 -5 -1 -4\" fill=\"#fff\" \/><\/svg><\/span><\/a><a aria-label=\"Pinterest\" class=\"heateor_sss_button_pinterest\" href=\"https:\/\/www.cristoverdad.com\/bg\/juan-los-discipulos-y-el-dia-del-senor\/\" onclick=\"event.preventDefault();javascript:void( (function() {var e=document.createElement('script' );e.setAttribute('type','text\/javascript' );e.setAttribute('charset','UTF-8' );e.setAttribute('src','\/\/assets.pinterest.com\/js\/pinmarklet.js?r='+Math.random()*99999999);document.body.appendChild(e)})());\" title=\"Pinterest\" rel=\"noopener\" style=\"font-size:32px!important;box-shadow:none;display:inline-block;vertical-align:middle\"><span class=\"heateor_sss_svg heateor_sss_s__default heateor_sss_s_pinterest\" style=\"background-color:#cc2329;width:25px;height:25px;border-radius:999px;display:inline-block;opacity:1;float:left;font-size:32px;box-shadow:none;display:inline-block;font-size:16px;padding:0 4px;vertical-align:middle;background-repeat:repeat;overflow:hidden;padding:0;cursor:pointer;box-sizing:content-box\"><svg style=\"display:block;border-radius:999px;\" focusable=\"false\" aria-hidden=\"true\" width=\"100%\" height=\"100%\" viewBox=\"-2 -2 35 35\"><path fill=\"#fff\" d=\"M16.539 4.5c-6.277 0-9.442 4.5-9.442 8.253 0 2.272.86 4.293 2.705 5.046.303.125.574.005.662-.33.061-.231.205-.816.27-1.06.088-.331.053-.447-.191-.736-.532-.627-.873-1.439-.873-2.591 0-3.338 2.498-6.327 6.505-6.327 3.548 0 5.497 2.168 5.497 5.062 0 3.81-1.686 7.025-4.188 7.025-1.382 0-2.416-1.142-2.085-2.545.397-1.674 1.166-3.48 1.166-4.689 0-1.081-.581-1.983-1.782-1.983-1.413 0-2.548 1.462-2.548 3.419 0 1.247.421 2.091.421 2.091l-1.699 7.199c-.505 2.137-.076 4.755-.039 5.019.021.158.223.196.314.077.13-.17 1.813-2.247 2.384-4.324.162-.587.929-3.631.929-3.631.46.876 1.801 1.646 3.227 1.646 4.247 0 7.128-3.871 7.128-9.053.003-3.918-3.317-7.568-8.361-7.568z\" \/><\/svg><\/span><\/a><a aria-label=\"Gmail\" class=\"heateor_sss_button_google_gmail\" href=\"https:\/\/mail.google.com\/mail\/?ui=2&amp;view=cm&amp;fs=1&amp;tf=1&amp;su=Juan%2C%20lo%20disc%C3%ADpulos%20y%20el%20d%C3%ADa%20del%20Se%C3%B1or&amp;body=Link:https%3A%2F%2Fwww.cristoverdad.com%2Fbg%2Fjuan-los-discipulos-y-el-dia-del-senor%2F\" title=\"Google Gmail\" rel=\"nofollow noopener\" target=\"_blank\" style=\"font-size:32px!important;box-shadow:none;display:inline-block;vertical-align:middle\"><span class=\"heateor_sss_svg heateor_sss_s__default heateor_sss_s_Google_Gmail\" style=\"background-color:#e5e5e5;width:25px;height:25px;border-radius:999px;display:inline-block;opacity:1;float:left;font-size:32px;box-shadow:none;display:inline-block;font-size:16px;padding:0 4px;vertical-align:middle;background-repeat:repeat;overflow:hidden;padding:0;cursor:pointer;box-sizing:content-box\"><svg style=\"display:block;border-radius:999px;\" focusable=\"false\" aria-hidden=\"true\" width=\"100%\" height=\"100%\" viewBox=\"0 0 32 32\"><path fill=\"#fff\" d=\"M2.902 6.223h26.195v19.554H2.902z\" \/><path fill=\"#E14C41\" class=\"heateor_sss_no_fill\" d=\"M2.902 25.777h26.195V6.223H2.902v19.554zm22.44-4.007v3.806H6.955v-3.6h.032l.093-.034 6.9-5.558 2.09 1.77 1.854-1.63 7.42 5.246zm0-.672l-7.027-4.917 7.028-6.09V21.1zm-1.17-14.67l-.947.905c-2.356 2.284-4.693 4.75-7.17 6.876l-.078.06L8.062 6.39l16.11.033zm-10.597 9.61l-6.62 5.294.016-10.914 6.607 5.62\" \/><\/svg><\/span><\/a><a aria-label=\"Email\" class=\"heateor_sss_email\" href=\"https:\/\/www.cristoverdad.com\/bg\/juan-los-discipulos-y-el-dia-del-senor\/\" onclick=\"event.preventDefault();window.open('mailto:?subject=' + decodeURIComponent('Juan%2C%20lo%20disc%C3%ADpulos%20y%20el%20d%C3%ADa%20del%20Se%C3%B1or').replace('&amp;', '%26') + '&amp;body=https%3A%2F%2Fwww.cristoverdad.com%2Fbg%2Fjuan-los-discipulos-y-el-dia-del-senor%2F', '_blank')\" title=\"Email\" rel=\"noopener\" style=\"font-size:32px!important;box-shadow:none;display:inline-block;vertical-align:middle\"><span class=\"heateor_sss_svg\" style=\"background-color:#649a3f;width:25px;height:25px;border-radius:999px;display:inline-block;opacity:1;float:left;font-size:32px;box-shadow:none;display:inline-block;font-size:16px;padding:0 4px;vertical-align:middle;background-repeat:repeat;overflow:hidden;padding:0;cursor:pointer;box-sizing:content-box\"><svg style=\"display:block;border-radius:999px;\" focusable=\"false\" aria-hidden=\"true\" width=\"100%\" height=\"100%\" viewBox=\"-.75 -.5 36 36\"><path d=\"M 5.5 11 h 23 v 1 l -11 6 l -11 -6 v -1 m 0 2 l 11 6 l 11 -6 v 11 h -22 v -11\" stroke-width=\"1\" fill=\"#fff\" \/><\/svg><\/span><\/a><a aria-label=\"SMS\" class=\"heateor_sss_button_sms\" href=\"sms:?&amp;body=Juan%2C%20lo%20disc%C3%ADpulos%20y%20el%20d%C3%ADa%20del%20Se%C3%B1or%20https%3A%2F%2Fwww.cristoverdad.com%2Fbg%2Fjuan-los-discipulos-y-el-dia-del-senor%2F\" title=\"SMS\" rel=\"nofollow noopener\" style=\"font-size:32px!important;box-shadow:none;display:inline-block;vertical-align:middle\"><span class=\"heateor_sss_svg heateor_sss_s__default heateor_sss_s_sms\" style=\"background-color:#6ebe45;width:25px;height:25px;border-radius:999px;display:inline-block;opacity:1;float:left;font-size:32px;box-shadow:none;display:inline-block;font-size:16px;padding:0 4px;vertical-align:middle;background-repeat:repeat;overflow:hidden;padding:0;cursor:pointer;box-sizing:content-box\"><svg style=\"display:block;border-radius:999px;\" focusable=\"false\" aria-hidden=\"true\" width=\"100%\" height=\"100%\" viewBox=\"0 0 32 32\"><path fill=\"#fff\" d=\"M16 3.543c-7.177 0-13 4.612-13 10.294 0 3.35 2.027 6.33 5.16 8.21 1.71 1.565 1.542 4.08-.827 6.41 2.874 0 7.445-1.698 8.462-4.34H16c7.176 0 13-4.605 13-10.285s-5.824-10.29-13-10.29zM9.045 17.376c-.73 0-1.45-.19-1.81-.388l.294-1.194c.384.2.98.398 1.6.398.66 0 1.01-.275 1.01-.692 0-.398-.302-.625-1.07-.9-1.06-.37-1.753-.957-1.753-1.886 0-1.09.91-1.924 2.415-1.924.72 0 1.25.152 1.63.322l-.322 1.166a3.037 3.037 0 0 0-1.336-.303c-.625 0-.93.284-.93.616 0 .41.36.59 1.186.9 1.127.42 1.658 1.01 1.658 1.91.003 1.07-.822 1.98-2.575 1.98zm9.053-.095l-.095-2.44a72.993 72.993 0 0 1-.057-2.626h-.028a35.41 35.41 0 0 1-.71 2.475l-.778 2.49h-1.128l-.682-2.473a29.602 29.602 0 0 1-.578-2.493h-.02c-.037.863-.065 1.85-.112 2.645l-.114 2.425H12.46l.407-6.386h1.924l.63 2.13c.2.74.397 1.536.54 2.285h.027a52.9 52.9 0 0 1 .607-2.293l.683-2.12h1.886l.35 6.386H18.1zm4.09.1c-.73 0-1.45-.19-1.81-.39l.293-1.194c.39.2.99.398 1.605.398.663 0 1.014-.275 1.014-.692 0-.396-.305-.623-1.07-.9-1.064-.37-1.755-.955-1.755-1.884 0-1.09.91-1.924 2.416-1.924.72 0 1.25.153 1.63.323l-.322 1.166a3.038 3.038 0 0 0-1.337-.303c-.625 0-.93.284-.93.616 0 .408.36.588 1.186.9 1.127.42 1.658 1.006 1.658 1.906.002 1.07-.823 1.98-2.576 1.98z\" \/><\/svg><\/span><\/a><a aria-label=\"Copy Link\" class=\"heateor_sss_button_copy_link\" title=\"Copy Link\" rel=\"noopener\" href=\"https:\/\/www.cristoverdad.com\/bg\/juan-los-discipulos-y-el-dia-del-senor\/\" onclick=\"event.preventDefault()\" style=\"font-size:32px!important;box-shadow:none;display:inline-block;vertical-align:middle\"><span class=\"heateor_sss_svg heateor_sss_s__default heateor_sss_s_copy_link\" style=\"background-color:#ffc112;width:25px;height:25px;border-radius:999px;display:inline-block;opacity:1;float:left;font-size:32px;box-shadow:none;display:inline-block;font-size:16px;padding:0 4px;vertical-align:middle;background-repeat:repeat;overflow:hidden;padding:0;cursor:pointer;box-sizing:content-box\"><svg style=\"display:block;border-radius:999px;\" focusable=\"false\" aria-hidden=\"true\" width=\"100%\" height=\"100%\" viewBox=\"-4 -4 40 40\"><path fill=\"#fff\" d=\"M24.412 21.177c0-.36-.126-.665-.377-.917l-2.804-2.804a1.235 1.235 0 0 0-.913-.378c-.377 0-.7.144-.97.43.026.028.11.11.255.25.144.14.24.236.29.29s.117.14.2.256c.087.117.146.232.177.344.03.112.046.236.046.37 0 .36-.126.666-.377.918a1.25 1.25 0 0 1-.918.377 1.4 1.4 0 0 1-.373-.047 1.062 1.062 0 0 1-.345-.175 2.268 2.268 0 0 1-.256-.2 6.815 6.815 0 0 1-.29-.29c-.14-.142-.223-.23-.25-.254-.297.28-.445.607-.445.984 0 .36.126.664.377.916l2.778 2.79c.243.243.548.364.917.364.36 0 .665-.118.917-.35l1.982-1.97c.252-.25.378-.55.378-.9zm-9.477-9.504c0-.36-.126-.665-.377-.917l-2.777-2.79a1.235 1.235 0 0 0-.913-.378c-.35 0-.656.12-.917.364L7.967 9.92c-.254.252-.38.553-.38.903 0 .36.126.665.38.917l2.802 2.804c.242.243.547.364.916.364.377 0 .7-.14.97-.418-.026-.027-.11-.11-.255-.25s-.24-.235-.29-.29a2.675 2.675 0 0 1-.2-.255 1.052 1.052 0 0 1-.176-.344 1.396 1.396 0 0 1-.047-.37c0-.36.126-.662.377-.914.252-.252.557-.377.917-.377.136 0 .26.015.37.046.114.03.23.09.346.175.117.085.202.153.256.2.054.05.15.148.29.29.14.146.222.23.25.258.294-.278.442-.606.442-.983zM27 21.177c0 1.078-.382 1.99-1.146 2.736l-1.982 1.968c-.745.75-1.658 1.12-2.736 1.12-1.087 0-2.004-.38-2.75-1.143l-2.777-2.79c-.75-.747-1.12-1.66-1.12-2.737 0-1.106.392-2.046 1.183-2.818l-1.186-1.185c-.774.79-1.708 1.186-2.805 1.186-1.078 0-1.995-.376-2.75-1.13l-2.803-2.81C5.377 12.82 5 11.903 5 10.826c0-1.08.382-1.993 1.146-2.738L8.128 6.12C8.873 5.372 9.785 5 10.864 5c1.087 0 2.004.382 2.75 1.146l2.777 2.79c.75.747 1.12 1.66 1.12 2.737 0 1.105-.392 2.045-1.183 2.817l1.186 1.186c.774-.79 1.708-1.186 2.805-1.186 1.078 0 1.995.377 2.75 1.132l2.804 2.804c.754.755 1.13 1.672 1.13 2.75z\" \/><\/svg><\/span><\/a><a class=\"heateor_sss_more\" aria-label=\"More\" title=\"More\" rel=\"nofollow noopener\" style=\"font-size: 32px!important;border:0;box-shadow:none;display:inline-block!important;font-size:16px;padding:0 4px;vertical-align: middle;display:inline;\" href=\"https:\/\/www.cristoverdad.com\/bg\/juan-los-discipulos-y-el-dia-del-senor\/\" onclick=\"event.preventDefault()\"><span class=\"heateor_sss_svg\" style=\"background-color:#ee8e2d;width:25px;height:25px;border-radius:999px;display:inline-block!important;opacity:1;float:left;font-size:32px!important;box-shadow:none;display:inline-block;font-size:16px;padding:0 4px;vertical-align:middle;display:inline;background-repeat:repeat;overflow:hidden;padding:0;cursor:pointer;box-sizing:content-box;\" onclick=\"heateorSssMoreSharingPopup(this, 'https:\/\/www.cristoverdad.com\/bg\/juan-los-discipulos-y-el-dia-del-senor\/', 'Juan%2C%20lo%20disc%C3%ADpulos%20y%20el%20d%C3%ADa%20del%20Se%C3%B1or', '' )\"><svg viewBox=\"-.3 0 32 32\" version=\"1.1\" width=\"100%\" height=\"100%\" style=\"display:block;border-radius:999px;\" xml:space=\"preserve\" xmlns:xlink=\"http:\/\/www.w3.org\/1999\/xlink\"><g><path fill=\"#fff\" d=\"M18 14V8h-4v6H8v4h6v6h4v-6h6v-4h-6z\" fill-rule=\"evenodd\" \/><\/g><\/svg><\/span><\/a><\/div><div class=\"heateorSssClear\"><\/div><\/div>\n\n\n\n<p>\u2014\u2014\u2014\u2014\u2014\u2014\u2014\u2014\u2014\u2014\u2014- <br>\u00danete a CristoVerdad. Suscr\u00edbete a nuestro nuevo canal de <a class=\"VimeoWhatsApp\" href=\"http:\/\/www.vimeo.com\/cristoverdad\" target=\"_blank\" rel=\"noopener noreferrer\">Vimeo <em><span class=\"VimeoWhatsAppText\">Suscr\u00edbete a Nuestro Canal de Vimeo<\/span><\/em><\/a>. Comparte esta invitaci\u00f3n, y se parte de nuestro grupo de <a class=\"VimeoWhatsApp\" href=\"https:\/\/www.cristoverdad.com\/whatsapp\/\" target=\"_blank\" rel=\"noopener noreferrer\">WhatsApp <em><span class=\"VimeoWhatsAppText\">Suscr\u00edbete a Nuestro Grupo de WhatsApp<\/span><\/em><\/a>. Al suscribirte, no olvides dejarnos tu nombre. Prohibidas las obscenidades. Comparte y se parte de la bendici\u00f3n. <br>\u2014\u2014\u2014\u2014\u2014\u2014\u2014\u2014\u2014\u2014\u2014-<\/p>\n\n\n\n<p><em>Y conocer\u00e9is la verdad\u2026 <\/em><br><em><strong>\u2014CristoVerdad <\/strong><\/em>| <a class=\"VimeoWhatsApp\" href=\"https:\/\/www.cristoverdad.com\" rel=\"noopener\">http:\/www.cristoverdad.com <em><span class=\"VimeoWhatsAppText\">Ir a la p\u00e1gina frontal<\/span><\/em><\/a><\/p>\n\n\n<p class=\"postNOTA\">NOTA: N\u00fameros entre corchetes azules<span style=\"color: #30a4e3;\"> [ ]<\/span> enlazan a Material Suplementario. <br>Las fotos, si las hay, tambi\u00e9n expanden el contenido: videos, noticias, enlaces, etc.<\/p>\n\n\n<p>FUENTES Y ENLACES<\/p>\n\n\n\n<p class=\"postLINKS\"><a class=\"cites\" href=\"https:\/\/www.youtube.com\/watch?v=GqlazospoH4\" target=\"_blank\" rel=\"noreferrer noopener\">[1] \u00bfPORQUE LOS CRISTIANOS NO GUARDAMOS EL S\u00c1BADO? \u2014Armando Alducin y Su Confusi\u00f3n<\/a><\/p>\n\n\n\n<p class=\"postLINKS\"><a class=\"cites\" href=\"http:\/\/www.vatican.va\/archive\/catechism_sp\/p3s2c1a3_sp.html\" target=\"_blank\" rel=\"noreferrer noopener\">[2] El D\u00eda del Se\u00f1or, Art. 2174 Catecismo de La Iglesia Cat\u00f3lica \u2014 Adorando al dios Sol<\/a><\/p>\n\n\n\n<p class=\"postLINKS\"><a class=\"cites\" href=\"https:\/\/www.cristoverdad.com\/docs\/real.pdf\" target=\"_blank\" rel=\"noreferrer noopener\">[3] S\u00e1bado vs. Domingo \u2014 Real Academia de La Lengua Esp\u00f1ola<\/a><\/p>\n\n\n\n<p class=\"postLINKS\"><a class=\"cites\" href=\"https:\/\/www.cristoverdad.com\/docs\/microchip.pdf\" target=\"_blank\" rel=\"noreferrer noopener\">[4] La Marca de La Bestia y El Microchip<\/a><\/p>\n\n\n\n<p class=\"postLINKS\"><a class=\"cites\" href=\"https:\/\/www.cristoverdad.com\/jesus-pablo-y-la-ley\/\" target=\"_blank\" rel=\"noreferrer noopener\">[5] Jes\u00fas \u201cvs.\u201d Pablo y La Ley: Lo Que Pas\u00f3 en La Cruz<\/a><\/p>\n\n\n\n<p class=\"postLINKS\"><a class=\"cites\" href=\"https:\/\/vimeo.com\/278964246\" target=\"_blank\" rel=\"noreferrer noopener\">[6] Las Olimpiadas, EL F\u00daTBOL, Los Deportes y El Nuevo Orden Mundial, PARTE 1 \u2014 \u00bfY Qu\u00e9 Dice La Biblia?<\/a><\/p>\n\n\n\n<p class=\"postLINKS\"><a class=\"cites\" href=\"https:\/\/vimeo.com\/279484471\" target=\"_blank\" rel=\"noreferrer noopener\">[7] Las Olimpiadas, EL F\u00daTBOL, Los Deportes y El Nuevo Orden Mundial, PARTE 2: \u201cAl Pueblo, Pan y Circo\u201d<\/a><\/p>\n\n\n\n<p class=\"postLINKS\"><a class=\"cites\" href=\"https:\/\/vimeo.com\/274019813\" target=\"_blank\" rel=\"noreferrer noopener\">[8] El S\u00e1bado y La L\u00f3gica: El D\u00eda del Se\u00f1or y El \u00c1rbol de La Ciencia<\/a><\/p>\n\n\n\n<p class=\"postLINKS\"><a class=\"cites\" href=\"https:\/\/vimeo.com\/392625646\" target=\"_blank\" rel=\"noopener noreferrer\">[9] S\u00c1BADO o DOMINGO\u00bfCu\u00e1l es el D\u00eda de Reposo? PARTE 1: Roma Se Confiesa [VIDEO 1:15:08, David C. Pack]<\/a><\/p>\n\n\n\n<p class=\"postLINKS\"><a class=\"LEGAL\" href=\"https:\/\/www.cristoverdad.com\/legal-fair-use-uso-justo\/\" target=\"_blank\" rel=\"noopener noreferrer\">[L] Secci\u00f3n Legal, \u201cCopyright disclaimer\u201d sobre derechos de autor y uso justo [ENLACE, CristoVerdad]<\/a><\/p>\n\n\n\n<p>MATERIAL EXTRA<\/p>\n\n\n\n<p class=\"postLINKS\"><a class=\"cites\" href=\"https:\/\/www.cristoverdad.com\/los-judios-la-ley-y-tu\/\" target=\"_blank\" rel=\"noopener noreferrer\">[a] La Ley\uff0cLos Jud\u00edos &amp; T\u00fa [ESTUDIO, CristoVerdad]<\/a><\/p>\n\n\n\n<p class=\"postLINKS\"><a class=\"cites\" href=\"https:\/\/www.cristoverdad.com\/la-ley-vs-la-ley-enfrentando-el-error-parte-1\/\" target=\"_blank\" rel=\"noopener noreferrer\">[b] LA LEY vs. LA LEY, Enfrentando el Error \u2013 Parte 1 [ESTUDIO, CristoVerdad]<\/a><\/p>\n\n\n\n<p class=\"postLINKS\"><a class=\"cites\" href=\"https:\/\/vimeo.com\/273770960\" target=\"_blank\" rel=\"noopener noreferrer\">[c] Diezmo, Dinero de Muerte. \u00bfRobar\u00e1 el Hombre a Dios? [VIDEO 3:22:56 CristoVerdad]<\/a><\/p>\n\n\n\n<p class=\"postLINKS\"><a class=\"cites\" href=\"https:\/\/vimeo.com\/383457471\" target=\"_blank\" rel=\"noopener noreferrer\">[d] Ante el Umbral de La Ley Dominical, Bergoglio Llama a un \u201cHumanismo Global\u201d [VIDEO 2:20:17, CristoVerdad]<\/a><\/p>\n\n\n\n<p class=\"postLINKS\"><a class=\"cites\" href=\"https:\/\/vimeo.com\/274019813\" target=\"_blank\" rel=\"noopener noreferrer\">[e] El S\u00e1bado y La L\u00f3gica: El D\u00eda del Se\u00f1or y el \u00c1rbol de La Ciencia [VIDEO 2:31:11, CristoVerdad]<\/a><\/p>\n\n\n\n<p class=\"postLINKS\"><a class=\"cites\" href=\"https:\/\/vimeo.com\/349553225\" target=\"_blank\" rel=\"noopener noreferrer\">[f] La Bendici\u00f3n Est\u00e1 en el 7 [VIDEO 1:40:17, CristoVerdad]<\/a><\/p>\n\n\n\n<p class=\"postLINKS\"><a class=\"cites\" href=\"https:\/\/www.cristoverdad.com\/jesus-nuestro-reposo\/\" target=\"_blank\" rel=\"noopener noreferrer\">[g] Jes\u00fas, \u201cNuestro Reposo\u201d \u2014 Hebreos 4 y El Gran Error de Los Evang\u00e9licos [ESTUDIO, CristoVerdad]<\/a><\/p>\n\n\n\n<p class=\"postLINKS\"><a class=\"cites\" href=\"https:\/\/www.cristoverdad.com\/7-preguntas-para-dios-sobre-el-sabado\/\" target=\"_blank\" rel=\"noopener noreferrer\">[h] 7 Preguntas Para Dios Sobre El S\u00e1bado [ESTUDIO, CristoVerdad]<\/a><\/p>\n\n\n\n<p class=\"postLINKS\"><a class=\"cites\" href=\"https:\/\/vimeo.com\/273789516\" target=\"_blank\" rel=\"noopener noreferrer\">[i]1 Frente a Frente a La Bestia y La Herida Mortal Que Fue Sanada [VIDEO 1:32:41, CristoVerdad]<\/a><\/p>\n\n\n\n<p class=\"postLINKS\"><a class=\"cites\" href=\"https:\/\/vimeo.com\/278964246\" target=\"_blank\" rel=\"noopener noreferrer\">[j]1 Las Olimpiadas, EL F\u00daTBOL, Los Deportes y El Nuevo Orden Mundial, PARTE 1 \u2014 \u00bfY Qu\u00e9 Dice La Biblia? [VIDEO 2l14:54]<\/a><\/p>\n\n\n\n<p class=\"postLINKS\"><a class=\"cites\" href=\"https:\/\/vimeo.com\/279484471\" target=\"_blank\" rel=\"noopener noreferrer\">[j]2 Las Olimpiadas, EL F\u00daTBOL, Los Deportes y El Nuevo Orden Mundial, PARTE 2: \"Al Pueblo, Pan y Circo\" [VIDEO 3:09:58, CristoVerdad]<\/a><\/p>\n\n\n\n<p>Si alguno de estos enlaces no funciona o est\u00e1 err\u00f3neo, por favor d\u00e9jenos saber para corregirlo. Si desea escribirnos, h\u00e1galo usando el formulario m\u00e1s abajo; su comentario ser\u00e1 publicado. Si desea escribirnos en privado, h\u00e1galo atrav\u00e9s de la secci\u00f3n de informaci\u00f3n, y seleccione contacto. \u00a1Muchas gracias!<\/p>\n\n\n\n<p>\u00a1Que Dios le bendiga!<\/p>\n","protected":false},"excerpt":{"rendered":"<p>\u00bfCu\u00e1l es el d\u00eda del se\u00f1or, seg\u00fan el se\u00f1or?<\/p>","protected":false},"author":259,"featured_media":4279,"comment_status":"open","ping_status":"open","sticky":false,"template":"","format":"standard","meta":{"_et_pb_use_builder":"","_et_pb_old_content":"","_et_gb_content_width":"","footnotes":""},"categories":[26,69],"tags":[1316,99,781,1017,119,1326,1317,118,1324,108,1111,114,112,1318,134,401,663,117],"class_list":["post-4186","post","type-post","status-publish","format-standard","has-post-thumbnail","hentry","category-estudios-biblicos","category-sabado","tag-12-apostoles-2","tag-apocalipsis","tag-cristo","tag-cuarto-mandamiento","tag-dia-de-reposo","tag-dia-sel-senor","tag-discipulos","tag-domingo","tag-exodo-20-2","tag-iglesia-catolica","tag-israel","tag-jehova","tag-jesus","tag-juan","tag-ley-de-dios","tag-los-diez-mandamientos","tag-roma","tag-sabado"],"_links":{"self":[{"href":"https:\/\/www.cristoverdad.com\/bg\/wp-json\/wp\/v2\/posts\/4186","targetHints":{"allow":["GET"]}}],"collection":[{"href":"https:\/\/www.cristoverdad.com\/bg\/wp-json\/wp\/v2\/posts"}],"about":[{"href":"https:\/\/www.cristoverdad.com\/bg\/wp-json\/wp\/v2\/types\/post"}],"author":[{"embeddable":true,"href":"https:\/\/www.cristoverdad.com\/bg\/wp-json\/wp\/v2\/users\/259"}],"replies":[{"embeddable":true,"href":"https:\/\/www.cristoverdad.com\/bg\/wp-json\/wp\/v2\/comments?post=4186"}],"version-history":[{"count":0,"href":"https:\/\/www.cristoverdad.com\/bg\/wp-json\/wp\/v2\/posts\/4186\/revisions"}],"wp:featuredmedia":[{"embeddable":true,"href":"https:\/\/www.cristoverdad.com\/bg\/wp-json\/wp\/v2\/media\/4279"}],"wp:attachment":[{"href":"https:\/\/www.cristoverdad.com\/bg\/wp-json\/wp\/v2\/media?parent=4186"}],"wp:term":[{"taxonomy":"category","embeddable":true,"href":"https:\/\/www.cristoverdad.com\/bg\/wp-json\/wp\/v2\/categories?post=4186"},{"taxonomy":"post_tag","embeddable":true,"href":"https:\/\/www.cristoverdad.com\/bg\/wp-json\/wp\/v2\/tags?post=4186"}],"curies":[{"name":"wp","href":"https:\/\/api.w.org\/{rel}","templated":true}]}}