{"id":1925,"date":"2017-06-16T18:24:42","date_gmt":"2017-06-16T18:24:42","guid":{"rendered":"https:\/\/www.cristoverdad.com\/?p=1925"},"modified":"2018-09-28T07:49:00","modified_gmt":"2018-09-28T07:49:00","slug":"continua-la-rebelion-de-la-iglesia-adventista-y-la-ordenacion-de-la-mujer","status":"publish","type":"post","link":"https:\/\/www.cristoverdad.com\/ary\/continua-la-rebelion-de-la-iglesia-adventista-y-la-ordenacion-de-la-mujer\/","title":{"rendered":"Contin\u00faa La Rebeli\u00f3n de La Ordenaci\u00f3n de La Mujer"},"content":{"rendered":"<p><strong>Noticia<\/strong>: Dos Pastoras Adventistas Marcan Una Diferencia en Cuba<\/p>\n<p><a href=\"https:\/\/news.adventist.org\/es\/todas-las-noticias\/noticias\/go\/2015-09-27\/dos-pastoras-adventistas-marcan-una-diferencia-en-cuba\/\" target=\"_blank\" rel=\"noopener\">https:\/\/news.adventist.org\/es\/todas-las-noticias\/noticias\/go\/2015-09-27\/dos-pastoras-adventistas-marcan-una-diferencia-en-cuba\/<\/a><\/p>\n<p><strong>CONTIN\u00daA LA REBELI\u00d3N&#8230;<\/strong><\/p>\n<p>Si Dios dijo no, ES NO. Si Dios dijo no matar\u00e1s es no matar\u00e1s.<\/p>\n<p>Si Dios dijo Ad\u00e1n y Eva, es porque no fue Ad\u00e1n\u00a0 y Esteban. \u00a1<strong>Pero la Iglesia Adventista dice Ad\u00e1n y Esteban!<\/strong><\/p>\n<div class=\"postHover\"><a href=\"#\"><!--more continuar \u00bb\u00bb --> <\/a><\/div>\n<p>Y como La Iglesia Adventista dijo Ad\u00e1n y Esteban, as\u00ed que ahora entendemos que fue Ad\u00e1n y Esteban, y ni siquiera imaginar que fue Ad\u00e1n y Eva. As\u00ed que Dios\u2014obviamente, se equivoc\u00f3:<\/p>\n<p>JONATHAN HENDERSON (Pacif Union College) El Verdadero Pecado de Sodoma: <a href=\"https:\/\/youtu.be\/8fW3FHFWj7g\" target=\"_blank\" rel=\"noopener\">https:\/\/youtu.be\/8fW3FHFWj7g<\/a><\/p>\n<p>Video completo\u00a0 (En Ingl\u00e9s):<\/p>\n<p>ADAM AND STEVE (Ad\u00e1n y Esteban) <a href=\"https:\/\/youtu.be\/asqUWRhcjlc\" target=\"_blank\" rel=\"noopener\">https:\/\/youtu.be\/asqUWRhcjlc<\/a><\/p>\n<p>\"Recibamos a los homosexuales\" <a href=\"https:\/\/youtu.be\/fAT6P4GB-do\" target=\"_blank\" rel=\"noopener\">https:\/\/youtu.be\/fAT6P4GB-do<\/a><\/p>\n<p>Video Completo\u00a0 (En Ingl\u00e9s)<\/p>\n<p>Coming Out, Coming In (Saliendo del Closet y Entrando\u00a0a La\u00a0Iglesia Adventista) <a href=\"https:\/\/youtu.be\/5gNWUxZZgWU\" target=\"_blank\" rel=\"noopener\">https:\/\/youtu.be\/5gNWUxZZgWU<\/a><\/p>\n<p>\u2014\u2014\u2014\u2014\u2014\u2014\u2014\u2014\u2014\u2014\u2014-<br \/>\n\u0627\u0646\u0636\u0645 \u0625\u0644\u0649 \u0643\u0631\u064a\u0633\u062a\u0648\u0641\u0631\u062f\u0627\u062f. \u0627\u0634\u062a\u0631\u0643 \u0641\u064a \u0642\u0646\u0627\u062a\u0646\u0627 \u0627\u0644\u062c\u062f\u064a\u062f\u0629 <a href=\"http:\/\/www.vimeo.com\/cristoverdad\" target=\"_blank\" rel=\"noopener\">\u0641\u064a\u0645\u064a\u0648<\/a>. \u0634\u0627\u0631\u0643 \u0647\u0630\u0647 \u0627\u0644\u062f\u0639\u0648\u0629 \u0648\u0643\u0646 \u062c\u0632\u0621\u0627 \u0645\u0646 \u0645\u062c\u0645\u0648\u0639\u062a\u0646\u0627 <a href=\"https:\/\/www.cristoverdad.com\/ary\/whatsapp\/\" target=\"_blank\" rel=\"noopener\">\u0648\u0627\u062a\u0633\u0627\u0628<\/a>. \u0639\u0646\u062f \u0627\u0644\u0627\u0634\u062a\u0631\u0627\u0643 \u0644\u0627 \u062a\u0646\u0633\u0649 \u0623\u0646 \u062a\u062a\u0631\u0643 \u0644\u0646\u0627 \u0627\u0633\u0645\u0643. \u0627\u0644\u0628\u0630\u0627\u0621\u0627\u062a \u0645\u062d\u0638\u0648\u0631\u0629. \u0634\u0627\u0631\u0643 \u0648\u0643\u0646 \u062c\u0632\u0621\u0627 \u0645\u0646 \u0627\u0644\u0646\u0639\u0645\u0629.<br \/>\n\u2014\u2014\u2014\u2014\u2014\u2014\u2014\u2014\u2014\u2014\u2014-<\/p>\n<p><em>\u0648\u0633\u062a\u0639\u0631\u0641 \u0627\u0644\u062d\u0642\u064a\u0642\u0629..<\/em><br \/>\n<em><strong>-\u0643\u0631\u064a\u0633\u062a \u0627\u0644\u062d\u0642\u064a\u0642\u0629<\/strong> <\/em><a href=\"https:\/\/www.cristoverdad.com\/ary\/\" target=\"_blank\" rel=\"noopener\"><em>https:\/\/www.cristoverdad.com<\/em><\/a><\/p>","protected":false},"excerpt":{"rendered":"<p>Noticia: Dos Pastoras Adventistas Marcan Una Diferencia en Cuba https:\/\/news.adventist.org\/es\/todas-las-noticias\/noticias\/go\/2015-09-27\/dos-pastoras-adventistas-marcan-una-diferencia-en-cuba\/ CONTIN\u00daA LA REBELI\u00d3N&#8230; Si Dios dijo no, ES NO. Si Dios dijo no matar\u00e1s es no matar\u00e1s. Si Dios dijo Ad\u00e1n y Eva, es porque no fue Ad\u00e1n\u00a0 y Esteban. \u00a1Pero la Iglesia Adventista dice Ad\u00e1n y Esteban!<\/p>","protected":false},"author":259,"featured_media":2068,"comment_status":"open","ping_status":"open","sticky":false,"template":"","format":"standard","meta":{"_et_pb_use_builder":"","_et_pb_old_content":"","_et_gb_content_width":"","footnotes":""},"categories":[1],"tags":[],"class_list":["post-1925","post","type-post","status-publish","format-standard","has-post-thumbnail","hentry","category-articulos"],"_links":{"self":[{"href":"https:\/\/www.cristoverdad.com\/ary\/wp-json\/wp\/v2\/posts\/1925","targetHints":{"allow":["GET"]}}],"collection":[{"href":"https:\/\/www.cristoverdad.com\/ary\/wp-json\/wp\/v2\/posts"}],"about":[{"href":"https:\/\/www.cristoverdad.com\/ary\/wp-json\/wp\/v2\/types\/post"}],"author":[{"embeddable":true,"href":"https:\/\/www.cristoverdad.com\/ary\/wp-json\/wp\/v2\/users\/259"}],"replies":[{"embeddable":true,"href":"https:\/\/www.cristoverdad.com\/ary\/wp-json\/wp\/v2\/comments?post=1925"}],"version-history":[{"count":0,"href":"https:\/\/www.cristoverdad.com\/ary\/wp-json\/wp\/v2\/posts\/1925\/revisions"}],"wp:featuredmedia":[{"embeddable":true,"href":"https:\/\/www.cristoverdad.com\/ary\/wp-json\/wp\/v2\/media\/2068"}],"wp:attachment":[{"href":"https:\/\/www.cristoverdad.com\/ary\/wp-json\/wp\/v2\/media?parent=1925"}],"wp:term":[{"taxonomy":"category","embeddable":true,"href":"https:\/\/www.cristoverdad.com\/ary\/wp-json\/wp\/v2\/categories?post=1925"},{"taxonomy":"post_tag","embeddable":true,"href":"https:\/\/www.cristoverdad.com\/ary\/wp-json\/wp\/v2\/tags?post=1925"}],"curies":[{"name":"wp","href":"https:\/\/api.w.org\/{rel}","templated":true}]}}