{"id":1925,"date":"2017-06-16T18:24:42","date_gmt":"2017-06-16T18:24:42","guid":{"rendered":"https:\/\/www.cristoverdad.com\/?p=1925"},"modified":"2018-09-28T07:49:00","modified_gmt":"2018-09-28T07:49:00","slug":"continua-la-rebelion-de-la-iglesia-adventista-y-la-ordenacion-de-la-mujer","status":"publish","type":"post","link":"https:\/\/www.cristoverdad.com\/am\/continua-la-rebelion-de-la-iglesia-adventista-y-la-ordenacion-de-la-mujer\/","title":{"rendered":"Contin\u00faa La Rebeli\u00f3n de La Ordenaci\u00f3n de La Mujer"},"content":{"rendered":"<p><strong>Noticia<\/strong>: Dos Pastoras Adventistas Marcan Una Diferencia en Cuba<\/p>\n<p><a href=\"https:\/\/news.adventist.org\/es\/todas-las-noticias\/noticias\/go\/2015-09-27\/dos-pastoras-adventistas-marcan-una-diferencia-en-cuba\/\" target=\"_blank\" rel=\"noopener\">https:\/\/news.adventist.org\/es\/todas-las-noticias\/noticias\/go\/2015-09-27\/dos-pastoras-adventistas-marcan-una-diferencia-en-cuba\/<\/a><\/p>\n<p><strong>CONTIN\u00daA LA REBELI\u00d3N&#8230;<\/strong><\/p>\n<p>Si Dios dijo no, ES NO. Si Dios dijo no matar\u00e1s es no matar\u00e1s.<\/p>\n<p>Si Dios dijo Ad\u00e1n y Eva, es porque no fue Ad\u00e1n\u00a0 y Esteban. \u00a1<strong>Pero la Iglesia Adventista dice Ad\u00e1n y Esteban!<\/strong><\/p>\n<div class=\"postHover\"><a href=\"#\"><!--more continuar \u00bb\u00bb --> <\/a><\/div>\n<p>Y como La Iglesia Adventista dijo Ad\u00e1n y Esteban, as\u00ed que ahora entendemos que fue Ad\u00e1n y Esteban, y ni siquiera imaginar que fue Ad\u00e1n y Eva. As\u00ed que Dios\u2014obviamente, se equivoc\u00f3:<\/p>\n<p>JONATHAN HENDERSON (Pacif Union College) El Verdadero Pecado de Sodoma: <a href=\"https:\/\/youtu.be\/8fW3FHFWj7g\" target=\"_blank\" rel=\"noopener\">https:\/\/youtu.be\/8fW3FHFWj7g<\/a><\/p>\n<p>Video completo\u00a0 (En Ingl\u00e9s):<\/p>\n<p>ADAM AND STEVE (Ad\u00e1n y Esteban) <a href=\"https:\/\/youtu.be\/asqUWRhcjlc\" target=\"_blank\" rel=\"noopener\">https:\/\/youtu.be\/asqUWRhcjlc<\/a><\/p>\n<p>\"Recibamos a los homosexuales\" <a href=\"https:\/\/youtu.be\/fAT6P4GB-do\" target=\"_blank\" rel=\"noopener\">https:\/\/youtu.be\/fAT6P4GB-do<\/a><\/p>\n<p>Video Completo\u00a0 (En Ingl\u00e9s)<\/p>\n<p>Coming Out, Coming In (Saliendo del Closet y Entrando\u00a0a La\u00a0Iglesia Adventista) <a href=\"https:\/\/youtu.be\/5gNWUxZZgWU\" target=\"_blank\" rel=\"noopener\">https:\/\/youtu.be\/5gNWUxZZgWU<\/a><\/p>\n<p>\u2014\u2014\u2014\u2014\u2014\u2014\u2014\u2014\u2014\u2014\u2014-<br \/>\n\u12ad\u122a\u1235\u1276\u1268\u122d\u12f3\u12f5\u1295 \u12ed\u1240\u120b\u1240\u1209\u1362 \u12a0\u12f2\u1231\u1295 \u127b\u1293\u120b\u127d\u1295\u1295 \u1230\u1265\u1235\u12ad\u122b\u12ed\u1265 \u12eb\u12f5\u122d\u1309 <a href=\"http:\/\/www.vimeo.com\/cristoverdad\" target=\"_blank\" rel=\"noopener\">Vimeo<\/a>. \u12ed\u1205\u1295\u1295 \u130d\u1265\u12e3 \u12eb\u12ab\u134d\u1209 \u12a5\u1293 \u12e8\u1261\u12f5\u1293\u127d\u1295 \u12a0\u12ab\u120d \u12ed\u1201\u1291 <a href=\"https:\/\/www.cristoverdad.com\/am\/whatsapp\/\" target=\"_blank\" rel=\"noopener\">WhatsApp<\/a>. \u1230\u1265\u1235\u12ad\u122b\u12ed\u1265 \u1232\u12eb\u12f0\u122d\u1309 \u1235\u121d\u12ce\u1295 \u1218\u1270\u12cd \u12a0\u12ed\u122d\u1231\u1362 \u1338\u12eb\u134d \u12f5\u122d\u130a\u1276\u127d \u12e8\u1270\u12a8\u1208\u12a8\u1209 \u1293\u1278\u12cd. \u123c\u122d \u1260\u121b\u12f5\u1228\u130d \u12e8\u1260\u1228\u12a8\u1271 \u1270\u12ab\u134b\u12ed \u12ed\u1201\u1291\u1362<br \/>\n\u2014\u2014\u2014\u2014\u2014\u2014\u2014\u2014\u2014\u2014\u2014-<\/p>\n<p><em>\u12a5\u1293 \u12a5\u12cd\u1290\u1271\u1295 \u1273\u12cd\u1243\u1208\u1205 ...<\/em><br \/>\n<em><strong>-\u12ad\u122d\u1235\u1276\u1235 \u1275\u1229\u12dd<\/strong> <\/em><a href=\"https:\/\/www.cristoverdad.com\/am\/\" target=\"_blank\" rel=\"noopener\"><em>https:\/\/www.cristoverdad.com<\/em><\/a><\/p>","protected":false},"excerpt":{"rendered":"<p>Noticia: Dos Pastoras Adventistas Marcan Una Diferencia en Cuba https:\/\/news.adventist.org\/es\/todas-las-noticias\/noticias\/go\/2015-09-27\/dos-pastoras-adventistas-marcan-una-diferencia-en-cuba\/ CONTIN\u00daA LA REBELI\u00d3N&#8230; Si Dios dijo no, ES NO. Si Dios dijo no matar\u00e1s es no matar\u00e1s. Si Dios dijo Ad\u00e1n y Eva, es porque no fue Ad\u00e1n\u00a0 y Esteban. \u00a1Pero la Iglesia Adventista dice Ad\u00e1n y Esteban!<\/p>","protected":false},"author":259,"featured_media":2068,"comment_status":"open","ping_status":"open","sticky":false,"template":"","format":"standard","meta":{"_et_pb_use_builder":"","_et_pb_old_content":"","_et_gb_content_width":"","footnotes":""},"categories":[1],"tags":[],"class_list":["post-1925","post","type-post","status-publish","format-standard","has-post-thumbnail","hentry","category-articulos"],"_links":{"self":[{"href":"https:\/\/www.cristoverdad.com\/am\/wp-json\/wp\/v2\/posts\/1925","targetHints":{"allow":["GET"]}}],"collection":[{"href":"https:\/\/www.cristoverdad.com\/am\/wp-json\/wp\/v2\/posts"}],"about":[{"href":"https:\/\/www.cristoverdad.com\/am\/wp-json\/wp\/v2\/types\/post"}],"author":[{"embeddable":true,"href":"https:\/\/www.cristoverdad.com\/am\/wp-json\/wp\/v2\/users\/259"}],"replies":[{"embeddable":true,"href":"https:\/\/www.cristoverdad.com\/am\/wp-json\/wp\/v2\/comments?post=1925"}],"version-history":[{"count":0,"href":"https:\/\/www.cristoverdad.com\/am\/wp-json\/wp\/v2\/posts\/1925\/revisions"}],"wp:featuredmedia":[{"embeddable":true,"href":"https:\/\/www.cristoverdad.com\/am\/wp-json\/wp\/v2\/media\/2068"}],"wp:attachment":[{"href":"https:\/\/www.cristoverdad.com\/am\/wp-json\/wp\/v2\/media?parent=1925"}],"wp:term":[{"taxonomy":"category","embeddable":true,"href":"https:\/\/www.cristoverdad.com\/am\/wp-json\/wp\/v2\/categories?post=1925"},{"taxonomy":"post_tag","embeddable":true,"href":"https:\/\/www.cristoverdad.com\/am\/wp-json\/wp\/v2\/tags?post=1925"}],"curies":[{"name":"wp","href":"https:\/\/api.w.org\/{rel}","templated":true}]}}