{"id":14248,"date":"2019-09-20T18:30:58","date_gmt":"2019-09-20T22:30:58","guid":{"rendered":"https:\/\/www.cristoverdad.com\/?p=14248"},"modified":"2019-10-22T20:11:59","modified_gmt":"2019-10-23T00:11:59","slug":"la-ley-vs-la-ley-enfrentando-el-error-parte-1","status":"publish","type":"post","link":"https:\/\/www.cristoverdad.com\/am\/la-ley-vs-la-ley-enfrentando-el-error-parte-1\/","title":{"rendered":"LA LEY vs. LA LEY, Enfrentando el Error \u2013 Parte 1"},"content":{"rendered":"<p><em><span style=\"color: #4d617a; font-family: courier new, courier, monospace;\"><span id=\"es-RVA-18757\" class=\"text Isa-56-3\"><span style=\"font-size: 10px;\"><sup class=\"versenum\">3<\/sup><\/span>Y \"el hijo del EXTRANJERO, allegado \u00e1 Jehov\u00e1, no hable diciendo: Apartar\u00e1me totalmente Jehov\u00e1 de su pueblo. Ni diga el eunuco: He aqu\u00ed yo soy \u00e1rbol seco.<\/span> \u2014ISA\u00cdAS 56:3<\/span><\/em><\/p>\n<div class=\"postHover\"><a href=\"#\"><!--more continuar \u00bb\u00bb --> <\/a><\/div>\n<span class=\"su-label su-label-type-info\">LEY<\/span><span class=\"su-label su-label-type-info\">DEBATE<\/span><span class=\"su-label su-label-type-info\">ESTUDIO<\/span> PARTE [1] <a class=\"tooltip\" href=\"https:\/\/www.cristoverdad.com\/la-ley-vs-la-ley-enfrentando-el-error-parte-2\" rel=\"noopener noreferrer\">[2]<span class=\"tooltiptext\">LA LEY y LA LEY, Enfrentando La Ineptitud Evang\u00e9lica, Parte 2 [ESTUDIO, CristoVerdad]<\/span><\/a> <a class=\"tooltip\" href=\"https:\/\/www.cristoverdad.com\/la-ley-vs-la-ley-enfrentando-el-error-parte-3\" rel=\"noopener noreferrer\">[3]<span class=\"tooltiptext\">LA LEY y LA LEY, Enfrentando La Ineptitud Evang\u00e9lica, Parte 3 [ESTUDIO, CristoVerdad]<\/span><\/a>\n<p>El siguiente estudio es basado en un debate que tuve en grupo de WhatsApp llamaddo Debates B\u00edblicos WhatsApp. La conversaci\u00f3n est\u00e1 intacta, salvo correci\u00f3n de faltas ortogr\u00e1ficas (cuando se pierde en sentido de lo que se dice) y algunas adiciones\u2014notadas como edici\u00f3n, que he agregado al momento de convertir esa conversaci\u00f3n en este estudio.<\/p>\n<p><span style=\"color: #5a7e9e;\">[5:43 PM, 9\/17\/2019] Jos\u00e9 Luis Javier<\/span> <br>\nPregunta abierta para \"maestros\", estudiantes, aprendices, curiosos y sabelotodo:<\/p>\n<p>\u00bfPara qui\u00e9n fue dada la ley, y\u2014en lo particular, el d\u00eda de reposo?<\/p>\n<p>\u00bfA qu\u00e9 pueblo (o pueblos) llam\u00f3 Dios exclusivamente a observar su Ley? \u00bfY est\u00e1 esa ley vigente, y por qu\u00e9?<\/p>\n<p><span style=\"color: #63a863;\">[5:50 PM, 9\/17\/2019] Alex (Evang\u00e9lico)<\/span><br>\nLos israelitas<\/p>\n<p><span style=\"color: #5a7e9e;\">[5:51 PM, 9\/17\/2019] Jos\u00e9 Luis Javier<\/span> <br>\nDeme base B\u00edblica. Siempre debemos documentar b\u00edblicamente lo que exponemos, a\u00fan cuan simple sea para no dar ocasi\u00f3n al diablo.<\/p>\n<p>\u00c9xo. 31:16, 17: \u201cLos hijos de Israel tienen que guardar el s\u00e1bado, para llevar a cabo el s\u00e1bado durante sus generaciones. Es un pacto hasta tiempo indefinido [\u201cpacto perpetuo\u201d, VV (1977)].<\/p>\n<p><span style=\"color: #5a7e9e;\">[6:09 PM, 9\/17\/2019] Jos\u00e9 Luis Javier<\/span><br>\nOk, muy bien. Me surge una pregunta&#8230;<\/p>\n<p>Ya que la ley de los diez mandamientos \"fue dada solo para los Israelitas\", \u00bfQuiere esto decir que \"honra a tu PADRE y a tu MADRE\" (5to) no nos aplica a nosotros?<\/p>\n<p>Este mandamiento (5to) lleva el principio del matrimonio de var\u00f3n y hembra. As\u00ed que si esto fue solo para los Israelitas, <strong>\u00bfPor qu\u00e9 Dios destruy\u00f3 a Sodoma y a Gomorra?<\/strong> \u00bfPor qu\u00e9 El\u00edas mat\u00f3 los 850 Profetas de Baal y Asera, si <strong><em>\"no tendr\u00e1s dioses ajenos\"<\/em> <\/strong>(1er) no fue dado para ellos?<\/p>\n<p><strong>\u00bfPuede Dios castigarme por algo que \u00e9l no me proh\u00edbe hacer?<\/strong><\/p>\n<p><span style=\"color: #63a863;\">[6:11 PM, 9\/17\/2019] Alex (Evang\u00e9lico)<\/span> <br>\nLa ley fue Dada la naci\u00f3n de Israel notas que ellos asta el d\u00eda de hoy la guardan ?<\/p>\n<p><span style=\"color: #5a7e9e;\">[6:11 PM, 9\/17\/2019] Jos\u00e9 Luis Javier<\/span> <br>\nNo le estoy preguntando a ellos, [te estoy preguntando a t\u00ed]. Pero, en lo que a Dios se refiere, \u00bfpuede Dios castigarme por algo que \u00e9l no me proh\u00edbe hacer?<\/p>\n<p>Hermano, \u00bfEs usted jud\u00edo?<\/p>\n<p><span style=\"color: #63a863;\">[6:12 PM, 9\/17\/2019] Alex (Evang\u00e9lico)<\/span> <br>\nComo epxpilcate bien<\/p>\n<p>No, <strong>yo soy mexicano<\/strong><\/p>\n<p><span style=\"color: #63a863;\">[6:14 PM, 9\/17\/2019] Alex (Evang\u00e9lico)<\/span> <br>\nEntonces me est\u00e1s dando a entender que la ley ya estaba vigente desde Ad\u00e1n ?<\/p>\n<p><span style=\"color: #5a7e9e;\">[6:14 PM, 9\/17\/2019] Jos\u00e9 Luis Javier<\/span><br>\nBueno, usted me dijo que la ley Dios la di\u00f3 solo a los Israelitas. Y hay un mandamiento que dice \"no matar\u00e1s\". Y como yo no nac\u00ed en Israel, me imagino que eso no fue para m\u00ed, y yo puedo salir y matar gente, pu\u00e9s\u2014despu\u00e9s de todo, a mi no se me di\u00f3 la ley que proh\u00edbe matar [o robar, adulterar, mentir, codiciar, Etc.. Etc., Etc.].<\/p>\n<p><strong>\u00bfEst\u00e1 usted afirmando eso?<\/strong><\/p>\n<p><span style=\"color: #63a863;\">[6:15 PM, 9\/17\/2019] Alex (Evang\u00e9lico)<\/span><br>\n<span class=\"su-highlight\" style=\"background:#fff621;color:#1b6d96\">&nbsp;Una ignorancia la ley nos ense\u00f1\u00f3 lo que es pecado, correcto&nbsp;<\/span>\n<\/p><p><strong><span style=\"color: #5a7e9e;\">[EDICI\u00d3N] <\/span><\/strong><span style=\"color: #5a7e9e;\">Jos\u00e9 Luis Javier<\/span><strong><br>\n<\/strong>Note, que Alex, en efecto, nos da el verdadero prop\u00f3sito de la ley. Bueno, en realidad la ley nos muestra el car\u00e1cter de Dios <em>(N\u00daM. 15:37-41, 1 PED. 1:16),<\/em> que indirectamente es lo mismo, pu\u00e9s Dios es quien define lo que es bueno y lo que es malo, y la ley es la herramienta mediante la cu\u00e1l \u00e9l nos deja ver eso. Y si la ley nos ense\u00f1a que es lo correcto, <strong>\u00bfacaso ya no necesitamos de la ley para nosotros saber hacer lo correcto y desechar el pecado&#8230; es decir, para obedecer la voluntad de Dios?<\/strong><\/p>\n<p><span style=\"color: #63a863;\">[6:16 PM, 9\/17\/2019] Alex (Evang\u00e9lico)<\/span><br>\nEstoy preguntando ve este signo ?????<\/p>\n<p><span style=\"color: #5a7e9e;\">[6:16 PM, 9\/17\/2019] Jos\u00e9 Luis Javier<\/span><br>\nPero usted dijo que eso es s\u00f3lo para los israelitas.<\/p>\n<p><strong>\u00bfY qu\u00e9 es el pecado?<\/strong><\/p>\n<p><span style=\"color: #63a863;\">[6:16 PM, 9\/17\/2019] Alex (Evang\u00e9lico)<\/span><br>\nYo te hice la pregunta si usted cree que la ley ya se le av\u00eda dado Ad\u00e1n ?<br>\n[Pecado] Violaci\u00f3n de la ley obviamente<br>\nEntonces le ago una pregunta <span style=\"color: #ff0000;\">el adulterio es pecado ?<\/span><\/p>\n<p><span style=\"color: #5a7e9e;\">[6:17 PM, 9\/17\/2019] Jos\u00e9 Luis Javier<\/span><br>\nNo, no lo creo. Pues no es mi creencia lo que define la verdad. No lo creo, Dios lo dice, y yo le creo a Dios.<br>\nPor supuesto [que el adulterio es pecado].<\/p>\n<p><span style=\"color: #63a863;\">[6:18 PM, 9\/17\/2019] Alex (Evang\u00e9lico)<\/span><br>\nCorrecto entonces ya estaba la ley desde Ad\u00e1n<\/p>\n<p><span style=\"color: #5a7e9e;\">[6:18 PM, 9\/17\/2019] Jos\u00e9 Luis Javier<\/span><br>\nPablo lo dijo que \"d\u00f3nde no hay ley no se imputa Pecado\". <em>(ROM. 5:13)<\/em><\/p>\n<p><span style=\"color: #63a863;\">[6:18 PM, 9\/17\/2019] Alex (Evang\u00e9lico)<\/span><br>\nOk perfecto<\/p>\n<p><span style=\"color: #5a7e9e;\">[6:18 PM, 9\/17\/2019] Jos\u00e9 Luis Javier<\/span><br>\nAs\u00ed, que si no hay [ley] tampoco puede haber pecado.<\/p>\n<p><span style=\"color: #63a863;\">[6:18 PM, 9\/17\/2019] Alex (Evang\u00e9lico)<\/span><br>\nClaro correcto. <br>\nEntonces usted afirma que la ley ya estaba desde Ad\u00e1n contest\u00e9?<\/p>\n<p><span style=\"color: #5a7e9e;\">[6:19 PM, 9\/17\/2019] Jos\u00e9 Luis Javier<\/span><br>\nAd\u00e1n viol\u00f3 la ley. La Biblia lo dice.<\/p>\n<p><span style=\"color: #63a863;\">[6:20 PM, 9\/17\/2019] Alex (Evang\u00e9lico)<\/span><br>\nOk y abran tambi\u00e9n la viol\u00f3 ?<\/p>\n<p>El padre de la fe<\/p>\n<p><span style=\"color: #5a7e9e;\">[6:20 PM, 9\/17\/2019] Jos\u00e9 Luis Javier<\/span><br>\nAbraham la guard\u00f3. (<em>G\u00c9N. 26:5)<\/em><\/p>\n<p><span style=\"color: #63a863;\">[6:21 PM, 9\/17\/2019] Alex (Evang\u00e9lico)<\/span><br>\nPero abran tubo 2 mujeres<\/p>\n<p><span style=\"color: #5a7e9e;\">[6:21 PM, 9\/17\/2019] Jos\u00e9 Luis Javier<\/span><br>\n<span style=\"color: #4d617a;\"><em><span style=\"font-family: courier new, courier, monospace;\">[7] Mas ellos,<span class=\"su-highlight\" style=\"background:#fff621;color:#1b6d96\">&nbsp;cual Ad\u00e1n, traspasaron el pacto;&nbsp;<\/span> all\u00ed prevaricaron contra m\u00ed. \u2014OSEAS 6:7<\/span><\/em><\/span><\/p>\n<p><span style=\"color: #5a7e9e;\">[6:21 PM, 9\/17\/2019] Jos\u00e9 Luis Javier<\/span> <br>\nEn efecto [Abraham tuvo dos mujeres].<\/p>\n<p><span style=\"color: #63a863;\">[6:21 PM, 9\/17\/2019] Alex (Evang\u00e9lico)<\/span><br>\nEs decir cometi\u00f3 adulterio uno de los diez mandamientos<\/p>\n<p><span style=\"color: #5a7e9e;\"><strong>Entonces por qu\u00e9 no se conden\u00f3 ?<\/strong><\/span><\/p>\n<p><span style=\"color: #5a7e9e;\">[6:22 PM, 9\/17\/2019] Jos\u00e9 Luis Javier<\/span><br>\n\u00bfSabe usted lo qu\u00e9 es el arrepentimiento?<\/p>\n<p><span style=\"color: #5a7e9e;\"><strong>[EDICI\u00d3N] <\/strong>Jos\u00e9 Luis Javier<\/span><br>\n\u00bfY qui\u00e9n te dijo que Abraham no pag\u00f3 por sus errores\u2026 Alguna vez has escucado hablar del conflicto Israel-Palestina? \u00bfQu\u00e9 pas\u00f3 entre Sarah, Agar e Imsael?<\/p>\n<p><span style=\"color: #63a863;\">[6:22 PM, 9\/17\/2019] Alex (Evang\u00e9lico)<\/span><br>\nEntonces se deja ver que no era una ley explicita asta 1513 a\u00f1os despu\u00e9s correcto ?<\/p>\n<p>Abran se arrepinti\u00f3?<\/p>\n<p><span style=\"color: #5a7e9e;\">[6:23 PM, 9\/17\/2019] Jos\u00e9 Luis Javier<\/span><br>\nNo entiendo. Elabore.<\/p>\n<p><strong>\u00bfPor qu\u00e9 es Abraham el padre de la fe?<\/strong><\/p>\n<p><span style=\"color: #63a863;\">[6:24 PM, 9\/17\/2019] Alex (Evang\u00e9lico)<\/span><br>\nPues que la ley Jehov\u00e1 o Yav\u00e9 se la di\u00f3 a un pueblo llamado Israel las leyes los diez mandamientos<br>\nSi pero donde dice la biblia que se arrepinti\u00f3<br>\n<span style=\"color: #ff0000;\">\u00c9l no tubo nada de que arrepentirse<\/span><\/p>\n<p><span style=\"color: #5a7e9e;\">[6:25 PM, 9\/17\/2019] Jos\u00e9 Luis Javier<\/span><br>\n<strong>\u00bfD\u00f3nde dice que no se arrepinti\u00f3?<\/strong> La Biblia dice que \u00e9l guard\u00f3 la ley, y si la guard\u00f3, es por qu\u00e9 la guard\u00f3, \u00bfNo?<\/p>\n<p><span style=\"color: #5a7e9e;\"><strong>[EDICI\u00d3N]<\/strong> Jos\u00e9 Luis Javier<\/span><strong><br>\n<\/strong>Dios dijo que el hombre habr\u00eda de tener una sola mujer<em> (G\u00c9N. 2:24)<\/em><strong><em>.<\/em> <\/strong>Sin embargo, el pecado distorsion\u00f3 el plan original de Dios. No hay un solo relato B\u00edblico donde un hombre que le serv\u00eda a Dios y que haya tenido multiples mujeres a la vez, no haya tenido problemas. Abraham cedi\u00f3 al ruego de su mujer <em>(G\u00c9N. 24:12)<\/em><strong>. <\/strong>Sin embargo, tanto Abraham como Jacob, David, Salom\u00f3\u2014y otros, enfrentaron las consecuencias de esta acci\u00f3n. No vemos que as\u00ed fue el caso de ISAAC, quien tuvo una sola mujer. En ocasiones, Dios ejectua una disciplina directamente \u00e9l mismo, y en otras deja que el hombre asuma la consecuencia de sus actos (David). Eso lo vemos por toda la Biblia<strong>.<\/strong><\/p>\n<p>\u00bfPidi\u00f3&nbsp; Israel un rey a Samuel? \u00bfDej\u00f3 Dios que Israel pidiera rey? \u00bfLo permiti\u00f3 Dios?<strong> \u00bfLo aprov\u00f3 Dios?<\/strong> \u00bfCastig\u00f3 Dios directamente a Israel por rechazarlo a \u00e9l pidiendo rey, o dej\u00f3 Dios que Israel pagara caro con sus propios actos? <strong>\u00bfPag\u00f3 Israel caro por pedir Rey?<\/strong><\/p>\n<p>Sin embargo,<strong> \u00bfguard\u00f3 Abrahm la ley?<\/strong><\/p>\n<p><em><span style=\"font-family: courier new, courier, monospace; color: #4d617a;\"><span id=\"es-RVA-442\" class=\"text Gen-18-17\"><span style=\"font-size: 10px;\"><sup class=\"versenum\">17<\/sup><\/span>Y Jehov\u00e1 dijo: \u00bfEncubrir\u00e9 yo \u00e1 Abraham lo que voy \u00e1 hacer,<br>\n<\/span><span id=\"es-RVA-443\" class=\"text Gen-18-18\"><span style=\"font-size: 10px;\"><sup class=\"versenum\">18<\/sup><\/span>Habiendo de ser Abraham en una naci\u00f3n grande y fuerte, y habiendo de ser benditas en \u00e9l todas las gentes de la tierra?<br>\n<\/span><\/span><\/em><span id=\"es-RVA-444\" class=\"text Gen-18-19\"><em><span style=\"font-family: courier new, courier, monospace;\"><span style=\"color: #4d617a;\"><span style=\"font-size: 10px;\"><sup class=\"versenum\">19<\/sup><\/span>Porque yo lo he conocido, s\u00e9 que mandar\u00e1 \u00e1 sus hijos y \u00e1 su casa despu\u00e9s de s\u00ed, <strong>que guarden el camino de Jehov\u00e1<\/strong>, haciendo justicia y juicio, para que haga venir Jehov\u00e1 sobre Abraham lo que ha hablado acerca de \u00e9l.<\/span> \u2014G\u00c9NESIS 18:17-19<\/span> (Ver G\u00c9N. 26:5, SAL. 119:1)<\/em><br>\n<\/span><\/p>\n<p><span style=\"color: #63a863;\">[6:25 PM, 9\/17\/2019] Alex (Evang\u00e9lico)<\/span><br>\nEntonces por qu\u00e9 desde los Diez mandamientos cuando se dan en el monte Sina\u00ed ya se empieza a castigar con severidad ese pecado de adulterio?<\/p>\n<p>Cual ley los Diez mandamientos?<\/p>\n<p><span style=\"color: #5a7e9e;\">[6:26 PM, 9\/17\/2019] Jos\u00e9 Luis Javier<\/span><br>\n<strong>\u00bfCuando fue sada la ley por primera vez?<\/strong><\/p>\n<p><span style=\"color: #63a863;\">[6:26 PM, 9\/17\/2019] Alex (Evang\u00e9lico)<\/span> <br>\nA por cierto tambi\u00e9n asesino [Abraham]. [La ley fue dada] En el monte Sina\u00ed los Diez mandamientos<\/p>\n<p><span style=\"color: #5a7e9e;\">[6:27 PM, 9\/17\/2019] Jos\u00e9 Luis Javier<\/span><br>\nVayamos un poco despacio, pues <strong>tengo que corrgirle un grave error. <\/strong>La ley fue dada.para la humanidad,<strong> no s\u00f3lo para los Israelitas<\/strong>. La Biblia es demasiado clara al respecto.<\/p>\n<p><span style=\"color: #63a863;\">[6:27 PM, 9\/17\/2019] Alex (Evang\u00e9lico)<\/span><br>\nNo t\u00fa dijiste que el guarda la ley te pregunto los D\u00edez mandamientos?<\/p>\n<p><span style=\"color: #5a7e9e;\"><strong>[EDICI\u00d3N] <\/strong>Jos\u00e9 Luis Javier<\/span> <br>\nNo podemos decir que Abraham adulter\u00f3, la Biblia no lo llama como tal. Pero la recomendaci\u00f3n de Dios fue \"Una sola mujer\". Y todo el que no seigui\u00f3 esa recomendaci\u00f3n, pag\u00f3 las consecuencias.<\/p>\n<p><span style=\"color: #5a7e9e;\">[6:27 PM, 9\/17\/2019] Jos\u00e9 Luis Javier<\/span><br>\nFalso. Lea \u00c9xodo 16:4-5 y \u00c9xodo 15. <strong>Eso es antes del Sina\u00ed<\/strong>. <span class=\"su-highlight\" style=\"background:#fff621;color:#313131\">&nbsp;[Ah\u00ed se est\u00e1 hablando del s\u00e1bado\u2014y le ley en general, a\u00fan antes de \u00c9XODO 20].&nbsp;<\/span>\n<\/p><p><span style=\"color: #63a863;\">[6:28 PM, 9\/17\/2019] Alex (Evang\u00e9lico)<\/span><br>\nNo por que la ley era una marca distintiva entre Dios y Israel almenos que alg\u00fan procelito quisiera ser parte del pueblo se ten\u00eda que circuncidar<\/p>\n<p><span style=\"color: #5a7e9e;\">[6:28 PM, 9\/17\/2019] Jos\u00e9 Luis Javier<\/span><br>\n[Los] 10 Mandmientos, de eso estos hablando. Ok, veamos\u2014<\/p>\n<p>Perm\u00edtame mostrarle&#8230;<\/p>\n<p><span style=\"color: #63a863;\">[6:29 PM, 9\/17\/2019] Alex (Evang\u00e9lico)<\/span><br>\nEntonces si Abram viol\u00f3 esos mandamientos por qu\u00e9 no se le conden\u00f3 ?<\/p>\n<p>Si seg\u00fan usted ya exist\u00edan los Diez mandamientos?<\/p>\n<p><strong><span style=\"color: #5a7e9e;\">[EDICI\u00d3N] <\/span><\/strong><span style=\"color: #5a7e9e;\">Jos\u00e9 Luis Javier<\/span><strong><br>\n<\/strong><span style=\"font-family: courier new, courier, monospace;\"><em><span id=\"es-RVA-698\" class=\"text Gen-26-5\"><span style=\"font-size: 10px;\"><sup class=\"versenum\">5<\/sup><\/span>Por cuanto oy\u00f3 Abraham mi voz, <span class=\"su-highlight\" style=\"background:#fff621;color:#1b6d96\">&nbsp;y guard\u00f3&nbsp;<\/span> mi precepto, <\/span><\/em><\/span><span style=\"font-family: courier new, courier, monospace;\"><em><span class=\"su-highlight\" style=\"background:#fff621;color:#1b6d96\">&nbsp;mis mandamientos, mis estatutos y mis leyes.&nbsp;<\/span> \u2014G\u00c9NESIS 26:5<\/em><\/span><strong><br>\n<\/strong><\/p>\n<p><span style=\"color: #5a7e9e;\">[6:30 PM, 9\/17\/2019] Jos\u00e9 Luis Javier<\/span><br>\nEn un momento retomamos ese punto&#8230; Usted se ha adelantado, y tengo que corregirle el grave error que est\u00e1 cometiendo.<\/p>\n<p><span style=\"color: #75bd75;\"><span style=\"color: #63a863;\">[6:30 PM, 9\/17\/2019] Alex (Evang\u00e9lico)<\/span><br>\n<\/span>Bueno entonces vemos que Abran no fue condenado <strong>por asesinar<\/strong> y por adulterar es decir fue un hombre justo.<\/p>\n<p><span style=\"color: #5a7e9e;\"><strong>[EDICI\u00d3N] <\/strong>Jos\u00e9 Luis Javier<\/span><strong><br>\n<\/strong>Nos gustar\u00eda saber a qui\u00e9n asesi\u00f3 Abraham<strong>.<\/strong><\/p>\n<p><span style=\"color: #5a7e9e;\">[6:31 PM, 9\/17\/2019] Jos\u00e9 Luis Javier<\/span><br>\nYa le dije, usted dijo que la ley fue solo para Israel. Est\u00e1 equivocado. Vayamos por parte, pues eso fue lo primero que le pregunt\u00e9<\/p>\n<p><span style=\"color: #63a863;\">[6:32 PM, 9\/17\/2019] Alex (Evang\u00e9lico)<\/span><br>\nClaro los Diez mandamientos y las otras leyes<span style=\"color: #ff0000;\"> las cuales ya no son para los cristianos<\/span><\/p>\n<p><span style=\"color: #5a7e9e;\"><strong>[EDICI\u00d3N] <\/strong>Jos\u00e9 Luis Javier<\/span><\/p>\n<p>Aqu\u00ed hay una mayor contradici\u00f3n de tu parte, pu\u00e9s en este mismo debate t\u00fa dices que \"los cristianos no guardaban el s\u00e1bado\" y que Jes\u00fas no predic\u00f3 sobre este y toda la ley. Sin embargo, aqu\u00ed dices que YA NO SON PARA LOS CRISTIANOS\u2026 o sea, que antes si eran; es decir, que los cristianos (los disc\u00edpulos y seguidores de los tiempos de jes\u00fas) si guardaban la ley. Aqu\u00ed les dejo la referencia, que encontramos en la segunda parte de este debate:<\/p>\n<p style=\"padding-left: 80px;\"><\/p><div class=\"su-box su-box-style-default\" id style=\"border-color:#a50000;border-radius:3px;max-width:none\"><div class=\"su-box-title\" style=\"background-color:#d80200;color:#ffffff;border-top-left-radius:1px;border-top-right-radius:1px\">ALEX SE CONTRADICE<\/div><div class=\"su-box-content su-u-clearfix su-u-trim\" style=\"border-bottom-left-radius:1px;border-bottom-right-radius:1px\">\n<p><span style=\"color: #63a863;\">[8:23 PM, 9\/17\/2019] Alex (Evang\u00e9lico)<\/span> <br>\n\"JES\u00daS NO PREDIC\u00d3 EL S\u00c1BADO NI LOS DIEZ MANDAMIENTOS\" <\/p>\n<p><span style=\"color: #75bd75;\"><span style=\"color: #63a863;\">[8:52 PM, 9\/17\/2019] Alex (Evang\u00e9lico)<\/span><br>\n<\/span>\"Obviamente por qu\u00e9 los cristianos no guardaban el s\u00e1bado\"<\/p>\n<div class style=\"padding-left: 15px;\" data-block=\"true\" data-editor=\"lken\" data-offset-key=\"9mvl9-0-0\"><\/div><\/div><\/div>\n<div class data-block=\"true\" data-editor=\"lken\" data-offset-key=\"9mvl9-0-0\">\n<p><span style=\"color: #5a7e9e;\">[6:32 PM, 9\/17\/2019] Jos\u00e9 Luis Javier<\/span><br>\n\u00bfTodav\u00eda sostiene eso\u2026fue la ley De los diez M\u00e1ndamientos solo para los jud\u00edos?<\/p>\n<p><span style=\"color: #63a863;\">[6:34 PM, 9\/17\/2019] Alex (Evang\u00e9lico)<\/span><br>\n\u00c9xodo :31:16:17 hay est\u00e1 la respuesta. Dice los hijos de Israel. No dice los mexicanos<\/p>\n<p><span style=\"color: #5a7e9e;\">[6:34 PM, 9\/17\/2019] Jos\u00e9 Luis Javier<\/span><br>\n<strong>\u00bfAlguna vez ha le\u00eddo el texto que dice \"escrudri\u00f1ad las escrituras\"? <\/strong>Son palabras de Jes\u00fas.<\/p>\n<p><span style=\"color: #63a863;\">[6:35 PM, 9\/17\/2019] Alex (Evang\u00e9lico)<\/span><br>\nSi te estoy dando biblia<\/p>\n<p><span style=\"color: #5a7e9e;\">[6:35 PM, 9\/17\/2019] Jos\u00e9 Luis Javier<\/span><br>\nYo tambi\u00e9n<\/p>\n<p><span style=\"color: #75bd75;\">[6:35 PM, 9\/17\/2019] Alex (Evang\u00e9lico)<\/span><br>\nPor eso te digo los hijos de Israel.<\/p>\n<p><span style=\"color: #5a7e9e;\">[6:35 PM, 9\/17\/2019] Jos\u00e9 Luis Javier<\/span><br>\nPero me est\u00e1 dando Biblia a medias, hermano, [y encima de eso, distorsion\u00e1dola].<\/p>\n<p>Ok, permitame&#8230;<\/p>\n<p><span style=\"color: #63a863;\">[6:36 PM, 9\/17\/2019] Alex (Evang\u00e9lico)<\/span><br>\n<strong>Eres t\u00fa Israelita y si es as\u00ed de qu\u00e9 tribu eres? <\/strong>No espera te tengo preparado algo m\u00e1s.<\/p>\n<p><span style=\"color: #5a7e9e;\">[6:37 PM, 9\/17\/2019] Jos\u00e9 Luis Javier<\/span><br>\nPerm\u00edtame,por favor&#8230;<\/p>\n<p><span style=\"color: #63a863;\">[6:37 PM, 9\/17\/2019] Alex (Evang\u00e9lico)<\/span><br>\nOk espero adelante<\/p>\n<p><span style=\"color: #5a7e9e;\">[6:37 PM, 9\/17\/2019] Jos\u00e9 Luis Javier<\/span><br>\nNo se preocupe que no voy para ning\u00fan lado&#8230;<\/p>\n<p><span style=\"color: #75bd75;\"><span style=\"color: #63a863;\">[6:37 PM, 9\/17\/2019] Alex (Evang\u00e9lico)<\/span><br>\n<\/span> Estoy esperando<\/p>\n<p><span style=\"color: #5a7e9e;\">[6:38 PM, 9\/17\/2019] Jos\u00e9 Luis Javier<\/span><br>\nOk, vamos a navegar la Biblia&#8230; G\u00e9nesis hasta Apocalipsiis&#8230;<\/p>\n<p><span style=\"color: #63a863;\">[6:38 PM, 9\/17\/2019] Alex (Evang\u00e9lico)<\/span><br>\nPero no copies y pegues. Lo que t\u00fa sepas o ayas estudiado. Deja de buscar en Google<\/p>\n<p><span style=\"color: #5a7e9e;\">[6:39 PM, 9\/17\/2019] Jos\u00e9 Luis Javier<\/span><br>\n\u00bfMe est\u00e1 prohibiendo usar la Biblia?<\/p>\n<p><span style=\"color: #63a863;\">[6:40 PM, 9\/17\/2019] Alex (Evang\u00e9lico)<\/span><br>\nNo solo no copies de la p\u00e1gina adventista.<\/p>\n<p><span style=\"color: #5a7e9e;\"><strong>[EDICI\u00d3N] <\/strong>Jos\u00e9 Luis Javier<\/span><br>\n\u00bfDe d\u00f3nde este individuo saca que yo saco informaci\u00f3n de la p\u00e1gina Adventista? <strong>\u00bfNo ha sido BIBLIA lo que le he estado mostrando?<\/strong> \u00bfEres t\u00fa Adventista o est\u00e1s obsesionado con los Adventistas? Te advierto que los Adventistas son igual\u2014aunque resulte dificil de creer, o m\u00e1s ignorantes que t\u00fa.<\/p>\n<p><span style=\"color: #63a863;\">[6:40 PM, 9\/17\/2019] Alex (Evang\u00e9lico)<\/span><br>\nYo te estoy escribiendo lo que se al respecto<\/p>\n<p><span style=\"color: #63a863;\">[6:40 PM, 9\/17\/2019] Alex (Evang\u00e9lico)<\/span><br>\nPuedo estar equivocado soy humano y cometo herrores<\/p>\n<p><span style=\"color: #999999;\"><span style=\"color: #5a7e9e;\">[6:40 PM, 9\/17\/2019] Jos\u00e9 Luis Javier<\/span><br>\n<\/span><span style=\"color: #4d617a;\"><em><span style=\"font-family: courier new, courier, monospace;\"><span style=\"font-size: 10px;\"><sup>1<\/sup><\/span>Fueron, pues, acabados los cielos y la tierra, y todo el ej\u00e9rcito de ellos.<\/span><\/em><\/span><br>\n<span style=\"color: #4d617a;\"><em><span style=\"font-family: courier new, courier, monospace;\"><span style=\"font-size: 10px;\"><sup>2<\/sup><\/span><strong>Y acab\u00f3 Dios en el d\u00eda s\u00e9ptimo<\/strong> la obra que hizo; y repos\u00f3 el d\u00eda s\u00e9ptimo de toda la obra que hizo.<\/span><\/em><\/span><br>\n<span style=\"color: #4d617a;\"><em><span style=\"font-family: courier new, courier, monospace;\"><span style=\"font-size: 10px;\"><sup>3<\/sup><\/span>Y bendijo Dios al d\u00eda s\u00e9ptimo, y lo santific\u00f3, porque en \u00e9l repos\u00f3 de<strong> toda la obra que hab\u00eda hecho en la creaci\u00f3n<\/strong>. \u2014GEN. 3:1-3<\/span><\/em><\/span><\/p>\n<p><strong>\u00bfD\u00f3nde m\u00e1s encontramos ese texto?<\/strong><\/p>\n<p><span style=\"color: #63a863;\">[6:41 PM, 9\/17\/2019] Alex (Evang\u00e9lico)<\/span><br>\nQui\u00e9n descanso hay adan. O Dios<\/p>\n<p><span style=\"color: #5a7e9e;\">[6:41 PM, 9\/17\/2019] Jos\u00e9 Luis Javier<\/span><br>\n\u00c9xodo 20:8-11<\/p>\n<p><span style=\"font-family: courier new, courier, monospace; color: #4d617a;\"><em><span style=\"font-size: 10px;\"><sup>8<\/sup><\/span>Acu\u00e9rdate del d\u00eda de reposo para santificarlo.<\/em><\/span><br>\n<span style=\"font-family: courier new, courier, monospace; color: #4d617a;\"><em><span style=\"font-size: 10px;\"><sup>9<\/sup><\/span>Seis d\u00edas trabajar\u00e1s, y har\u00e1s toda tu obra;<\/em><\/span><br>\n<span style=\"font-family: courier new, courier, monospace; color: #4d617a;\"><em><span style=\"font-size: 10px;\"><sup>10<\/sup><\/span><strong>mas el s\u00e9ptimo d\u00eda<\/strong> es reposo para Jehov\u00e1 tu Dios; no hagas en \u00e9l obra alguna, t\u00fa, ni tu hijo, ni tu hija, ni tu siervo, ni tu criada, ni tu bestia, ni tu extranjero que est\u00e1 dentro de tus puertas.<\/em><\/span><br>\n<span style=\"font-family: courier new, courier, monospace; color: #4d617a;\"><em><span style=\"font-size: 10px;\"><sup>11<\/sup><\/span>Porque en seis d\u00edas<strong> hizo Jehov\u00e1 los cielos y la tierra, el mar,<\/strong> y todas las cosas que en ellos hay, y repos\u00f3 en el s\u00e9ptimo d\u00eda; por tanto, Jehov\u00e1 bendijo el d\u00eda de reposo y lo santific\u00f3. \u2014\u00c9XODO 20:8-11<br>\n<\/em><\/span><\/p>\n<p>Lea AMBOS textos y compare.<\/p>\n<p><span style=\"color: #63a863;\">[6:41 PM, 9\/17\/2019] Alex (Evang\u00e9lico)<\/span><br>\nObviamente a Israel. Si me muestras donde diga la biblia Ad\u00e1n y Eva guardaban el d\u00eda s\u00e9ptimo.<\/p>\n<p><span style=\"color: #999999;\">[6:42 PM, 9\/17\/2019] Jos\u00e9 Luis Javier<\/span><br>\n\u00c9xodo 20:10<\/p>\n<p><em><span style=\"font-family: courier new, courier, monospace;\"><span style=\"font-size: 10px;\"><sup>10<\/sup><\/span>mas el s\u00e9ptimo d\u00eda es reposo para Jehov\u00e1 tu Dios; no hagas en \u00e9l obra alguna, t\u00fa, ni tu hijo, ni tu hija, ni tu siervo, ni tu criada, ni tu bestia, <span class=\"su-highlight\" style=\"background:#fff621;color:#1b6d96\">&nbsp;ni tu extranjero&nbsp;<\/span>que est\u00e1 dentro de tus puertas. \u2014\u00c9XODO 20:10<br>\n<\/span><\/em><\/p>\n<p><span style=\"color: #63a863;\">[6:42 PM, 9\/17\/2019] Alex (Evang\u00e9lico)<\/span><br>\nLo creo hay dice que Dios descanso de sus horas creativa<\/p>\n<p><span style=\"color: #999999;\"><em><sup><a href=\"https:\/\/www.cristoverdad.com\/wp-content\/uploads\/2018\/10\/GENESIS-3-vs-EXODO-20e.png\" data-rel=\"lightbox-image-0\" data-rl_title data-rl_caption title><noscript><img decoding=\"async\" class=\"alignleft wp-image-5189\" src=\"https:\/\/www.cristoverdad.com\/wp-content\/uploads\/2018\/10\/GENESIS-3-vs-EXODO-20e-300x176.png\" alt=\"G\u00c9NESIS 2:1-3 vs. \u00c9XODO 20:8-11\" width=\"332\" height=\"195\" srcset=\"https:\/\/www.cristoverdad.com\/wp-content\/uploads\/2018\/10\/GENESIS-3-vs-EXODO-20e-300x176.png 300w, https:\/\/www.cristoverdad.com\/wp-content\/uploads\/2018\/10\/GENESIS-3-vs-EXODO-20e-768x450.png 768w, https:\/\/www.cristoverdad.com\/wp-content\/uploads\/2018\/10\/GENESIS-3-vs-EXODO-20e-1024x599.png 1024w, https:\/\/www.cristoverdad.com\/wp-content\/uploads\/2018\/10\/GENESIS-3-vs-EXODO-20e-1080x632.png 1080w, https:\/\/www.cristoverdad.com\/wp-content\/uploads\/2018\/10\/GENESIS-3-vs-EXODO-20e.png 1920w\" sizes=\"(max-width: 332px) 100vw, 332px\"><\/noscript><img decoding=\"async\" class=\"alignleft wp-image-5189 lazyload\" src=\"data:image\/svg+xml,%3Csvg%20xmlns%3D%22http%3A%2F%2Fwww.w3.org%2F2000%2Fsvg%22%20viewBox%3D%220%200%20332%20195%22%3E%3C%2Fsvg%3E\" alt=\"G\u00c9NESIS 2:1-3 vs. \u00c9XODO 20:8-11\" width=\"332\" height=\"195\" srcset=\"data:image\/svg+xml,%3Csvg%20xmlns%3D%22http%3A%2F%2Fwww.w3.org%2F2000%2Fsvg%22%20viewBox%3D%220%200%20332%20195%22%3E%3C%2Fsvg%3E 332w\" sizes=\"(max-width: 332px) 100vw, 332px\" data-srcset=\"https:\/\/www.cristoverdad.com\/wp-content\/uploads\/2018\/10\/GENESIS-3-vs-EXODO-20e-300x176.png 300w, https:\/\/www.cristoverdad.com\/wp-content\/uploads\/2018\/10\/GENESIS-3-vs-EXODO-20e-768x450.png 768w, https:\/\/www.cristoverdad.com\/wp-content\/uploads\/2018\/10\/GENESIS-3-vs-EXODO-20e-1024x599.png 1024w, https:\/\/www.cristoverdad.com\/wp-content\/uploads\/2018\/10\/GENESIS-3-vs-EXODO-20e-1080x632.png 1080w, https:\/\/www.cristoverdad.com\/wp-content\/uploads\/2018\/10\/GENESIS-3-vs-EXODO-20e.png 1920w\" data-src=\"https:\/\/www.cristoverdad.com\/wp-content\/uploads\/2018\/10\/GENESIS-3-vs-EXODO-20e-300x176.png\" loading=\"lazy\"><\/a><\/sup><\/em><span style=\"color: #5a7e9e;\">[6:42 PM, 9\/17\/2019] Jos\u00e9 Luis Javier<\/span><\/span><br>\n<strong>\u00a1Mu\u00e9strame d\u00f3nde dice que Ad\u00e1n (y Eva) no lo guardaban!<\/strong><\/p>\n<p><span style=\"color: #63a863;\">[6:43 PM, 9\/17\/2019] Alex (Evang\u00e9lico)<\/span> <br>\nY dime el s\u00e1bado lo creo Dios ?<\/p>\n<p><span style=\"color: #5a7e9e;\">[6:43 PM, 9\/17\/2019] Jos\u00e9 Luis Javier<\/span> <br>\nG\u00e9nesis 2:1-3.<\/p>\n<p><span style=\"color: #5a7e9e;\"><strong>[EDICI\u00d3N] <\/strong>Jos\u00e9 Luis Javier<\/span><br>\nMu\u00e9strame donde dice que Ad\u00e1n y Eva no lo guardaban.<\/p>\n<p><span style=\"color: #75bd75;\"><span style=\"color: #63a863;\">[6:43 PM, 9\/17\/2019] Alex (Evang\u00e9lico)<\/span><br>\n<\/span>Sencillo por qu\u00e9 no lo hizo su delito fue comer del \u00e1rbol no de no guardar el s\u00e1bado<\/p>\n<p><span style=\"color: #5a7e9e;\">[6:43 PM, 9\/17\/2019] Jos\u00e9 Luis Javier<\/span><br>\nInstituido al hombre por causa del hombre. No dice al Israelita.<\/p>\n<p><span style=\"color: #63a863;\">[6:44 PM, 9\/17\/2019] Alex (Evang\u00e9lico)<\/span><br>\nContestame el Descanso el<\/p>\n<p><span style=\"color: #5a7e9e;\">[6:44 PM, 9\/17\/2019] Jos\u00e9 Luis Javier<\/span><br>\n<strong>\u00bfQu\u00e9 dijo Dios que le pasar\u00eda a Ad\u00e1n si com\u00eda del \u00c1rbol?<\/strong><\/p>\n<p><span style=\"color: #63a863;\">[6:44 PM, 9\/17\/2019] Alex (Evang\u00e9lico)<\/span><br>\nMorir\u00eda<\/p>\n<p><span style=\"color: #5a7e9e;\">[6:44 PM, 9\/17\/2019] Jos\u00e9 Luis Javier<\/span><br>\nAd\u00e1n no guard\u00f3 el primer S\u00e1bado, [pues el s\u00e1bado no fue instuido hasta despu\u00e9s de Dios reposar en la creaci\u00f3n.] (<em>G\u00c9N. 2:1-3).<\/em><\/p>\n<p><span style=\"color: #63a863;\">[6:45 PM, 9\/17\/2019] Alex (Evang\u00e9lico)<\/span> <br>\nNo dijo si no guardas el s\u00e1bado morir\u00e1s<\/p>\n<p><span style=\"color: #5a7e9e;\">[6:45 PM, 9\/17\/2019] Jos\u00e9 Luis Javier<\/span><br>\n<strong>\u00bfY qu\u00e9 trae la Muerte? <\/strong><\/p>\n<p><span style=\"color: #5a7e9e;\"><strong>[EDICI\u00d3N] <\/strong>Jos\u00e9 Luis Javier<\/span><br>\nLa ley es un conjunto que no se puede separar, <em>Sanitago 2:10<\/em><strong><br>\n<\/strong><\/p>\n<p><span style=\"color: #63a863;\">[6:45 PM, 9\/17\/2019] Alex (Evang\u00e9lico)<\/span><br>\n<span style=\"color: #ff0000;\">Ves como quieres ense\u00f1ar una falacia<\/span><\/p>\n<p><span style=\"color: #5a7e9e;\">[6:45 PM, 9\/17\/2019] Jos\u00e9 Luis Javier<\/span><br>\n<strong>\u00bfQu\u00e9 trae la muerte? <\/strong>[No es el S\u00e1bado parte de la ley de los diez mandamientos?]<strong><br>\n<\/strong><\/p>\n<p><span style=\"color: #63a863;\">[6:45 PM, 9\/17\/2019] Alex (Evang\u00e9lico)<\/span><br>\nLa paga de pecado es muerte<\/p>\n<p><span style=\"color: #75bd75;\"><span style=\"color: #63a863;\">[6:45 PM, 9\/17\/2019] Alex (Evang\u00e9lico)<\/span><br>\n<\/span>???<\/p>\n<p><span style=\"color: #5a7e9e;\">[6:45 PM, 9\/17\/2019] Jos\u00e9 Luis Javier<\/span><br>\n<strong>\u00bfY qu\u00e9 es el pecado? <\/strong><span style=\"color: #ff0000;\">1 Juan 3:4 para que te ayudes.<\/span><\/p>\n<p><span style=\"color: #63a863;\">[6:46 PM, 9\/17\/2019] Alex (Evang\u00e9lico)<\/span><br>\n<span style=\"color: #ff0000;\"><strong>Tangrecion de la ley pero cual ley ?<\/strong><\/span><\/p>\n<p><span style=\"color: #5a7e9e;\">[6:46 PM, 9\/17\/2019] Jos\u00e9 Luis Javier<\/span><br>\nSi, <strong>\u00bfcu\u00e1l ley?<\/strong><\/p>\n<p><span style=\"color: #63a863;\">[6:46 PM, 9\/17\/2019] Alex (Evang\u00e9lico)<\/span><br>\n<strong><span style=\"color: #ff0000;\">Los diez mandamientos.<\/span><\/strong><\/p>\n<p><span style=\"color: #75bd75;\"><span style=\"color: #63a863;\">[6:46 PM, 9\/17\/2019] Alex (Evang\u00e9lico)<\/span><br>\n<\/span>?<\/p>\n<p><span style=\"color: #5a7e9e;\">[6:47 PM, 9\/17\/2019] Jos\u00e9 Luis Javier<\/span><br>\n<strong>Entonces, si Ad\u00e1n y Eva pecaron es porque violaron la ley de los diez mandamientos <\/strong>[y el s\u00e1bado es parte de esa ley]<strong>.<\/strong><\/p>\n<span class=\"su-highlight\" style=\"background:#fff621;color:#1b6d96\">&nbsp;\u00bfCu\u00e1l es el primer m\u00e1ndamiento de la ley?&nbsp;<\/span>\n<p><span style=\"color: #63a863;\">[6:47 PM, 9\/17\/2019] Alex (Evang\u00e9lico)<\/span><br>\n<span style=\"color: #ff0000;\">Est\u00e1s seguro ahora entiendo cres que la ley de los Diez mandamientos est\u00e1 vigente hasta el D\u00eda de hoy para los cristianos?<\/span><\/p>\n<p><span style=\"color: #63a863;\">[6:47 PM, 9\/17\/2019] Alex (Evang\u00e9lico)<\/span> <br>\nAmar a Dios con todo el coraz\u00f3n<\/p>\n<p><strong><span style=\"color: #5a7e9e;\">[EDICI\u00d3N] <\/span><\/strong><span style=\"color: #5a7e9e;\">Jos\u00e9 Luis Javier<\/span><strong><br>\n<\/strong>\u00bfY qu\u00e9 es el amor?\u2014ROM.13:10<\/p>\n<p><span style=\"color: #5a7e9e;\">[6:48 PM, 9\/17\/2019] Jos\u00e9 Luis Javier<\/span><br>\nTe voy a matar el gallo en la funda, con un solo texto&#8230; Te quer\u00eda llevar al paso, pero eres.muy impaciente. \u00bfQui\u00e9res imponer tus creencias o quieres que la luz brille, independientemente de quien tenga o no tenga la raz\u00f3n?<\/p>\n<p><span style=\"color: #63a863;\">[6:48 PM, 9\/17\/2019] Alex (Evang\u00e9lico)<\/span><br>\nSi pero hay no hab\u00eda esa ley como tal no era necesario eran seres humanos perfectos sin pecado de acuerdo .<\/p>\n<p><strong><span style=\"color: #5a7e9e;\">[EDIC\u00d3N] <\/span><\/strong><span style=\"color: #5a7e9e;\">Jos\u00e9 Luis Javier<\/span><strong><br>\n<\/strong>La ley era para que se mantuvieran de esa manera, perfectos y sin pecado. T\u00fa ya lo dijiestes, <em>\"<strong>el pecado es infracci\u00f3n de la ley.\"<\/strong> (1 JUAN 3:4)<\/em><\/p>\n<p><span style=\"color: #63a863;\">[6:49 PM, 9\/17\/2019] Alex (Evang\u00e9lico)<\/span> <br>\nEl mandato que se le di\u00f3 a Ad\u00e1n era parte de los Diez mandamientos?<\/p>\n<p><strong><span style=\"color: #5a7e9e;\">[EDIC\u00d3N] <\/span><\/strong><span style=\"color: #5a7e9e;\">Jos\u00e9 Luis Javier<\/span><strong><br>\n<\/strong>Mi amigo, usted si es bruto. El primer madamiento de la ley dice<em> \"no tendras dioses ajenos delante de mi\",<\/em> y el cuarto nos dice que Dios es nuestro <em>creador<\/em>. Al desobededecer a Dios y comer del \u00e1rbol que Dios dijo no comieran, automatcamente Ad\u00e1n y Eva: <strong>a)<\/strong> sirviero a un dios\u2014Satan\u00e1s, y <strong>b)<\/strong> Obviamente, deshonraron al su creador, y <strong>c)<\/strong> desahonraron a SU PADRE, violando as\u00ed directamete el primer , cuarto, y quinto mandamieno de la ley. Y a\u00fan antes de de comer del fruto del \u00e1rbol, ya Eva lo hab\u00eda codiciado <em>(G\u00c9N 3:5-6)<\/em>, otra violaci\u00f3n a la ley. Podr\u00eda seguir, pero con un perverso e inepto como t\u00fa no vale la pena el esfuerzo. \"<em>Escudri\u00f1ad las escrituras\"<\/em>, dice el se\u00f1or.<\/p>\n<p><span style=\"color: #63a863;\">[6:50 PM, 9\/17\/2019] Alex (Evang\u00e9lico)<\/span><br>\nEl de de todo \u00e1rbol del jard\u00edn puedes comer asta quedar satisfecho pero del \u00e1rbol del conocimiento de lo bueno y lo malo no debes comer de el por qu\u00e9 si comes morir\u00e1s<\/p>\n<p><span style=\"color: #5a7e9e;\">[6:51 PM, 9\/17\/2019] Jos\u00e9 Luis Javier<\/span><br>\nMi hermano, le est\u00e1 faltando el discernimiento. Si Ad\u00e1n iba morir por comer del fruto, y la Muerte solo se alcanza violando la ley, <span class=\"su-highlight\" style=\"background:#fff621;color:#1b6d96\">&nbsp;\u00bfDe qu\u00e9 est\u00e1 hablando el texto entonces?&nbsp;<\/span>\n<\/p><p><span style=\"color: #63a863;\">[6:51 PM, 9\/17\/2019] Alex (Evang\u00e9lico)<\/span><br>\nDime cu\u00e1l mandamientos de los diez era ese Responde<\/p>\n<p><strong><span style=\"color: #5a7e9e;\">[EDICI\u00d3N] <\/span><\/strong><span style=\"color: #5a7e9e;\">Jos\u00e9 Luis Javier<\/span><strong><br>\n<\/strong>Ad\u00e1n y Eva violaron <strong>cada uno<\/strong> de los diez mandamientos. Para beneficio de aquel que odia la oscuridad, aqu\u00ed le dejamos un estudio que detalladamente lo muestra. <a class=\"tooltip\" href=\"https:\/\/www.cristoverdad.com\/los-judios-la-ley-y-tu\/\" target=\"_blank\" rel=\"noopener noreferrer\"><span style=\"font-size: 10px;\"><sup>[1]<\/sup><\/span><span class=\"tooltiptext\">\"La Ley,Los Jud\u00edos &amp; T\u00fa [ESTUDIO, CristoVerdad]<\/span><\/a><\/p>\n<p>Simplementes no conectas las cosas m\u00e1s b\u00e1sicas y esenciales de la escritura. No tienes nada\u2014ABSOLUTAMENTE NADA, de dicernimiento. Te reocmiendo que dejes de comer puerco y que apagues la TV y te pongas a estudiar la Biblia, pues obviamente el puerco y toda la basura que consumes en t\u00fa cuerpo y tu mente ya te comieron el cerebro. Te recomiendo el siguiente tema&#8230;veraderamente lo necesitas.<\/p>\n<div class=\"su-vimeo su-u-responsive-media-yes\"><noscript><iframe width=\"600\" height=\"400\" src=\"\/\/player.vimeo.com\/video\/274019813?title=0&amp;byline=0&amp;portrait=0&amp;color=ffffff&amp;autoplay=0&amp;dnt=0&amp;muted=0&amp;texttrack=\" frameborder=\"0\" allow=\"autoplay; fullscreen\" allowfullscreen title=\"LAS IGLESIAS SE UNEN CON ROMA\"><\/iframe><\/noscript><iframe width=\"600\" height=\"400\" frameborder=\"0\" allow=\"autoplay; fullscreen\" allowfullscreen title=\"LAS IGLESIAS SE UNEN CON ROMA\" data-src=\"\/\/player.vimeo.com\/video\/274019813?title=0&amp;byline=0&amp;portrait=0&amp;color=ffffff&amp;autoplay=0&amp;dnt=0&amp;muted=0&amp;texttrack=\" loading=\"lazy\" class=\" lazyload\"><\/iframe><\/div>\n<p><span style=\"color: #63a863;\">[6:51 PM, 9\/17\/2019] Alex (Evang\u00e9lico)<\/span><br>\nDesobediencia pero no de los Diez mandamientos. Sino uno directamente que ven\u00eda del creador nada m\u00e1s.<\/p>\n<p><strong><span style=\"color: #5a7e9e;\">[EDICI\u00d3N] <\/span><\/strong><span style=\"color: #5a7e9e;\">Jos\u00e9 Luis Javier<\/span><strong><br>\n<\/strong>Les dar\u00e9 una muestrecita de lo que presentamos en el estudio que ya mencionamos m\u00e1s arriba. Alex dice que se viol\u00f3 un mandamiento m\u00e1s alto venido del creador. Antes que nada, preguntamos, \u00bfPresenta la Biblia \"Otro\" mandamiento que est\u00e9 por encima de su Santa Ley?<\/p>\n<p>Ahora bien, el primer mandamiento de la ley de Dios dice lo siguiente\u2014<\/p>\n<p><em><span id=\"es-RVA-2055\" class=\"text Exod-20-3\" style=\"color: #4d617a; font-family: courier new, courier, monospace;\"><span style=\"font-size: 10px;\"><sup class=\"versenum\">3<\/sup><\/span>No tendr\u00e1s dioses ajenos delante de m\u00ed. \u2014G\u00c9NESIS 20:3<br>\n<\/span><\/em><\/p>\n<p>Preguntamos, violaron Ad\u00e1n y Eva ese mandamiento al obedecer al diablo en lugar de a Dios? \u00bf\"Comieron o no comieron ellos del \u00e1rbol que Dios dijo \"no comer\u00e1s\"? \u00bfSe sometieron ellos a un dios ejeno [Satan\u00e1s] o al verdadero Dios?<\/p>\n<p><span style=\"color: #999999;\"><span style=\"color: #5a7e9e;\">[6:52 PM, 9\/17\/2019] Jos\u00e9 Luis Javier<\/span><br>\n<\/span>DESTRUTAMOS EL ERROR DIRECTAMENTE<\/p>\n<p><span style=\"font-family: arial, helvetica, sans-serif; color: #4d617a;\"><em><span id=\"es-RVA-18762\" class=\"text Isa-56-8\"><\/span><\/em><\/span><\/p><div class=\"su-expand su-expand-collapsed su-expand-link-style-default\" data-height=\"100\"><div class=\"su-expand-content su-u-trim\" style=\"color:#333333;max-height:100px;overflow:hidden\"><div class=\"su-box su-box-style-default\" id style=\"border-color:#0c0c0c;border-radius:3px;max-width:none\"><div class=\"su-box-title\" style=\"background-color:#3f3f3f;color:#FFFFFF;border-top-left-radius:1px;border-top-right-radius:1px\">EL S\u00c1BADO PARA LA HUMANIDAD<\/div><div class=\"su-box-content su-u-clearfix su-u-trim\" style=\"border-bottom-left-radius:1px;border-bottom-right-radius:1px\"><span style=\"font-size: 10px\"><sup>1<\/sup><\/span>As\u00ed dijo Jehov\u00e1: <span class=\"su-highlight\" style=\"background:#fff621;color:#1b6d96\">&nbsp;Guardad&nbsp;<\/span> derecho, y haced justicia; porque cercana est\u00e1 mi salvaci\u00f3n para venir, y mi justicia para manifestarse. <br>\n<strong><span style=\"font-size: 10px\"><sup>2<\/sup><\/span>Bienaventurado el hombre <\/strong><span id=\"es-RVA-18762\" style=\"color: #ff0000\">[NO DICE EL JUD\u00cdO]<\/span><span id=\"es-RVA-18762\"><\/span><span style=\"font-family: arial, helvetica, sans-serif;color: #4d617a\"><em><span id=\"es-RVA-18762\" class=\"text Isa-56-8\"><strong> que hace esto<\/strong>, y el hijo de hombre que lo abraza; <strong>que guarda el d\u00eda de reposo para no profanarlo<\/strong>, y que guarda su mano de hacer todo mal. <br>\n<span style=\"font-size: 10px\"><sup>3<\/sup><\/span><span class=\"su-highlight\" style=\"background:#fff621;color:#1b6d96\">&nbsp;Y el <strong>EXTRANJERO<\/strong> que sigue a Jehov\u00e1&nbsp;<\/span><strong> no hable diciendo: Me apartar\u00e1 totalmente Jehov\u00e1 de su pueblo<\/strong>. Ni diga el eunuco: He aqu\u00ed yo soy \u00e1rbol seco. <br>\n<span style=\"font-size: 10px\"><sup>4<\/sup><\/span>Porque as\u00ed dijo Jehov\u00e1: A los eunucos <strong>que gu<span style=\"color: #4d617a\">arden mis d\u00edas de reposo<\/span><\/strong><span style=\"color: #4d617a\">, y escojan lo que yo quiero, y abracen mi pacto, <\/span><br>\n<span style=\"color: #4d617a\"><span style=\"font-size: 10px\"><sup>5<\/sup><\/span>yo les dar\u00e9 lugar en mi casa y dentr<\/span>o de mis muros, y nombre mejor que el de hijos e hijas; nombre perpetuo les dar\u00e9, que nunca perecer\u00e1. <br>\n<span style=\"font-size: 10px\"><sup>6<\/sup><\/span>Y \u00e1 los hijos de los <span class=\"su-highlight\" style=\"background:#fff621;color:#1b6d96\">&nbsp;<strong>EXTRANJEROS<\/strong>&nbsp;<\/span> que se allegaren \u00e1 Jehov\u00e1 para ministrarle,<strong> y que amaren el nombre de Jehov\u00e1 para ser sus siervos:<\/strong><br>\n<span class=\"su-highlight\" style=\"background:#fff621;color:#1b6d96\">&nbsp;\u00e1 todos los que guardaren el s\u00e1bado de profanarlo, y abrazaren mi pacto,&nbsp;<\/span><span style=\"font-size: 10px\"><sup>7<\/sup><\/span><strong>Yo los llevar\u00e9 al monte de mi santidad,<\/strong> y los recrear\u00e9 en mi casa de oraci\u00f3n; sus holocaustos y sus sacri<span style=\"color: #4d617a\">ficios ser\u00e1n<\/span> aceptos sobre mi altar; porque mi casa, casa de oraci\u00f3n ser\u00e1 llamada de todos los pueblos. <br>\n<span style=\"font-size: 10px\"><sup>8<\/sup><\/span>D<strong>ice el Se\u00f1or Jehov\u00e1<\/strong>, el que junta los echados de Israel: Aun juntar\u00e9 sobre \u00e9l sus congregados. \u2014ISA\u00cdAS 56:1-8<\/span><\/em><\/span><\/div><\/div><\/div><div class=\"su-expand-link su-expand-link-more\" style=\"text-align:left\"><a href=\"javascript:;\" style=\"color:#0088FF;border-color:#0088FF\"><i class=\"sui sui-align-right\" style aria-label><\/i><span style=\"border-color:#0088FF\">expandir<\/span><\/a><\/div><div class=\"su-expand-link su-expand-link-less\" style=\"text-align:left\"><a href=\"javascript:;\" style=\"color:#0088FF;border-color:#0088FF\"><span style=\"border-color:#0088FF\">&lt;&lt; abreviar<\/span><\/a><\/div><\/div>\n<p><span style=\"color: #5a7e9e;\">[6:52 PM, 9\/17\/2019] Jos\u00e9 Luis Javier<\/span> <br>\nExpl\u00edcame ese texto t\u00fa ahora. Me dejas saber si quieres otro m\u00e1s.<\/p>\n<p><span style=\"color: #63a863;\">[6:54 PM, 9\/17\/2019] Alex (Evang\u00e9lico)<\/span> <br>\n<span style=\"color: #ff0000;\">Jajaja est\u00e1 hablando del pacto de la ley la ley mosaica<\/span> que con eso bien te dije que los que quisieran formar parte del pueblo de Dios en ese tiempo lo que ten\u00edan que hacer<\/p>\n<p><span style=\"color: #ab9763;\">[6:54 PM, 9\/17\/2019] Teddy (Agust\u00edn)<\/span><br>\nY porque no deber\u00edan comer de ese \u00e1rbol del conocimiento del bien y del mal? <strong>Porque ser\u00edan como dioses. <\/strong>[G\u00c9N. 3:5]]<strong><br>\n<\/strong><\/p>\n<p><span style=\"color: #63a863;\">[6:54 PM, 9\/17\/2019] Alex (Evang\u00e9lico)<\/span> <br>\nEse pacto fue invalidado. Era un mandato directo de el creador solo eso dice le relato<\/p>\n<p><strong><span style=\"color: #5a7e9e;\">[EDICI\u00d3N] <\/span><\/strong><span style=\"color: #5a7e9e;\">Jos\u00e9 Luis Javier<\/span><strong><br>\n<\/strong>En efecto, mi apreciado Alex, Israel viol\u00f3 el pacto, invalidandolo. \u00bfLo invalid\u00f3 Dios? \u00bfCu\u00e1ndo t\u00fa violas un pacto, eres recompensado o castidado? \u00bfCu\u00e1ndo tus hijos ivalidan tus ordendes, les da regalos como premio?<\/p>\n<p>Ahora Bien, <strong>\u00bfc\u00f3mo reaccion\u00f3 Dios ante esa invalidaci\u00f3n?<\/strong><\/p>\n<p class=\"verse\"><em><span style=\"font-family: courier new, courier, monospace;\"><span id=\"es-RVA-30100\" class=\"text Heb-8-8\"><span style=\"font-size: 10px;\"><sup class=\"versenum\">8<\/sup><\/span>Porque reprendi\u00e9ndolos dice: He aqu\u00ed vienen d\u00edas, dice el Se\u00f1or, <span class=\"su-highlight\" style=\"background:#fff621;color:#1b6d96\">&nbsp;Y consumar\u00e9 para con la casa de Israel y para con la casa de Jud\u00e1 un nuevo pacto&nbsp;<\/span>;<br>\n<\/span><span id=\"es-RVA-30101\" class=\"text Heb-8-9\"><span style=\"font-size: 10px;\"><sup class=\"versenum\">9<\/sup><\/span>No como el pacto que hice con sus padres El d\u00eda que los tom\u00e9 por la mano para sacarlos de la tierra de Egipto: <span style=\"color: #ff0000;\">Porque ellos <strong>NO<\/strong> permanecieron en mi pacto,<\/span> <span class=\"su-highlight\" style=\"background:#fff621;color:#1b6d96\">&nbsp;Y yo los menospreci\u00e9,&nbsp;<\/span> dice el Se\u00f1or.<br>\n<\/span><span id=\"es-RVA-30102\" class=\"text Heb-8-10\"><span style=\"font-size: 10px;\"><sup class=\"versenum\">10<\/sup><\/span>Por lo cual, <span class=\"su-highlight\" style=\"background:#fff621;color:#1b6d96\">&nbsp;este es el pacto&nbsp;<\/span>que ordenar\u00e9 \u00e1 la casa de Israel Despu\u00e9s de aquellos d\u00edas, dice el Se\u00f1or: <span class=\"su-highlight\" style=\"background:#fff621;color:#1b6d96\">&nbsp;Dar\u00e9 mis leyes en el alma de ellos, Y sobre el coraz\u00f3n de ellos las escribir\u00e9;&nbsp;<\/span> Y ser\u00e9 \u00e1 ellos por Dios, Y ellos me ser\u00e1n \u00e1 m\u00ed por pueblo:<br>\n<\/span><span id=\"es-RVA-30103\" class=\"text Heb-8-11\"><span style=\"font-size: 10px;\"><sup class=\"versenum\">11<\/sup><\/span>Y ninguno enese\u00f1ar\u00e1 \u00e1 su pr\u00f3jimo, Ni ninguno \u00e1 su hermano, diciendo: Conoce al Se\u00f1or: <strong>Porque todos me conocer\u00e1n,<\/strong> Desde el menor de ellos hasta el mayor. \u2014HEBREOS 8:8-11 <\/span><\/span><span id=\"es-RVA-30103\">(<\/span><span id=\"es-RVA-30103\"><\/span><span id=\"es-RVA-30103\">Ver JERERM\u00cdAS. 31:31-35)<\/span><span id=\"es-RVA-30103\"><\/span><span style=\"font-family: courier new, courier, monospace;\"><span id=\"es-RVA-30103\" class=\"text Heb-8-11\"><br>\n<\/span><\/span><\/em><\/p>\n<p><strong>La ineptitud es un pecado de muerte<\/strong><em> (OSEAS 4:6)<\/em><strong>;<\/strong> al\u00e9jese de ella.<\/p>\n<p><span style=\"color: #5a7e9e;\">[6:55 PM, 9\/17\/2019] Jos\u00e9 Luis Javier<\/span> <br>\n<em><span style=\"font-family: courier new, courier, monospace; color: #4d617a;\"><span style=\"font-size: 10px;\"><sup>14<\/sup><\/span><span class=\"su-highlight\" style=\"background:#fff621;color:#1b6d96\">&nbsp;Y no solamente con vosotros&nbsp;<\/span> hago yo este pacto y este juramento,<\/span><\/em><br>\n<em><span style=\"font-family: courier new, courier, monospace; color: #4d617a;\"><span style=\"font-size: 10px;\"><sup>15<\/sup><\/span>sino con los que est\u00e1n aqu\u00ed presentes hoy con nosotros delante de Jehov\u00e1 nuestro Dios, <span class=\"su-highlight\" style=\"background:#fff621;color:#1b6d96\">&nbsp;y con los que no est\u00e1n aqu\u00ed hoy con nosotros.&nbsp;<\/span> \u2014DEUTERONOMIO 29:14-15<\/span><\/em><\/p>\n<p><span style=\"color: #63a863;\">[6:55 PM, 9\/17\/2019] Alex (Evang\u00e9lico)<\/span><br>\nMe esperas voy a cenar seguimos luego va como ves est\u00e1 bueno el tema me encanta hablar de la ley<\/p>\n<p><span style=\"color: #5a7e9e;\">[6:55 PM, 9\/17\/2019] Jos\u00e9 Luis Javier<\/span><br>\n<span style=\"color: #4d617a;\"><em><span style=\"font-family: courier new, courier, monospace;\"><span style=\"font-size: 10px;\"><sup>7<\/sup><\/span>Mas ellos, cual Ad\u00e1n, traspasaron el pacto; all\u00ed prevaricaron contra m\u00ed. \u2014OSEAS 6:7<\/span><\/em><\/span><\/p>\n<p>Expl\u00edcame, por favor.<\/p>\n<p><span style=\"color: #63a863;\">[6:56 PM, 9\/17\/2019] Alex (Evang\u00e9lico)<\/span><br>\nTe explico en un momento<\/p>\n<p><span style=\"color: #008080;\"><span style=\"color: #ab9763;\">[6:56 PM, 9\/17\/2019] Teddy (Agust\u00edn)<\/span> <\/span> <br>\nEl los \u00faltimos vers\u00edculos del cap\u00edtulo 3 de g\u00e9nesis descifra, el porque debian diferenciar el bien del mal<\/p>\n<p><strong><span style=\"color: #5a7e9e;\">[EDICI\u00d3N] <\/span><\/strong><span style=\"color: #5a7e9e;\">Jos\u00e9 Luis Javier<\/span><strong><br>\n<\/strong>En efecto, Teddy. Veamos a lo que usted se refiere\u2014<\/p>\n<p><span style=\"font-family: courier new, courier, monospace; color: #4d617a;\"><em><span id=\"es-RVA-80\" class=\"text Gen-3-24\"><sup class=\"versenum\">24 <\/sup><strong>Ech\u00f3, pues, fuera al hombre,<\/strong> y puso al oriente del huerto de Ed\u00e9n querubines, y una espada encendida que se revolv\u00eda \u00e1 todos lados, <span class=\"su-highlight\" style=\"background:#fff621;color:#1b6d96\">&nbsp;para guardar el camino del \u00e1rbol de la vida.&nbsp;<\/span> \u2014G\u00c9NESIS 3:24<br>\n<\/span><\/em><\/span><\/p>\n<p>Despu\u00e9s de la ca\u00edda Ad\u00e1n y Eva, ellos fueron echados del Ed\u00e9n, <strong>y perdieron acceso al \u00e1rbol de la vida<\/strong>. Esto es para que hombre no viviera eternamente mientras este segu\u00eda pecando <em>(G\u00c9N 3:22). <\/em>Entonces dio al hombre el plan de redenci\u00f3n (G\u00c9N. 3:21), al derramar la sangre de Cristo (APC. 13:8) dando as\u00ed acceso a la gracia. Pero Dios dej\u00f3 una condici\u00f3n muy espec\u00edfica para que el hombre pudiera volver a tener acceso al \u00e1rbolde la vida, y por ende a la eternidad:<\/p>\n<p><em><span id=\"es-RVA-31094\" class=\"text Rev-22-14\" style=\"font-family: courier new, courier, monospace; color: #4d617a;\"><span style=\"font-size: 10px;\"><sup class=\"versenum\">14<\/sup><\/span>Bienaventurados LOS QUE GUARDAN SUS MANDAMIENTOS,<span class=\"su-highlight\" style=\"background:#fff621;color:#1b6d96\">&nbsp;<strong>para tener derecho al \u00e1rbol de la vida<\/strong>,&nbsp;<\/span> <strong>y que entren por las puertas en la ciudad<\/strong>. \u2014APOCALIPSIS 22:14<br>\n<\/span><\/em><\/p>\n<p><strong>\u00bfY no que Ad\u00e1n y Eva no violaron la ley de los diez mandamientos? <\/strong>Aqu\u00ed vemo claramente que el m\u00e9todo usado por Dios antes y despu\u00e9s de la ca\u00edda del hombre es el mismo:<em> \"guarda mi ley y vivir\u00e1s\" (PROV. 7:2) (G\u00c9N 3:3)<\/em><\/p>\n<p><span style=\"color: #ab9763;\">[REPETIDO] [6:56 PM, 9\/17\/2019] Teddy (Agust\u00edn)<\/span><br>\n<span style=\"color: #999999;\">El los \u00faltimos vers\u00edculos del cap\u00edtulo 3 de g\u00e9nesis descifra, el porque debian diferenciar el bien del mal<\/span><\/p>\n<p><span style=\"color: #5a7e9e;\">[6:56 PM, 9\/17\/2019] Jos\u00e9 Luis Javier<\/span><br>\n<strong>\u00bfY qu\u00e9 es lo que te ense\u00f1a el bien y el mal?<\/strong><\/p>\n<p><span style=\"color: #4d617a;\"><em><span style=\"font-family: courier new, courier, monospace;\"><span style=\"font-size: 10px;\"><sup>7<\/sup><\/span>\u00bfQu\u00e9 diremos, pues? \u00bfLA LEY ES PECADO? En ninguna manera. <span class=\"su-highlight\" style=\"background:#fff621;color:#1b6d96\">&nbsp;Pero yo no conoc\u00ed el pecado sino por la ley;&nbsp;<\/span> porque tampoco conociera la codicia, si la ley no dijera: No codiciar\u00e1s. \u2014ROMANOS 7:7<\/span><\/em><\/span><\/p>\n<p><span style=\"color: #5a7e9e;\">[6:58 PM, 9\/17\/2019] Jos\u00e9 Luis Javier<\/span><br>\nMe est\u00e1s ayudando, Teddy.<\/p>\n<p><span style=\"color: #008080;\"><span style=\"color: #ab9763;\">[6:58 PM, 9\/17\/2019] Teddy (Agust\u00edn)<\/span> <\/span><br>\nBueno los vers\u00edculos finales del cap\u00edtulo 3 se g\u00e9nesis, dice claramente AHORA SON COMO UNO DE NOSOTROS CONOCIENDO EL BIEN Y EL MAL, a continuaci\u00f3n se les corta el camino que lleva al \u00e1rbol de la vida con 2 querubines y espada llameante, para que no siguieran siendo inmortales.<\/p>\n<p>Comiendo del \u00e1rbol de la vida<\/p>\n<p><span style=\"color: #5a7e9e;\"><strong>[EDICI\u00d3N]<\/strong> Jos\u00e9 Luis Javier<\/span> <br>\nOK, correcto, ya expand\u00ed al respecto.<\/p>\n<p><span style=\"color: #5a7e9e;\">[6:59 PM, 9\/17\/2019] Jos\u00e9 Luis Javier<\/span><br>\n<strong>\u00bfConoc\u00eda Ad\u00e1n el bien y el mal antes de pecar?<\/strong><\/p>\n<p><span style=\"color: #008080;\"><span style=\"color: #ab9763;\">[6:59 PM, 9\/17\/2019] Teddy (Agust\u00edn)<\/span> <\/span><br>\n<span style=\"color: #ff0000;\">Porque <span style=\"text-decoration: underline;\"><strong>no permiti\u00f3<\/strong><\/span> Dios que nacieran cain y abel dentro de la inmortalidad?<\/span><\/p>\n<p><strong><span style=\"color: #5a7e9e;\">[EDICI\u00d3N] <\/span><\/strong><span style=\"color: #5a7e9e;\">Jos\u00e9 Luis Javier<\/span><strong><br>\n<\/strong>Esta pregunta no me percat\u00e9 durante el debate, pero aqu\u00ed te doy la respuesta, Teddy.<\/p>\n<p>\u00bfD\u00f3nde dice la Biblia que Dios no permiti\u00f3 que Ca\u00edn y Abel nacieran antes de la inmortalidad? \u00bfBajo qu\u00e9 pricipio b\u00edblico t\u00fa conluyes que Dios no permiti\u00f3 <strong>[Una acci\u00f3n]<\/strong> que Ca\u00edn y Abel nacieran antes de Ad\u00e1n y Eva pecar? De hecho, <strong>la Biblia ense\u00f1a excatamente lo contrario<\/strong>\u2014<\/p>\n<p><span style=\"color: #4d617a;\"><em><span id=\"es-RVA-28\" class=\"text Gen-1-28\" style=\"font-family: courier new, courier, monospace;\"><span style=\"font-size: 10px;\"><sup class=\"versenum\">28<\/sup><\/span>Y los bendijo Dios;y d\u00edjoles Dios:<strong>&nbsp;<\/strong><span class=\"su-highlight\" style=\"background:#fff621;color:#313131\">&nbsp;Fructificad y multiplicad, y henchid la tierra,&nbsp;<\/span> y sojuzgadla, y se\u00f1oread en los peces de la mar, y en las aves de los cielos, y en todas las bestias que se mueven sobre la tierra. \u2014G\u00c9NESIS 1:28<br>\n<\/span><\/em><\/span><\/p>\n<p>Esta fue la primera orden que Dios le di\u00f3 al hombre despu\u00e9s de ser creado <em>(G\u00c9N. 1:26-27), <\/em><strong>antes que el hombre cayera<\/strong>. La raz\u00f3n por la que Ca\u00edn y Abel no viniero antes del pecado no fue porque Dios lo prohibi\u00f3, como t\u00fa falsamente presentas, sino porque Ad\u00e1n y Eva pecaron demasiado r\u00e1pido. De hecho, Ad\u00e1n y Eva pecaron el mismo primer a\u00f1o de su creaci\u00f3n. <strong>Eso te lo dejo de tarea,<\/strong> \u00a1aunque ya present\u00e9 los textos b\u00edblicos que as\u00ed lo afirman!<\/p>\n<p><span style=\"color: #999999;\">[7:00 PM, 9\/17\/2019] Jos\u00e9 Luis Javier<\/span><br>\n\u00bfC\u00f3mo volvemos a tener acceso al \u00c1rbol de la Vida? [Ya ha sido explicado]\n[Ca\u00edn y Abel nacieron despu\u00e9s de la inmortalidad] porque ya hab\u00eda entrado el pecado. <strong>\u00bfSab\u00eda Ca\u00edn que matar es malo?<\/strong><\/p>\n<p><span style=\"color: #008080;\"><span style=\"color: #ab9763;\">[7:01 PM, 9\/17\/2019] [7:03 PM, 9\/17\/2019] (Agust\u00edn)<\/span> <\/span> <br>\nNo, pues a consecuencia de comer del fruto que se les prohibi\u00f3, vino lo fundamental a todos los humanos,, el libre albedr\u00edo la libertad de elecci\u00f3n siendo conscientes de lo que es el bien y lo que no. Si el ya si, pues sab\u00eda lo que ocurri\u00f3 con sus padres en el jard\u00edn del ed\u00e9n<\/p>\n<p><span style=\"color: #5a7e9e;\">[7:02 PM, 9\/17\/2019] Jos\u00e9 Luis Javier<\/span> <br>\n<strong>Si no lo conoc\u00edan, \u00bfC\u00f3mo entonces pod\u00edan entender las consecuencias del comer del \u00e1rbol de la ciencia?<\/strong><\/p>\n<p><span style=\"color: #ab9763;\">[7:02 PM, 9\/17\/2019] Teddy (Agust\u00edn)<\/span><br>\nY como fueron expulsados<\/p>\n<p><span style=\"color: #5a7e9e;\">[7:02 PM, 9\/17\/2019] Jos\u00e9 Luis Javier<\/span><br>\n<strong>\u00bfHay un mandamiento que dice \"no matar\u00e1s\"? <\/strong>Recuerda, t\u00fa dices que la ley de los diez mandamientos no exist\u00eda en el Ed\u00e9n.<\/p>\n<p><em><span style=\"font-family: courier new, courier, monospace;\"><\/span><\/em><\/p><div class=\"su-box su-box-style-default\" id style=\"border-color:#cc0000;border-radius:3px;max-width:none\"><div class=\"su-box-title\" style=\"background-color:#ff0000;color:#FFFFFF;border-top-left-radius:1px;border-top-right-radius:1px\">AD\u00c1N Y LA LEY<\/div><div class=\"su-box-content su-u-clearfix su-u-trim\" style=\"border-bottom-left-radius:1px;border-bottom-right-radius:1px\"><span style=\"font-size: 10px;\"><sup>7<\/sup><\/span><strong>Mas ellos, cual Ad\u00e1n, traspasaron el pacto; all\u00ed prevaricaron contra m\u00ed.<\/strong> \u2014OSEAS 6:7<\/div><\/div>\n<p><span style=\"color: #008080;\"><span style=\"color: #ab9763;\">[7:03 PM, 9\/17\/2019] (Agust\u00edn)<\/span> <\/span> <br>\nEllos no conoc\u00edan la muerte ni la enfermedad, ni la vejez, luego entonces eran como seres sin pulir<strong> eran como ni\u00f1os o como seres sin pecaminosidad<\/strong><\/p>\n<p><span style=\"color: #5a7e9e;\">[7:04 PM, 9\/17\/2019] Jos\u00e9 Luis Javier<\/span><br>\nPero Dios le dijo \"ciertamente morir\u00e1s\". <strong>\u00c9l <\/strong>[Ad\u00e1n] <strong>ten\u00eda que entender eso,<\/strong> \u00bfNo?<\/p>\n<p>Es muy simple Hermano. Usted se est\u00e1 ahogando en un vaso de agua.<\/p>\n<p><span style=\"color: #008080;\"><span style=\"color: #ab9763;\">[7:04 PM, 9\/17\/2019] Teddy (Agust\u00edn)<\/span> <\/span><br>\nNi siquiera quiera los animales mor\u00edan ni enfermaban<\/p>\n<p>En efecto,Teddy, donde se guarda la ley, no puede haber muerte. La violaci\u00f3n a la ley es lo que define el pecado <em>(1 JUAN 3:4). Y<\/em> <em>\"la paga del pecado\"<\/em>\u2014es decir, la paga por violar la ley, \"es la muerte\"<em> (ROM. 6:23)<\/em>. \u00bfQu\u00e9 tan dificil de entender es algo tan simple?<\/p>\n<p><span style=\"color: #5a7e9e;\">[7:04 PM, 9\/17\/2019] Jos\u00e9 Luis Javier<\/span><br>\n<span class=\"su-highlight\" style=\"background:#fff621;color:#1b6d96\">&nbsp;\u00bfUna vez m\u00e1s que es los que nos dice a nosotros la diferencia entre. Bien y el mal?&nbsp;<\/span>\n<\/p><p>Todo era perfecto&#8230; Porque la ley de Dios es perfecta\u2014<\/p>\n<p><span style=\"color: #4d617a;\"><em><span style=\"font-family: courier new, courier, monospace;\"><span style=\"font-size: 10px;\"><sup>7<\/sup><\/span><span class=\"su-highlight\" style=\"background:#fff621;color:#1b6d96\">&nbsp;La ley de Jehov\u00e1 es perfecta,&nbsp;<\/span> que vuelve el alma: El testimonio de Jehov\u00e1, fiel, que hace sabio al peque\u00f1o. \u2014SALMOS 19:7<\/span><\/em><\/span><\/p>\n<p><span style=\"color: #008080;\"><span style=\"color: #ab9763;\">[7:05 PM, 9\/17\/2019] Teddy (Agust\u00edn)<\/span> <\/span><br>\nNo sabr\u00edas diferenciarlos si nunca se hubieran conocido. Y todo entra dentro de un plan<\/p>\n<p><span style=\"color: #5a7e9e;\">[7:05 PM, 9\/17\/2019] Jos\u00e9 Luis Javier<\/span><br>\n[Todo era perfecto] <strong>hasta que el hombre pec\u00f3 (vol\u00f3 la Ley).<\/strong><\/p>\n<p><span style=\"color: #008080;\"><span style=\"color: #ab9763;\">[REPETICION] [7:05 PM, 9\/17\/2019] Teddy (Agust\u00edn)<\/span> <\/span><br>\n<span style=\"color: #ff0000;\">No sabr\u00edas diferenciarlos si nunca se hubieran conocido. <\/span>Y todo entra dentro de un plan<\/p>\n<p><span style=\"color: #5a7e9e;\">[7:06 PM, 9\/17\/2019] Jos\u00e9 Luis Javier<\/span> <br>\n\u00bfEntonces Dios es injusto? <strong>\u00bfNo los castig\u00f3 Dios por desobediente?<\/strong><\/p>\n<p><span style=\"color: #ab9763;\">[7:07 PM, 9\/17\/2019] Teddy (Agust\u00edn)<\/span><br>\nCre\u00e9is vosotros que si Dios realmente hubiera querido las cosas as\u00ed no hubiera destruido al momento a satan\u00e1s? O hubiera hecho otra pareja si realmente el quer\u00eda eso?<\/p>\n<p><span style=\"color: #5a7e9e;\">[7:07 PM, 9\/17\/2019] Jos\u00e9 Luis Javier<\/span> <br>\n<strong>\u00bfSabe un ni\u00f1o de dos a\u00f1os que matar es malo?<\/strong><\/p>\n<p><span style=\"color: #008080;\"><span style=\"color: #ab9763;\">[7:07 PM, 9\/17\/2019] Teddy (Agust\u00edn)<\/span> <\/span><br>\n<span style=\"color: #ff0000;\">Tu lo as dicho es un ni\u00f1o, al igual que ad\u00e1n y Eva<\/span><\/p>\n<p><span style=\"color: #5a7e9e;\">[7:07 PM, 9\/17\/2019] Jos\u00e9 Luis Javier<\/span><br>\n\u00bfQuiso Dios que Ad\u00e1n y Eva pecaran? [T\u00fa dijiste que todo era parte de un plan]\n<\/p><p><strong>Ah<\/strong>\u2014<strong>pu\u00e9s, entonces Dios es injusto.<\/strong><\/p>\n<p><span style=\"color: #008080;\"><span style=\"color: #ab9763;\">[7:08 PM, 9\/17\/2019] Teddy (Agust\u00edn)<\/span> <\/span><br>\n<span style=\"color: #ff0000;\">Entraba dentro de un plan m\u00e1s grandioso que nuestro punto de vista<\/span><\/p>\n<p><span style=\"color: #5a7e9e;\">[7:08 PM, 9\/17\/2019] Jos\u00e9 Luis Javier<\/span><br>\n[Si Dios] los castig\u00f3 por hacer algo que no entend\u00edan. <strong>Eso se llama injusticia<\/strong><\/p>\n<p><strong>Ya est\u00e1s filosofando, y lo sabes. <\/strong>Dios es Santo <em>(1 PED 1:15-16),<\/em> no lo olvides: Tambi\u00e9n justo (<em>ESD. 9:15<\/em>,<em>). <\/em>Y Dios\u2014mi amigo, no va a castigar a nadie que no est\u00e9 consciente de lo que est\u00e1 cometiendo.<\/p>\n<p><em><span style=\"font-family: courier new, courier, monospace; color: #4d617a;\"><span style=\"font-size: 10px;\"><sup>5<\/sup><\/span>Clemente es Jehov\u00e1 y <strong>justo; S\u00ed, misericordioso<\/strong> es nuestro Dios. \u2014SALMOS 116:5<\/span><\/em><\/p>\n<p><span style=\"color: #008080;\"><span style=\"color: #ab9763;\">[7:09 PM, 9\/17\/2019] Teddy (Agust\u00edn)<\/span> <\/span><br>\nSabemos que cristo estaba <span style=\"color: #ff0000;\">predestinado<\/span> a entregar su vida en sacrificio por toda la humanidad desde antes que el mundo fuese creado,,, como es posible eso s\u00ed no hay un plan?<\/p>\n<p><span style=\"color: #008080;\"><span style=\"color: #ab9763;\">[7:09 PM, 9\/17\/2019] Teddy (Agust\u00edn)<\/span> <\/span><br>\nContestarme a eso<\/p>\n<p><span style=\"color: #5a7e9e;\">[7:10 PM, 9\/17\/2019] Jos\u00e9 Luis Javier<\/span> <br>\nDame el texto B\u00edblico. Primero, ya te demostr\u00e9 que la ley es para la humanidad, y no has comenTado al respecto.<\/p>\n<p><span style=\"color: #008080;\"><span style=\"color: #ab9763;\">[7:17 PM, 9\/17\/2019] (Agust\u00edn)<\/span> <\/span> <br>\n<strong>1 de pedro 1:19 y 20<\/strong><\/p>\n<p><span style=\"color: #5a7e9e;\">[7:17 PM, 9\/17\/2019] Jos\u00e9 Luis Javier<\/span><br>\n<span style=\"color: #4d617a;\"><em><span style=\"font-family: courier new, courier, monospace;\"><sup>19<\/sup>sino con la sangre preciosa de Cristo, como de un cordero sin mancha y sin contaminaci\u00f3n,<\/span><\/em><\/span><br>\n<span style=\"color: #4d617a;\"><em><span style=\"font-family: courier new, courier, monospace;\"><sup>20<\/sup><span class=\"su-highlight\" style=\"background:#fff621;color:#1b6d96\">&nbsp;ya destinado desde antes de la fundaci\u00f3n del mundo,&nbsp;<\/span> pero manifestado en los postreros tiempos por amor de vosotros, \u20141 PEDRO 1:19-20<br>\n<\/span><\/em><\/span><\/p>\n<p>Ya te lo ten\u00eda [el texto b\u00edblico]. Hermano, \u00bfD\u00f3nde comenz\u00f3 el pecado?<\/p>\n<p><span style=\"color: #008080;\"><span style=\"color: #ab9763;\">[7:18 PM, 9\/17\/2019] Teddy (Agust\u00edn)<\/span> <\/span><br>\nEl estaba ya destinado a venir a la tierra, como es antes de la fundaci\u00f3n del mundo tambi\u00e9n se puede escribir o traducir predestinado. Pues es antes de hacer la tierra.<\/p>\n<p><span style=\"color: #5a7e9e;\">[7:19 PM, 9\/17\/2019] Jos\u00e9 Luis Javier<\/span> <br>\nPredestinado es otra cosa&#8230; Pero d\u00edgame, \u00bfD\u00f3nde comenz\u00f3 el pecado?<\/p>\n<p>La pregunta que yo le hago,<strong> \u00bfSab\u00eda Dios que el hombre pecaria, o Dios lo predestin\u00f3 para pecar?<\/strong><\/p>\n<p>No me busque en Google, hermano. Usted mismo lo prohibi\u00f3.<\/p>\n<p><span style=\"color: #008080;\"><span style=\"color: #ab9763;\">[7:22 PM, 9\/17\/2019] Teddy (Agust\u00edn)<\/span> <\/span><br>\n<strong>PREGUNTAS Y RESPUESTAS DEL CANAL MORMON<\/strong><\/p>\n<p>La caida parte 1 y 2<\/p>\n<p><span style=\"color: #008080;\"><span style=\"color: #ab9763;\">[7:23 PM, 9\/17\/2019] Teddy (Agust\u00edn)<\/span> <\/span> <br>\n<span style=\"color: #ff0000;\">Aqu\u00ed hay una explicaci\u00f3n clara<\/span><\/p>\n<div class=\"su-audio\" data-id=\"su_audio_player_69f41735513f3\" data-audio=\"https:\/\/www.cristoverdad.com\/wp-content\/uploads\/2019\/09\/01_Teddy-Canal-Mormon-2019-09-17_01.mp3\" data-swf=\"https:\/\/www.cristoverdad.com\/wp-content\/plugins\/shortcodes-ultimate\/vendor\/jplayer\/jplayer.swf\" data-autoplay=\"no\" data-loop=\"no\" style=\"max-width:50%\"><div id=\"su_audio_player_69f41735513f3\" class=\"jp-jplayer\"><\/div><div id=\"su_audio_player_69f41735513f3_container\" class=\"jp-audio\"><div class=\"jp-type-single\"><div class=\"jp-gui jp-interface\"><div class=\"jp-controls\"><span class=\"jp-play\"><\/span><span class=\"jp-pause\"><\/span><span class=\"jp-stop\"><\/span><span class=\"jp-mute\"><\/span><span class=\"jp-unmute\"><\/span><span class=\"jp-volume-max\"><\/span><\/div><div class=\"jp-progress\"><div class=\"jp-seek-bar\"><div class=\"jp-play-bar\"><\/div><\/div><\/div><div class=\"jp-volume-bar\"><div class=\"jp-volume-bar-value\"><\/div><\/div><div class=\"jp-current-time\"><\/div><div class=\"jp-duration\"><\/div><\/div><div class=\"jp-title\"><\/div><\/div><\/div><\/div>\n<div class=\"su-audio\" data-id=\"su_audio_player_69f4173551468\" data-audio=\"https:\/\/www.cristoverdad.com\/wp-content\/uploads\/2019\/09\/02_Teddy-Canal-Mormon-2019-09-17_01.mp3\" data-swf=\"https:\/\/www.cristoverdad.com\/wp-content\/plugins\/shortcodes-ultimate\/vendor\/jplayer\/jplayer.swf\" data-autoplay=\"no\" data-loop=\"no\" style=\"max-width:50%\"><div id=\"su_audio_player_69f4173551468\" class=\"jp-jplayer\"><\/div><div id=\"su_audio_player_69f4173551468_container\" class=\"jp-audio\"><div class=\"jp-type-single\"><div class=\"jp-gui jp-interface\"><div class=\"jp-controls\"><span class=\"jp-play\"><\/span><span class=\"jp-pause\"><\/span><span class=\"jp-stop\"><\/span><span class=\"jp-mute\"><\/span><span class=\"jp-unmute\"><\/span><span class=\"jp-volume-max\"><\/span><\/div><div class=\"jp-progress\"><div class=\"jp-seek-bar\"><div class=\"jp-play-bar\"><\/div><\/div><\/div><div class=\"jp-volume-bar\"><div class=\"jp-volume-bar-value\"><\/div><\/div><div class=\"jp-current-time\"><\/div><div class=\"jp-duration\"><\/div><\/div><div class=\"jp-title\"><\/div><\/div><\/div><\/div>\n<p><span style=\"color: #5a7e9e;\">[7:23 PM, 9\/17\/2019] Jos\u00e9 Luis Javier<\/span><br>\nHermanano, respete el espacio&#8230; Estamos teniendo un debate aqu\u00ed en este momento.<\/p>\n<p><strong><span style=\"color: #5a7e9e;\">[EDICI\u00d3N] <\/span><\/strong><span style=\"color: #5a7e9e;\">Jos\u00e9 Luis Javier<\/span><strong><br>\n<\/strong>No me hab\u00eda percatado que estaba habalndo con otra persona y no con Alex, que se hab\u00eda ido a cenar, pues no ten\u00eda lso n\u00fameros archivados en mis contactos. Al ver los audios fue que me d\u00ed cuenta que era otra persona.<\/p>\n<p><span style=\"color: #5a7e9e;\">[7:23 PM, 9\/17\/2019] Jos\u00e9 Luis Javier<\/span><br>\nGracias.<\/p>\n<p><span style=\"color: #008080;\"><span style=\"color: #ab9763;\">[7:23 PM, 9\/17\/2019] Teddy (Agust\u00edn)<\/span> <\/span><br>\nEsto no es un debate<\/p>\n<p><span style=\"color: #5a7e9e;\">[7:23 PM, 9\/17\/2019] Jos\u00e9 Luis Javier<\/span><br>\nLuego p\u00fablica su material.<\/p>\n<p><span style=\"color: #008080;\"><span style=\"color: #ab9763;\">[7:23 PM, 9\/17\/2019] Teddy (Agust\u00edn)<\/span> <\/span><br>\nEstoy pasando informaci\u00f3n<\/p>\n<p><span style=\"color: #5a7e9e;\">[7:23 PM, 9\/17\/2019] Jos\u00e9 Luis Javier<\/span><br>\nSi, es un Debate. La puede pasar m\u00e1s adelante. No hay problemas con eso.<\/p>\n<p><span style=\"color: #008080;\"><span style=\"color: #ab9763;\">[7:24 PM, 9\/17\/2019] Teddy (Agust\u00edn)<\/span> <\/span><br>\nOk adelante<\/p>\n<p><span style=\"color: #5a7e9e;\">[7:24 PM, 9\/17\/2019] Jos\u00e9 Luis Javier<\/span><br>\nMuchas gracias, se le agradece la cortes\u00eda.<\/p>\n<p><span style=\"color: #5a7e9e;\">[7:28 PM, 9\/17\/2019] Jos\u00e9 Luis Javier<\/span><br>\n<strong>\u00bfPredestin\u00f3 Dios al hombre para que pecara?<\/strong><\/p>\n<p>Solo estoy esperando por el hermano \u00c1lex que regrese. Orando que todo est\u00e9 bien con \u00e9l.<\/p>\n<p><span style=\"color: #63a863;\">[7:53 PM, 9\/17\/2019] Alex (Evang\u00e9lico)<\/span> <br>\nYa estoy de vuelta<\/p>\n<p><span style=\"color: #5a7e9e;\">[7:53 PM, 9\/17\/2019] Jos\u00e9 Luis Javier<\/span> <br>\n<span style=\"color: #4d617a;\"><em><span style=\"font-family: courier new, courier, monospace;\"><sup>49<\/sup>La misma ley ser\u00e1<span class=\"su-highlight\" style=\"background:#fff621;color:#1b6d96\">&nbsp;para el natural, y para el extranjero&nbsp;<\/span> que habitare entre vosotros. \u2014\u00c9XODO 12:49<\/span><\/em><\/span><\/p>\n<p><span style=\"color: #63a863;\">[7:53 PM, 9\/17\/2019] Alex (Evang\u00e9lico)<\/span> <br>\nEn que nos quedamos veo muchos mensajes<\/p>\n<p><span style=\"color: #5a7e9e;\">[7:53 PM, 9\/17\/2019] Jos\u00e9 Luis Javier<\/span> <br>\nQu\u00e9 bien. \u00bfTodo bien con usted hermano?<\/p>\n<p>No son muchos [mensajes]. [Ua nez m\u00e1s, yo no sab\u00eda que hab\u00eda estado hablando on otra persona por un buen rato]\n<\/p><p><span style=\"color: #63a863;\">[7:54 PM, 9\/17\/2019] Alex (Evang\u00e9lico)<\/span> <br>\nClaro gracias a Dios. Adelante<\/p>\n<p><span style=\"color: #5a7e9e;\">[7:54 PM, 9\/17\/2019] Jos\u00e9 Luis Javier<\/span><br>\nOk, <strong>\u00bfYa quedamos Claro que la ley fue para toda la humildad?<\/strong><\/p>\n<p><span style=\"color: #63a863;\">[7:54 PM, 9\/17\/2019] Alex (Evang\u00e9lico)<\/span><br>\nOk entonces t\u00fa dices aya la ley es para todo los humanos. De acuerdo.<\/p>\n<p><span style=\"color: #5a7e9e;\">[7:55 PM, 9\/17\/2019] Jos\u00e9 Luis Javier<\/span><br>\nNo, lo digo, lo dice la Biblia.<\/p>\n<p><span style=\"color: #63a863;\">[7:55 PM, 9\/17\/2019] Alex (Evang\u00e9lico)<\/span> <br>\nNo no estoy de acuerdo [que la ley fue para toda la humanidad]\n<\/p><p><strong><span style=\"color: #5a7e9e;\">[EDICI\u00d3N] <\/span><\/strong><span style=\"color: #5a7e9e;\">Jos\u00e9 Luis Javier<\/span><strong><br>\n<\/strong>Dice la palabra de Dios\u2014<strong><br>\n<\/strong><\/p>\n<p><em><span style=\"font-family: courier new, courier, monospace;\"><span style=\"color: #4d617a;\"><span style=\"font-size: 10px;\"><sup>27<\/sup><\/span>Tambi\u00e9n les dijo: El s\u00e1bado <b>por<\/b> <b>causa<\/b> <b>del<\/b> <b>hombre<\/b> es hecho; no el <b>hombre<\/b> <b>por<\/b> <b>causa<\/b> <b>del<\/b> s\u00e1bado. \u2014MARCOS 2:27<\/span><br>\n<\/span><\/em><\/p>\n<p><strong>\u00bfD\u00f3nde dice en la Biblia que el d\u00eda de reposo fue hecho por causa de los Israelitas?<\/strong> <em>\"Por causa del hombre\"<\/em> es eso simplemente eso, <em>\"por causa del hombre\"<\/em>\u2014la humanidad. <strong>\u00a1Y el primer hombre creado fue Ad\u00e1n, quien no fue Israelita!<\/strong><\/p>\n<p><span style=\"color: #75bd75;\"><span style=\"color: #63a863;\">[7:55 PM, 9\/17\/2019] Alex (Evang\u00e9lico)<\/span><br>\n<\/span>Donde ?<\/p>\n<p><span style=\"color: #5a7e9e;\">[7:55 PM, 9\/17\/2019] Jos\u00e9 Luis Javier<\/span> <br>\n\u00bfNo est\u00e1 de acuerdo con Dios?<\/p>\n<p><span style=\"color: #63a863;\">[7:55 PM, 9\/17\/2019] Alex (Evang\u00e9lico)<\/span><br>\nLa biblia dice que Israel<\/p>\n<p><span style=\"color: #5a7e9e;\">[7:55 PM, 9\/17\/2019] Jos\u00e9 Luis Javier<\/span><\/p>\n<div class=\"su-box su-box-style-default\" id style=\"border-color:#0c0c0c;border-radius:3px;max-width:none\"><div class=\"su-box-title\" style=\"background-color:#3f3f3f;color:#FFFFFF;border-top-left-radius:1px;border-top-right-radius:1px\">LA LEY Y EL EXTRANJERO<\/div><div class=\"su-box-content su-u-clearfix su-u-trim\" style=\"border-bottom-left-radius:1px;border-bottom-right-radius:1px\"><span style=\"font-size: 10px;\"><sup>49<\/sup><\/span> <em>La misma ley ser\u00e1 para el natural, <strong>y para el extranjero<\/strong> que habitare entre vosotros. \u2014\u00c9XODO 12:49<\/em><\/div><\/div>\n<p><span style=\"color: #63a863;\">[7:55 PM, 9\/17\/2019] Alex (Evang\u00e9lico)<\/span> <br>\nMuetrame donde guardaban el s\u00e1bado los cananeos los filisteos. Mu\u00e9strame si dices que es para todo el mundo<\/p>\n<p><span style=\"color: #5a7e9e;\">[7:56 PM, 9\/17\/2019] Jos\u00e9 Luis Javier<\/span><br>\n<strong>Por eso Dios los destruy\u00f3&#8230; Por violar la ley. <\/strong><\/p>\n<p><span style=\"color: #5a7e9e;\"><strong>[EDICI\u00d3N] <\/strong>Jos\u00e9 Luis Javier<\/span><br>\nMu\u00e9strame cuando el diablo ha guardado la ley de Dios. Es decir, <strong>cu\u00e1ndo el diablo ha servido a Dios.<\/strong> \u00bfEs ese el mejor argumento que tienes?<strong><br>\n<\/strong><\/p>\n<p><span style=\"color: #63a863;\">[7:56 PM, 9\/17\/2019] Alex (Evang\u00e9lico)<\/span><br>\nNo tiene l\u00f3gica tu teor\u00eda<\/p>\n<p><span style=\"color: #5a7e9e;\">[7:56 PM, 9\/17\/2019] Jos\u00e9 Luis Javier<\/span> <br>\nNo tengo teor\u00eda, <strong>\u00a1Tengo la Biblia!<\/strong><\/p>\n<p><span style=\"color: #63a863;\">[7:56 PM, 9\/17\/2019] Alex (Evang\u00e9lico)<\/span><br>\nDonde dice eso la biblia<\/p>\n<p><span style=\"color: #999999;\"><span style=\"color: #5a7e9e;\">[7:56 PM, 9\/17\/2019] Jos\u00e9 Luis Javier<\/span><br>\n<\/span><\/p><div class=\"su-box su-box-style-default\" id style=\"border-color:#0c0c0c;border-radius:3px;max-width:none\"><div class=\"su-box-title\" style=\"background-color:#3f3f3f;color:#FFFFFF;border-top-left-radius:1px;border-top-right-radius:1px\">LA LEY Y EL EXTRANJERO<\/div><div class=\"su-box-content su-u-clearfix su-u-trim\" style=\"border-bottom-left-radius:1px;border-bottom-right-radius:1px\"><span style=\"font-size: 10px;\"><sup>49<\/sup><\/span> <em>La misma ley ser\u00e1 para el natural, <strong>y para el extranjero<\/strong> que habitare entre vosotros. \u2014\u00c9XODO 12:49<\/em><\/div><\/div>\n<p><span style=\"color: #999999;\">[7:56 PM, 9\/17\/2019] Jos\u00e9 Luis Javier<\/span> <br>\nExpl\u00edqueme.<\/p>\n<p><span style=\"color: #63a863;\">[7:56 PM, 9\/17\/2019] Alex (Evang\u00e9lico)<\/span><br>\n<span style=\"color: #ff0000;\">Entonces no era obligatorio guardar la ley<\/span><\/p>\n<p><span style=\"color: #5a7e9e;\">[7:59 PM, 9\/17\/2019] Jos\u00e9 Luis Javier<\/span> <br>\n<span style=\"color: #4d617a; font-family: arial, helvetica, sans-serif;\"><em><\/em><\/span><\/p><div class=\"su-expand su-expand-collapsed su-expand-link-style-default\" data-height=\"100\"><div class=\"su-expand-content su-u-trim\" style=\"color:#333333;max-height:100px;overflow:hidden\"><div class=\"su-box su-box-style-default\" id style=\"border-color:#cc0000;border-radius:3px;max-width:none\"><div class=\"su-box-title\" style=\"background-color:#ff0000;color:#FFFFFF;border-top-left-radius:1px;border-top-right-radius:1px\">DESECHADOS POR VIOLAR LA LEY<\/div><div class=\"su-box-content su-u-clearfix su-u-trim\" style=\"border-bottom-left-radius:1px;border-bottom-right-radius:1px\">\n<span style=\"color: #333333\"><span style=\"font-size: 10px\"><sup>22<\/sup><\/span>No te echar\u00e1s con var\u00f3n como con mujer;<span class=\"su-highlight\" style=\"background:#fff621;color:#313131\">&nbsp;es abominaci\u00f3n.&nbsp;<\/span> <\/span><br>\n<span style=\"color: #333333\"><span style=\"font-size: 10px\"><sup>23<\/sup><\/span>Ni con ning\u00fan animal tendr\u00e1s ayuntamiento amancill\u00e1ndote con \u00e9l, ni mujer alguna se pondr\u00e1 delante de animal para ayuntarse con \u00e9l; es perversi\u00f3n. <\/span><br>\n<span style=\"color: #333333\"><span style=\"font-size: 10px\"><sup>24<\/sup><\/span>En ninguna de estas cosas os amancillar\u00e9is; pues en todas estas cosas se han corrompido las naciones que yo echo de delante de vosotros, <\/span><br>\n<span style=\"color: #333333\"><span style=\"font-size: 10px\"><sup>25<\/sup><\/span>y la tierra fue contaminada; <span class=\"su-highlight\" style=\"background:#fff621;color:#1b6d96\">&nbsp;y yo visit\u00e9 su maldad sobre ella, y la tierra vomit\u00f3 sus moradores.&nbsp;<\/span><\/span><br>\n<span style=\"color: #333333\"><span style=\"font-size: 10px\"><sup>26<\/sup><\/span>Guardad, pues, vosotros mis estatutos y mis ordenanzas, y no hag\u00e1is ninguna de estas abominaciones, <strong>ni el natural ni el extranjero<\/strong> que mora entre vosotros. <\/span><br>\n<span style=\"color: #333333\"><span style=\"font-size: 10px\"><sup>27<\/sup><\/span>(Porque todas estas abominaciones hicieron los hombres de la tierra, que fueron antes de vosotros, y la tierra fue contaminada:) |<\/span><br>\n<span style=\"color: #333333\"><span style=\"font-size: 10px\"><sup>28<\/sup><\/span>Y la tierra no os vomitar\u00e1, por haberla contaminado, <span style=\"color: #ff0000\">como vomit\u00f3 \u00e1 la gente que fu\u00e9 antes de vosotros<\/span>. <\/span><br>\n<span style=\"color: #333333\"><span style=\"font-size: 10px\"><sup>29<\/sup><\/span>Porque cualquiera que hiciere alguna de todas estas abominaciones, las personas que las hicieren, ser\u00e1n cortadas de entre su pueblo. <\/span><br>\n<span style=\"color: #333333\"><span style=\"font-size: 10px\"><sup>30<\/sup><\/span>Guardad, pues, mi ordenanza, no haciendo de las pr\u00e1cticas abominables <span class=\"su-highlight\" style=\"background:#fff621;color:#1b6d96\">&nbsp;que tuvieron lugar antes de vosotros,&nbsp;<\/span> y no os ensuci\u00e9is en ellas: Yo Jehov\u00e1 vuestro Dios.<\/span> \u2014LEVTICO 18:22-30<\/div><\/div><\/div><div class=\"su-expand-link su-expand-link-more\" style=\"text-align:left\"><a href=\"javascript:;\" style=\"color:#0088FF;border-color:#0088FF\"><i class=\"sui sui-align-right\" style aria-label><\/i><span style=\"border-color:#0088FF\">expandir<\/span><\/a><\/div><div class=\"su-expand-link su-expand-link-less\" style=\"text-align:left\"><a href=\"javascript:;\" style=\"color:#0088FF;border-color:#0088FF\"><span style=\"border-color:#0088FF\">&lt;&lt; abreviar<\/span><\/a><\/div><\/div>\n<p><span style=\"color: #63a863;\">[7:59 PM, 9\/17\/2019] Alex (Evang\u00e9lico)<\/span> <br>\n<strong>Ok entonces por qu\u00e9 no destruy\u00f3 a los egipcios?<br>\n<\/strong>Ellos violaban la ley<\/p>\n<p><span style=\"color: #999999;\"><span style=\"color: #5a7e9e;\">[8:00 PM, 9\/17\/2019] Jos\u00e9 Luis Javier<\/span><br>\n<\/span><span style=\"color: #4d617a;\"><em><span style=\"font-family: courier new, courier, monospace;\"><span style=\"font-size: 10px;\"><sup>1<\/sup><\/span>Cuando Jehov\u00e1 tu Dios te haya introducido en la tierra en la cual entrar\u00e1s para tomarla, <span class=\"su-highlight\" style=\"background:#fff621;color:#1b6d96\">&nbsp;y haya echado de delante de ti&nbsp;<\/span> a muchas naciones, <span class=\"su-highlight\" style=\"background:#fff621;color:#1b6d96\">&nbsp;al heteo, al gergeseo, al amorreo, al cananeo, al ferezeo, al heveo y al jebuseo,&nbsp;<\/span> siete naciones mayores y m\u00e1s poderosas que t\u00fa, \u2014DEUTERONOMIO 7:1<\/span><\/em><\/span><\/p>\n<p><span style=\"color: #63a863;\">[8:00 PM, 9\/17\/2019] Alex (Evang\u00e9lico)<\/span><br>\n<span style=\"color: #ff0000;\">Y asta el D\u00eda de hoy existe como naci\u00f3n egicto<\/span><\/p>\n<p><span style=\"color: #5a7e9e;\">[8:00 PM, 9\/17\/2019] Jos\u00e9 Luis Javier<\/span> <br>\nLee hechos 13:19<\/p>\n<p><strong>\u00bfUsted Lee la Biblia hermanano?<\/strong><\/p>\n<p><span style=\"color: #63a863;\">[8:00 PM, 9\/17\/2019] Alex (Evang\u00e9lico) <\/span><br>\n<strong>No mi amigo est\u00e1s mal quieres guardar una ley que no fue Dada para ti sino para las tribus de Israel<br>\n<\/strong>Si [leo la Biblia]\n<\/p><p><span style=\"color: #5a7e9e;\">[8:01 PM, 9\/17\/2019] Jos\u00e9 Luis Javier<\/span> <br>\n<strong>\u00bfNo sabe la historia del \u00c9xodo?<\/strong><\/p>\n<p><span style=\"color: #63a863;\">[8:01 PM, 9\/17\/2019] Alex (Evang\u00e9lico)<\/span> <br>\nPor qu\u00e9. Ave pero a\u00fan egicto existe asta el d\u00eda de hoy y los cananeos los filisteos no<\/p>\n<p><span style=\"color: #63a863;\">[8:02 PM, 9\/17\/2019] Alex (Evang\u00e9lico)<\/span><br>\nExplique si por qu\u00e9 no fue Destruida por completo?<\/p>\n<p><span style=\"color: #999999;\"><span style=\"color: #5a7e9e;\">[8:02 PM, 9\/17\/2019] Jos\u00e9 Luis Javier<\/span><br>\n<\/span><span style=\"color: #4d617a;\"><em><span style=\"font-family: courier new, courier, monospace;\"><span style=\"font-size: 10px;\"><sup>5<\/sup><\/span>Mas quiero recordaros, ya que una vez lo hab\u00e9is sabido, que el Se\u00f1or, <span class=\"su-highlight\" style=\"background:#fff621;color:#1b6d96\">&nbsp;habiendo salvado al pueblo sac\u00e1ndolo de Egipto, despu\u00e9s destruy\u00f3 a los que no creyeron&nbsp;<\/span>.<\/span><\/em><\/span><\/p>\n<p><span style=\"color: #63a863;\">[8:02 PM, 9\/17\/2019] Alex (Evang\u00e9lico)<\/span><br>\nSi pero no la ciudad. Y la ciudad de los cananeos y los filisteos s\u00ed verdad ?<\/p>\n<p><span style=\"color: #63a863;\">[8:03 PM, 9\/17\/2019] Alex (Evang\u00e9lico)<\/span> <br>\n<strong>Ves como sacas texto de contexto<\/strong><\/p>\n<p><span style=\"color: #5a7e9e;\"><strong>[EDICI\u00d3N]<\/strong> Jos\u00e9 Luis Javier<\/span><br>\n<span style=\"color: #4d617a;\"><em><span style=\"font-family: courier new, courier, monospace;\"><span style=\"font-size: 10px;\"><sup>3<\/sup><\/span><span class=\"su-highlight\" style=\"background:#fff621;color:#1b6d96\">&nbsp;Y Jehov\u00e1 dio gracia al pueblo en los ojos de los egipcios&nbsp;<\/span>. <strong>Tambi\u00e9n Mois\u00e9s era tenido por gran var\u00f3n en la tierra de Egipto,<\/strong> a los ojos de los siervos de Fara\u00f3n, y a los ojos del pueblo.<\/span><\/em><\/span><\/p>\n<p><span style=\"color: #63a863;\">[8:03 PM, 9\/17\/2019] Alex (Evang\u00e9lico)<\/span> <br>\n<strong>Egicto existe asta el d\u00eda de hoy no me lo vas a negar<\/strong><\/p>\n<p><span style=\"color: #5a7e9e;\">[8:03 PM, 9\/17\/2019] Jos\u00e9 Luis Javier<\/span> <br>\nEn Egipto hab\u00eda gente que tem\u00eda a Dios.<\/p>\n<p><span style=\"color: #63a863;\">[8:04 PM, 9\/17\/2019] Alex (Evang\u00e9lico)<\/span> <br>\nAs\u00ed claro los que salieron en el \u00e9xodo de acuerdo. Pero despu\u00e9s?<\/p>\n<p><span style=\"color: #5a7e9e;\">[8:04 PM, 9\/17\/2019] Jos\u00e9 Luis Javier<\/span> <br>\n<strong>Dios solo destruye a los imp\u00edos.<\/strong> [Dios es justo, no lo olvides]<strong><br>\n<\/strong><\/p>\n<p><span style=\"color: #63a863;\">[8:05 PM, 9\/17\/2019] Alex (Evang\u00e9lico)<\/span><br>\n<strong>Entonces aprob\u00f3 la ley dolatria de los egipcios!<br>\n<\/strong>B\u00e1rbaro<br>\nEso no lo sab\u00eda<\/p>\n<p><span style=\"color: #5a7e9e;\"><strong>[EDICI\u00d3N] <\/strong>Jos\u00e9 Luis Javier<\/span> <br>\nYa lo sabe<\/p>\n<p><em><sup>3<\/sup><span class=\"su-highlight\" style=\"background:#fff621;color:#1b6d96\">&nbsp;Y Jehov\u00e1 dio gracia al pueblo en los ojos de los egipcios&nbsp;<\/span>. <strong>Tambi\u00e9n Mois\u00e9s era tenido por gran var\u00f3n en la tierra de Egipto,<\/strong> a los ojos de los siervos de Fara\u00f3n, y a los ojos del pueblo.<\/em><\/p>\n<p><span style=\"color: #5a7e9e;\">[8:05 PM, 9\/17\/2019] Jos\u00e9 Luis Javier <\/span><br>\n<strong>Dondequiera que hay un fiel hay misericordia.<\/strong><\/p>\n<p><span style=\"color: #63a863;\">[8:05 PM, 9\/17\/2019] Alex (Evang\u00e9lico)<\/span> <br>\nBueno sigamos vemos no pudiste responder.<\/p>\n<p><span style=\"color: #5a7e9e;\">[8:05 PM, 9\/17\/2019] Jos\u00e9 Luis Javier<\/span><br>\n<strong>\u00bfEntiende usted eso?<\/strong><\/p>\n<p><span style=\"color: #63a863;\">[8:05 PM, 9\/17\/2019] Alex (Evang\u00e9lico)<\/span> <br>\nNo no. <strong>No pudiste responder<\/strong><\/p>\n<p><span style=\"color: #5a7e9e;\">[8:06 PM, 9\/17\/2019] Jos\u00e9 Luis Javier<\/span><br>\n<strong>No, sino que no te d\u00ed lo que t\u00fa quieres o\u00edr. Eso es diferente.<\/strong><\/p>\n<p><span style=\"color: #63a863;\">[8:06 PM, 9\/17\/2019] Alex (Evang\u00e9lico)<\/span> <br>\nPor qu\u00e9 no destruy\u00f3 dios a la ciudad de Egipto. Si ellos violaron la ley? Ellos no adoraban a Dios verdadero sino paganos<\/p>\n<p><span style=\"color: #5a7e9e;\"><strong>[EDICI\u00d3N] <\/strong>Jos\u00e9 Luis Javier<\/span> <br>\n\u00bfEres bruto, te haces, o te pagan por serlo? Pero aqu\u00ed estoy para ayudarte.<\/p>\n<p><span style=\"color: #5a7e9e;\">[8:07 PM, 9\/17\/2019] Jos\u00e9 Luis Javier<\/span><br>\n<span style=\"color: #4d617a;\"><em><span style=\"font-family: courier new, courier, monospace;\"><span style=\"font-size: 10px;\"><sub>21<\/sub><\/span><strong>Y Jehov\u00e1 ser\u00e1 conocido de Egipto<\/strong>, <span class=\"su-highlight\" style=\"background:#fff621;color:#1b6d96\">&nbsp;y los de Egipto conocer\u00e1n a Jehov\u00e1 en aquel d\u00eda,&nbsp;<\/span> y har\u00e1n sacrificio y oblaci\u00f3n; y har\u00e1n votos a Jehov\u00e1, y los cumplir\u00e1n.<\/span><\/em><\/span><br>\n<span style=\"color: #4d617a;\"><em><span style=\"font-family: courier new, courier, monospace;\"><span style=\"font-size: 10px;\"><sup>22<\/sup><\/span>Y herir\u00e1 Jehov\u00e1 a Egipto; herir\u00e1 y sanar\u00e1, <span class=\"su-highlight\" style=\"background:#fff621;color:#1b6d96\">&nbsp;y se convertir\u00e1n a Jehov\u00e1,&nbsp;<\/span> y les ser\u00e1 clemente y los sanar\u00e1.<\/span><\/em><\/span><br>\n<span style=\"color: #4d617a;\"><em><span style=\"font-family: courier new, courier, monospace;\"><span id=\"es-RVA-18028\" class=\"text Isa-19-23\"><span style=\"font-size: 10px;\"><sup class=\"versenum\">23<\/sup><\/span>En aquel tiempo habr\u00e1 una calzada de Egipto \u00e1 Asiria, y Asirios entrar\u00e1n en Egipto, y Egipcios en Asiria; y los Egipcios servir\u00e1n con los Asirios \u00e1 Jehov\u00e1.<br>\n<\/span><span id=\"es-RVA-18029\" class=\"text Isa-19-24\"><span style=\"font-size: 10px;\"><sup class=\"versenum\">24<\/sup><\/span>En aquel tiempo, <strong>Israel ser\u00e1 tercero con Egipto<\/strong> y con Asiria; ser\u00e1 bendici\u00f3n en medio de la tierra;<br>\n<\/span><span id=\"es-RVA-18030\" class=\"text Isa-19-25\"><span style=\"font-size: 10px;\"><sup class=\"versenum\">25<\/sup><\/span>Porque Jehov\u00e1 de los ej\u00e9rcitos los bendecir\u00e1, diciendo: <span class=\"su-highlight\" style=\"background:#fff621;color:#1b6d96\">&nbsp;Bendito el pueblo m\u00edo Egipto,&nbsp;<\/span> y el Asirio obra de mis manos, \u00e9 Israel mi heredad. \u2014<\/span>ISA\u00cdAS 19:21-22<\/span><\/em><\/span><\/p>\n<p><span style=\"color: #63a863;\">[8:07 PM, 9\/17\/2019] Alex (Evang\u00e9lico)<\/span><br>\n<strong>bueno ahora veamos si la ley es para los cristianos de acuerdo?<\/strong><\/p>\n<p><span style=\"color: #5a7e9e;\"><strong>[EDICI\u00d3N] <\/strong>Jos\u00e9 Luis Javier<\/span> <br>\n\u00bfY Ccu\u00e1ntas veces tengo que mostrale a este inepto para que su cerebro se desembote?<\/p>\n<p><span style=\"color: #5a7e9e;\">[8:07 PM, 9\/17\/2019] Jos\u00e9 Luis Javier<\/span><br>\n<strong>\u00bfQuiere Dios destruir al hombre, o que el hombre llegu\u00e9 a arrepentimiento?<\/strong><\/p>\n<p><span style=\"color: #75bd75;\">[8:08 PM, 9\/17\/2019] Alex (Evang\u00e9lico)<\/span><br>\nSi claro como dijiste algunos no todos pero en el pasado?<\/p>\n<p><span style=\"color: #5a7e9e;\">[8:08 PM, 9\/17\/2019] Jos\u00e9 Luis Javier<\/span><\/p>\n<div class=\"su-box su-box-style-default\" id style=\"border-color:#c70000;border-radius:3px;max-width:none\"><div class=\"su-box-title\" style=\"background-color:#fa2a12;color:#FFFFFF;border-top-left-radius:1px;border-top-right-radius:1px\">LA LEY Y EL EXTRANJERO<\/div><div class=\"su-box-content su-u-clearfix su-u-trim\" style=\"border-bottom-left-radius:1px;border-bottom-right-radius:1px\"><span style=\"font-size: 10px;\"><sup>49<\/sup><\/span>La misma ley ser\u00e1 para el natural, <span style=\"color: #ff0000;\"><strong>y para el extranjero<\/strong><\/span> que habitare entre vosotros.<\/div><\/div>\n<p><span style=\"color: #4d617a;\"><em><span style=\"font-family: courier new, courier, monospace;\"><sup>7<\/sup> Mas ellos, cual Ad\u00e1n, traspasaron el pacto; all\u00ed prevaricaron contra m\u00ed. \u2014OSEAS 6:7<\/span><\/em><\/span><\/p>\n<p><em><span id=\"es-RVA-18762\" class=\"text Isa-56-8\"><\/span><\/em><\/p><div class=\"su-expand su-expand-collapsed su-expand-link-style-default\" data-height=\"100\"><div class=\"su-expand-content su-u-trim\" style=\"color:#333333;max-height:100px;overflow:hidden\"><div class=\"su-box su-box-style-default\" id style=\"border-color:#0c0c0c;border-radius:3px;max-width:none\"><div class=\"su-box-title\" style=\"background-color:#3f3f3f;color:#FFFFFF;border-top-left-radius:1px;border-top-right-radius:1px\">EL S\u00c1BADO PARA LA HUMANIDAD<\/div><div class=\"su-box-content su-u-clearfix su-u-trim\" style=\"border-bottom-left-radius:1px;border-bottom-right-radius:1px\"><sup><a href=\"https:\/\/www.cristoverdad.com\/wp-content\/uploads\/2018\/10\/GENESIS-3-vs-EXODO-20e.png\" data-rel=\"lightbox-image-1\" data-rl_title data-rl_caption title><noscript><img decoding=\"async\" class=\"wp-image-5189 alignright\" src=\"https:\/\/www.cristoverdad.com\/wp-content\/uploads\/2018\/10\/GENESIS-3-vs-EXODO-20e-300x176.png\" alt=\"G\u00c9NESIS 2:1-3 vs. \u00c9XODO 20:8-11\" width=\"332\" height=\"195\" srcset=\"https:\/\/www.cristoverdad.com\/wp-content\/uploads\/2018\/10\/GENESIS-3-vs-EXODO-20e-300x176.png 300w, https:\/\/www.cristoverdad.com\/wp-content\/uploads\/2018\/10\/GENESIS-3-vs-EXODO-20e-768x450.png 768w, https:\/\/www.cristoverdad.com\/wp-content\/uploads\/2018\/10\/GENESIS-3-vs-EXODO-20e-1024x599.png 1024w, https:\/\/www.cristoverdad.com\/wp-content\/uploads\/2018\/10\/GENESIS-3-vs-EXODO-20e-1080x632.png 1080w, https:\/\/www.cristoverdad.com\/wp-content\/uploads\/2018\/10\/GENESIS-3-vs-EXODO-20e.png 1920w\" sizes=\"(max-width: 332px) 100vw, 332px\"><\/noscript><img decoding=\"async\" class=\"wp-image-5189 alignright lazyload\" src=\"data:image\/svg+xml,%3Csvg%20xmlns%3D%22http%3A%2F%2Fwww.w3.org%2F2000%2Fsvg%22%20viewBox%3D%220%200%20332%20195%22%3E%3C%2Fsvg%3E\" alt=\"G\u00c9NESIS 2:1-3 vs. \u00c9XODO 20:8-11\" width=\"332\" height=\"195\" srcset=\"data:image\/svg+xml,%3Csvg%20xmlns%3D%22http%3A%2F%2Fwww.w3.org%2F2000%2Fsvg%22%20viewBox%3D%220%200%20332%20195%22%3E%3C%2Fsvg%3E 332w\" sizes=\"(max-width: 332px) 100vw, 332px\" data-srcset=\"https:\/\/www.cristoverdad.com\/wp-content\/uploads\/2018\/10\/GENESIS-3-vs-EXODO-20e-300x176.png 300w, https:\/\/www.cristoverdad.com\/wp-content\/uploads\/2018\/10\/GENESIS-3-vs-EXODO-20e-768x450.png 768w, https:\/\/www.cristoverdad.com\/wp-content\/uploads\/2018\/10\/GENESIS-3-vs-EXODO-20e-1024x599.png 1024w, https:\/\/www.cristoverdad.com\/wp-content\/uploads\/2018\/10\/GENESIS-3-vs-EXODO-20e-1080x632.png 1080w, https:\/\/www.cristoverdad.com\/wp-content\/uploads\/2018\/10\/GENESIS-3-vs-EXODO-20e.png 1920w\" data-src=\"https:\/\/www.cristoverdad.com\/wp-content\/uploads\/2018\/10\/GENESIS-3-vs-EXODO-20e-300x176.png\" loading=\"lazy\"><\/a><\/sup><sup>1<\/sup>As\u00ed dijo Jehov\u00e1: <span class=\"su-highlight\" style=\"background:#fff621;color:#1b6d96\">&nbsp;Guardad&nbsp;<\/span> derecho, y haced justicia; porque cercana est\u00e1 mi salvaci\u00f3n para venir, y mi justicia para manifestarse. <br>\n<strong><sup>2<\/sup>Bienaventurado el hombre <\/strong><span id=\"es-RVA-18762\">[NO DICE EL JUD\u00cdO]<\/span><span id=\"es-RVA-18762\"><\/span><em><span id=\"es-RVA-18762\" class=\"text Isa-56-8\"><strong> que hace esto<\/strong>, y el hijo de hombre que lo abraza; <strong>que guarda el d\u00eda de reposo para no profanarlo<\/strong>, y que guarda su mano de hacer todo mal. <br>\n<sup>3<\/sup><span class=\"su-highlight\" style=\"background:#fff621;color:#1b6d96\">&nbsp;Y el <strong>EXTRANJERO<\/strong> que sigue a Jehov\u00e1&nbsp;<\/span><strong> no hable diciendo: Me apartar\u00e1 totalmente Jehov\u00e1 de su pueblo<\/strong>. Ni diga el eunuco: He aqu\u00ed yo soy \u00e1rbol seco. <br>\n<sup>4<\/sup>Porque as\u00ed dijo Jehov\u00e1: A los eunucos <strong>que guarden mis d\u00edas de reposo<\/strong>, y escojan lo que yo quiero, y abracen mi pacto, <br>\n<sup>5<\/sup>yo les dar\u00e9 lugar en mi casa y dentro de mis muros, y nombre mejor que el de hijos e hijas; nombre perpetuo les dar\u00e9, que nunca perecer\u00e1. <br>\n<sup>6<\/sup>Y \u00e1 los hijos de los <span class=\"su-highlight\" style=\"background:#fff621;color:#1b6d96\">&nbsp;<strong>EXTRANJEROS<\/strong>&nbsp;<\/span> que se allegaren \u00e1 Jehov\u00e1 para ministrarle,<strong> y que amaren el nombre de Jehov\u00e1 para ser sus siervos:<\/strong><br>\n<span class=\"su-highlight\" style=\"background:#fff621;color:#1b6d96\">&nbsp;\u00e1 todos los que guardaren el s\u00e1bado de profanarlo, y abrazaren mi pacto,&nbsp;<\/span><sup>7<\/sup><strong>Yo los llevar\u00e9 al monte de mi santidad,<\/strong> y los recrear\u00e9 en mi casa de oraci\u00f3n; sus holocaustos y sus sacrificios ser\u00e1n aceptos sobre mi altar; porque mi casa, casa de oraci\u00f3n ser\u00e1 llamada de todos los pueblos. <br>\n<sup>8<\/sup>D<strong>ice el Se\u00f1or Jehov\u00e1<\/strong>, el que junta los echados de Israel: Aun juntar\u00e9 sobre \u00e9l sus congregados. \u2014ISA\u00cdAS 56:1-8<\/span><\/em><\/div><\/div><\/div><div class=\"su-expand-link su-expand-link-more\" style=\"text-align:left\"><a href=\"javascript:;\" style=\"color:#0088FF;border-color:#0088FF\"><i class=\"sui sui-align-right\" style aria-label><\/i><span style=\"border-color:#0088FF\">expandir<\/span><\/a><\/div><div class=\"su-expand-link su-expand-link-less\" style=\"text-align:left\"><a href=\"javascript:;\" style=\"color:#0088FF;border-color:#0088FF\"><span style=\"border-color:#0088FF\">&lt;&lt; abreviar<\/span><\/a><\/div><\/div>\n<p><span style=\"color: #4d617a;\"><em><span style=\"font-family: courier new, courier, monospace;\"><span style=\"font-size: 10px;\"><sup>14<\/sup><\/span><span class=\"su-highlight\" style=\"background:#fff621;color:#000000\">&nbsp;Y no solamente con vosotros hago yo este pacto&nbsp;<\/span>y este juramento,<\/span><br>\n<span style=\"color: #4d617a;\"><span style=\"font-size: 10px;\"><sup>15<\/sup><\/span>sino con los que est\u00e1n aq<\/span>u\u00ed presentes hoy con nosotros delante de Jehov\u00e1 nuestro Dios, <span class=\"su-highlight\" style=\"background:#fff621;color:#1b6d96\">&nbsp;y con los que no est\u00e1n aqu\u00ed hoy con nosotros.&nbsp;<\/span> \u2014DEUTERONOMIO 29:14-15<\/em><\/span><\/p>\n<p>FIN DE LA PRIMERA PARTE<\/p>\n<span class=\"su-label su-label-type-info\">LEY<\/span><span class=\"su-label su-label-type-info\">DEBATE<\/span><span class=\"su-label su-label-type-info\">ESTUDIO<\/span> PARTE [1] <a class=\"tooltip\" href=\"https:\/\/www.cristoverdad.com\/la-ley-vs-la-ley-enfrentando-el-error-parte-2\" rel=\"noopener noreferrer\">[2]<span class=\"tooltiptext\">LA LEY y LA LEY, Enfrentando La Ineptitud Evang\u00e9lica, Parte 2 [ESTUDIO, CristoVerdad]<\/span><\/a> <a class=\"tooltip\" href=\"https:\/\/www.cristoverdad.com\/la-ley-vs-la-ley-enfrentando-el-error-parte-3\" rel=\"noopener noreferrer\">[3]<span class=\"tooltiptext\">LA LEY y LA LEY, Enfrentando La Ineptitud Evang\u00e9lica, Parte 3 [ESTUDIO, CristoVerdad]<\/span><\/a>\n<p><em>\u2014JOS\u00c9 LUIS JAVIER<\/em><\/p>\n<\/div>\n<div class data-block=\"true\" data-editor=\"lken\" data-offset-key=\"9mvl9-0-0\">\n<div class data-block=\"true\" data-editor=\"lken\" data-offset-key=\"5b5so-0-0\">\n<div class=\"_1mf _1mj\" data-offset-key=\"5b5so-0-0\">\n<div class data-block=\"true\" data-editor=\"lken\" data-offset-key=\"9mvl9-0-0\">\n<div class data-block=\"true\" data-editor=\"lken\" data-offset-key=\"9mvl9-0-0\">\n<div class data-block=\"true\" data-editor=\"lken\" data-offset-key=\"5b5so-0-0\">\n<div class=\"_1mf _1mj\" data-offset-key=\"5b5so-0-0\">\n<div class data-block=\"true\" data-editor=\"lken\" data-offset-key=\"5b5so-0-0\">\n<div class=\"_1mf _1mj\" data-offset-key=\"5b5so-0-0\">\n<p>\u2014\u2014\u2014\u2014\u2014\u2014\u2014\u2014\u2014\u2014\u2014-<br>\n\u00danete a CristoVerdad. Suscr\u00edbete a nuestro nuevo canal de <a class=\"VimeoWhatsApp\" href=\"http:\/\/www.vimeo.com\/cristoverdad\" target=\"_blank\" rel=\"noopener noreferrer\">Vimeo <em><span class=\"VimeoWhatsAppText\">Suscr\u00edbete a Nuestro Canal de Vimeo<\/span><\/em><\/a>. Comparte esta invitaci\u00f3n, y se parte de nuestro grupo de <a class=\"VimeoWhatsApp\" href=\"https:\/\/www.cristoverdad.com\/whatsapp\/\" target=\"_blank\" rel=\"noopener noreferrer\">WhatsApp <em><span class=\"VimeoWhatsAppText\">Suscr\u00edbete a Nuestro Grupo de WhatsApp<\/span><\/em><\/a>. Al suscribirte, no olvides dejarnos tu nombre. Prohibidas las obscenidades. Comparte y se parte de la bendici\u00f3n.<br>\n\u2014\u2014\u2014\u2014\u2014\u2014\u2014\u2014\u2014\u2014\u2014-<\/p>\n<p><em>Y conocer\u00e9is la verdad\u2026<\/em><br>\n<em><strong>\u2014CristoVerdad<\/strong><\/em> <a href=\"https:\/\/www.cristoverdad.com\" target=\"_blank\" rel=\"noopener noreferrer\"><em>https:\/\/www.cristoverdad.com<\/em><\/a><\/p>\n<p class=\"postNOTA\">NOTA: N\u00fameros entre corchetes azules <span style=\"color: #2eadf5;\">[ ]<\/span> enlazan a Material Suplementario.<br>\nLas fotos\u2014si las hay, tambi\u00e9n expanden el contenido: videos, noticias, enlaces, etc.<\/p>\n<p>FUENTES Y ENLACES<\/p>\n<p class=\"postLINKS\"><a class=\"cites\" href=\"https:\/\/www.cristoverdad.com\/los-judios-la-ley-y-tu\/\" target=\"_blank\" rel=\"noopener noreferrer\">[1] La Ley,Los Jud\u00edos &amp; T\u00fa [ESTUDIO, CristoVerdad]<\/a><\/p>\n<p class=\"postLINKS\"><a class=\"cites\" href=\"https:\/\/www.cristoverdad.com\/jesus-pablo-y-la-ley\/\" target=\"_blank\" rel=\"noopener noreferrer\">[2] Jes\u00fas \u201cvs.\u201d Pablo y La Ley: Lo Que Pas\u00f3 en La Cruz<\/a><\/p>\n<p class=\"postLINKS\"><a class=\"cites\" href=\"https:\/\/www.cristoverdad.com\/el-catecismo-del-santo-concilio-de-trento\/\" target=\"_blank\" rel=\"noopener noreferrer\">[3] El Catecismo del Santo Concilio de Trento \u2014 Iglesia Cat\u00f3lica Admite Cambio del D\u00eda de Reposo [DOCUMENTO, CristoVerdad]<\/a><\/p>\n<p class=\"postLINKS\"><a class=\"cites\" href=\"http:\/\/www.vatican.va\/archive\/catechism_sp\/p3s2c1a3_sp.html\" target=\"_blank\" rel=\"noopener noreferrer\">[4] El d\u00eda de la Resurrecci\u00f3n: la Nueva Creaci\u00f3n [ENLACE, El Vaticano]<\/a><\/p>\n<p class=\"postLINKS\"><a class=\"cites\" href=\"https:\/\/www.cristoverdad.com\/jesus-nuestro-reposo\/\" target=\"_blank\" rel=\"noopener noreferrer\">[5] Jes\u00fas, \u201cNuestro Reposo\u201d \u2014 Hebreos 4 y El Gran Error de Los Evang\u00e9licos [ESTUDIO, CristoVerdad]<\/a><\/p>\n<p class=\"postLINKS\"><a class=\"cites\" href=\"http:\/\/biblelight.net\/keenan.htm\" target=\"_blank\" rel=\"noopener noreferrer\">[6] Iglesia Cat\u00f3lica y Su Poder Para Cambiar la Ley \u2014Catecismo Doctrinal, Rev. Stephen Keenan, (1851), [ENLACE, Bible Light<\/a><\/p>\n<p class=\"postLINKS\"><a class=\"cites\" href=\"http:\/\/mb-soft.com\/believe\/tsn\/augsburg.htm\" target=\"_blank\" rel=\"noopener noreferrer\">[7] Grandioso Poder de La Iglesia cat\u00f3lica Para Cambiar El S\u00e1bado, Confesi\u00f3n de Augsbur, Art. 28 [ENLACE, Believe][<\/a><\/p>\n<p class=\"postLINKS\"><a class=\"cites\" href=\"https:\/\/www.cristoverdad.com\/juan-los-discipulos-y-el-dia-del-senor\/\" target=\"_blank\" rel=\"noopener noreferrer\">[8] Juan, Los Disc\u00edpulos y El D\u00eda del Se\u00f1or [ESTUDIO, CristoVerdad]<\/a><\/p>\n<p class=\"postLINKS\"><a class=\"LEGAL\" href=\"https:\/\/www.cristoverdad.com\/legal-fair-use-uso-justo\/\" target=\"_blank\" rel=\"noopener noreferrer\">[L] Secci\u00f3n Legal, \u201cCopyright disclaimer\u201d sobre derechos de autor y uso justo [ENLACE, CristoVerdad]<\/a><\/p>\n<p>MATERIAL EXTRA<\/p>\n<p class=\"postLINKS\"><a class=\"cites\" href=\"https:\/\/www.youtube.com\/watch?v=0A7rXiPS08U\" target=\"_blank\" rel=\"noopener noreferrer\">[9] Francisco Bergoglio, La Muerte de Jes\u00fas \"Acab\u00f3 Un Fracaso\".<\/a><\/p>\n<p class=\"postLINKS\"><a class=\"cites\" href=\"https:\/\/vimeo.com\/276997991\" target=\"_blank\" rel=\"noopener noreferrer\">[10] LA TIERRA Se Estremese, \u00bfY Cristo D\u00f3nde Est\u00e1? \u2014Manipulando El Tiempo Para \"Cambiar Los Tiempo y La Ley\" <\/a><\/p>\n<p class=\"postLINKS\"><a class=\"cites\" href=\"https:\/\/www.cristoverdad.com\/docs\/microchip.pdf\" target=\"_blank\" rel=\"noopener noreferrer\">[11] La Marca de La Bestia No Es El Microchip<\/a><\/p>\n<p class=\"postLINKS\"><a class=\"cites\" href=\"https:\/\/www.cristoverdad.com\/docs\/real.pdf\" target=\"_blank\" rel=\"noopener noreferrer\">[12] S\u00e1bado vs. Domingo \u2014 Real Academia de La Lengua Espa\u00f1ola<\/a><\/p>\n<p class=\"postLINKS\"><a class=\"cites\" href=\"https:\/\/www.cristoverdad.com\/docs\/diez.pdf\" target=\"_blank\" rel=\"noopener noreferrer\">[13] domingo, El D\u00eda del Se\u00f1or, Catecismo de La Iglesia Cat\u00f3lica \u2014 Adorando al dios Sol<\/a><\/p>\n<p class=\"postLINKS\"><a class=\"cites\" href=\"https:\/\/vimeo.com\/274019813\" target=\"_blank\" rel=\"noopener noreferrer\">[14] El S\u00e1bado y La L\u00f3gica: El D\u00eda del Se\u00f1or y El \u00c1rbol de La Ciencia<\/a><\/p>\n<p>Si alguno de estos enlaces no funciona o est\u00e1 err\u00f3neo, por favor d\u00e9jenos saber para corregirlo. Si desea escribirnos, h\u00e1galo usando el formulario m\u00e1s abajo; su comentario ser\u00e1 publicado. Si desea escribirnos en privado, h\u00e1galo atrav\u00e9s de la secci\u00f3n de informaci\u00f3n, y seleccione contacto. \u00a1Muchas gracias!<\/p>\n<p><span style=\"color: #333333;\">\u00a1Que Dios le bendiga!<\/span><\/p>\n<\/div>\n<\/div>\n<\/div>\n<\/div>\n<\/div>\n<\/div>\n<\/div>\n<\/div>\n<\/div>\n","protected":false},"excerpt":{"rendered":"<p>3Y \"el hijo del EXTRANJERO, allegado \u00e1 Jehov\u00e1, no hable diciendo: Apartar\u00e1me totalmente Jehov\u00e1 de su pueblo. Ni diga el eunuco: He aqu\u00ed yo soy \u00e1rbol seco. \u2014ISA\u00cdAS 56:3<\/p>","protected":false},"author":259,"featured_media":14156,"comment_status":"open","ping_status":"open","sticky":false,"template":"","format":"standard","meta":{"_et_pb_use_builder":"","_et_pb_old_content":"","_et_gb_content_width":"","footnotes":""},"categories":[26,69],"tags":[679,1088,234,1090,119,118,1077,168,551,1078,1071,1082,1080,1084,1076,1085,1089,1087,401,1083,1075,1086,727,1081,95,1074,102,312,1079],"class_list":["post-14248","post","type-post","status-publish","format-standard","has-post-thumbnail","hentry","category-estudios-biblicos","category-sabado","tag-abolicion-de-la-ley","tag-cuarto-mandamiento-ley","tag-daniel-725","tag-debate","tag-dia-de-reposo","tag-domingo","tag-evangelicos","tag-exodo-20","tag-falso-dia-de-adoracion","tag-iglesia-evangelicas","tag-isarel","tag-jesucristo-y-la-ley","tag-las-dos-leyes","tag-lay-espiritual","tag-ley-clavada-en-la-cruz","tag-ley-del-pecado","tag-ley-espiritual","tag-libro-del-mormon","tag-los-diez-mandamientos","tag-los-tiempos-y-la-ley","tag-maldicion-de-la-ley","tag-mormones","tag-pablo","tag-pablo-y-la-ley","tag-santa-biblia","tag-santa-ley-de-dios","tag-testigos-de-jehova","tag-tiempo-del-fin","tag-verdad-vs-error"],"_links":{"self":[{"href":"https:\/\/www.cristoverdad.com\/am\/wp-json\/wp\/v2\/posts\/14248","targetHints":{"allow":["GET"]}}],"collection":[{"href":"https:\/\/www.cristoverdad.com\/am\/wp-json\/wp\/v2\/posts"}],"about":[{"href":"https:\/\/www.cristoverdad.com\/am\/wp-json\/wp\/v2\/types\/post"}],"author":[{"embeddable":true,"href":"https:\/\/www.cristoverdad.com\/am\/wp-json\/wp\/v2\/users\/259"}],"replies":[{"embeddable":true,"href":"https:\/\/www.cristoverdad.com\/am\/wp-json\/wp\/v2\/comments?post=14248"}],"version-history":[{"count":0,"href":"https:\/\/www.cristoverdad.com\/am\/wp-json\/wp\/v2\/posts\/14248\/revisions"}],"wp:featuredmedia":[{"embeddable":true,"href":"https:\/\/www.cristoverdad.com\/am\/wp-json\/wp\/v2\/media\/14156"}],"wp:attachment":[{"href":"https:\/\/www.cristoverdad.com\/am\/wp-json\/wp\/v2\/media?parent=14248"}],"wp:term":[{"taxonomy":"category","embeddable":true,"href":"https:\/\/www.cristoverdad.com\/am\/wp-json\/wp\/v2\/categories?post=14248"},{"taxonomy":"post_tag","embeddable":true,"href":"https:\/\/www.cristoverdad.com\/am\/wp-json\/wp\/v2\/tags?post=14248"}],"curies":[{"name":"wp","href":"https:\/\/api.w.org\/{rel}","templated":true}]}}